{"id":337200,"date":"2026-08-30T14:14:19","date_gmt":"2026-08-30T14:14:19","guid":{"rendered":"https:\/\/www.europesays.com\/fi\/337200\/"},"modified":"2026-08-30T14:14:19","modified_gmt":"2026-08-30T14:14:19","slug":"turussa-seikkaillut-hirvi-on-kuollut","status":"publish","type":"post","link":"https:\/\/www.europesays.com\/fi\/337200\/","title":{"rendered":"Turussa seikkaillut hirvi on kuollut"},"content":{"rendered":"<p>Lounais-Suomen poliisi vahvisti saaneensa teht\u00e4v\u00e4n Kupittaan aseman alueelle pudonneesta hirvest\u00e4.<\/p>\n<p><a href=\"https:\/\/www.iltalehti.fi\/kirjoittajat\/Sofia H\u00e4nninen\" rel=\"nofollow noopener\" target=\"_blank\"><img decoding=\"async\" class=\"author-image-img\" alt=\"Tekij\u00e4n kuva\" src=\"https:\/\/www.europesays.com\/fi\/wp-content\/uploads\/2026\/08\/9b84bb3e67b61cb19b6f49f09abaf11eb10b3b3143bb37815ce5b2d34277af9d.png\"\/><\/a><a href=\"https:\/\/www.iltalehti.fi\/kirjoittajat\/Tea Rissanen\" rel=\"nofollow noopener\" target=\"_blank\"><img decoding=\"async\" class=\"author-image-img\" alt=\"Tekij\u00e4n kuva\" src=\"https:\/\/www.europesays.com\/fi\/wp-content\/uploads\/2026\/08\/1788099256_898_512e05051774d92f33dfa680f8888deeef46ad856eef8dcb198f8a71585887f2.png\"\/><\/a><\/p>\n<p>T\u00e4n\u00e4\u00e4n klo 14:47 (p\u00e4ivitetty klo 16:34)<\/p>\n<p class=\"paragraph\">Turun Kupittaalla n\u00e4htiin surullinen tapahtumasarja, kun junanraiteille tippunut hirvi jouduttiin lopettamaan. Kaupunkialueelle eksynyt uroshirvi loukkaantui pahasti, kun se putosi kaiteiden yli alas junaraiteille.<\/p>\n<p class=\"paragraph\">Lounais-Suomen poliisin tilannekeskuksesta kerrotaan Iltalehdelle, ett\u00e4 hirvi lopetettiin sunnuntaina iltap\u00e4iv\u00e4ll\u00e4 samalla paikalla, johon se putosi.<\/p>\n<p class=\"paragraph\">\u2013 Siell\u00e4 odotetaan nyt tai ehk\u00e4 ollaan parhaillaan sit\u00e4 siirt\u00e4m\u00e4ss\u00e4 sielt\u00e4 pois riistamiesten toimesta, Lounais-Suomen poliisin johtokeskuksesta kerrotaan.<\/p>\n<p class=\"paragraph\">\u2013 Se on selke\u00e4\u00e4, ett\u00e4 kun el\u00e4in loukkaantuu eik\u00e4 p\u00e4\u00e4se sielt\u00e4 itse liikkeelle, niin poliisi tai riistamiehet lopettavat sen riippuen siit\u00e4, kumpi on ensin paikalla.<\/p>\n<p>Putosi kaiteilta radalle<\/p>\n<p class=\"paragraph\">Tilanteen todisti l\u00e4hiet\u00e4isyydelt\u00e4 autossa ollut <strong>Andrei<\/strong>, joka oli tytt\u00f6yst\u00e4v\u00e4ns\u00e4 kanssa matkalla Rustaa kohti.<\/p>\n<p class=\"paragraph\">\u2013 Oltiin liikennevaloissa ja huomattiin, ett\u00e4 joku iso el\u00e4in juoksee. Kyseess\u00e4 oli mielest\u00e4ni uroshirvi, Andrei kertoo.<\/p>\n<p class=\"paragraph\">Tilanne sai kuitenkin ik\u00e4v\u00e4n k\u00e4\u00e4nteen, kun hirvi tippui kaiteilta alas radalle.<\/p>\n<p class=\"paragraph\">Pudotuksen j\u00e4lkeen hirvi j\u00e4i makaamaan raiteille.<\/p>\n<p class=\"paragraph\">\u2013 K\u00e4ytiin katsomassa, oliko kaikki hyvin. Siell\u00e4 h\u00e4n makasi, mut ei sitten ollut tarkempaa tietoa h\u00e4nen kunnostaan, Andrei kertoo<\/p>\n<p><img decoding=\"async\" class=\"image image-show image-preview\" src=\"https:\/\/www.europesays.com\/fi\/wp-content\/uploads\/2026\/08\/44afc8cb252504a045907addb0794ec50701faea5c7d99fa64096f38b76965d2.png\" alt=\"\"\/><img decoding=\"async\" class=\"image image-show\" src=\"https:\/\/www.europesays.com\/fi\/wp-content\/uploads\/2026\/08\/1788099259_984_44afc8cb252504a045907addb0794ec50701faea5c7d99fa64096f38b76965d2.png\" alt=\"\"\/><\/p>\n<p>Hirvi putosi raiteille. Lukijan kuva<\/p>\n<p class=\"paragraph\">Paikalle oli kokoontunut my\u00f6s muita ihmisi\u00e4 katsomaan alas radalle. Hirvi makasi paikoillaan eik\u00e4 yritt\u00e4nyt nousta yl\u00f6s, mink\u00e4 vuoksi silminn\u00e4kij\u00e4t veikkasivat el\u00e4imen jalan murtuneen pudotuksessa. Lounais-Suomen poliisi vahvisti saaneensa teht\u00e4v\u00e4n Kupittaan aseman alueelle pudonneesta hirvest\u00e4. Poliisin mukaan el\u00e4in oli loukannut koipensa pudotuksessa. Paikalle h\u00e4lytettiin suurriistavirka-apuyhdyshenkil\u00f6.<\/p>\n<p class=\"paragraph\">\u2013 Aika paljon h\u00e4mm\u00e4steltiin, ett\u00e4 miten se oli t\u00e4nne p\u00e4\u00e4ssyt eksym\u00e4\u00e4n. Aika ihmeellinen kokemus, Andrei kertoo.<\/p>\n<p class=\"paragraph\">Junaliikenteelle tapahtuma ei aiheuttanut suurta h\u00e4iri\u00f6t\u00e4. Ohi kulkevat junat ohjattiin ajamaan viereist\u00e4 raidetta pitkin, ja poliisin mukaan tilanne hoitui paikan p\u00e4\u00e4ll\u00e4 melko nopeasti.<\/p>\n","protected":false},"excerpt":{"rendered":"Lounais-Suomen poliisi vahvisti saaneensa teht\u00e4v\u00e4n Kupittaan aseman alueelle pudonneesta hirvest\u00e4. T\u00e4n\u00e4\u00e4n klo 14:47 (p\u00e4ivitetty klo 16:34) Turun Kupittaalla&hellip;\n","protected":false},"author":2,"featured_media":337201,"comment_status":"","ping_status":"","sticky":false,"template":"","format":"standard","meta":{"footnotes":"","_share_on_mastodon":"0"},"categories":[5],"tags":[35,22,23,26,27,33,31,30,17,24,25,121,951,28,29,15,18,21,122,950,32,822,19,20,16],"class_list":["post-337200","post","type-post","status-publish","format-standard","has-post-thumbnail","category-otsikot","tag-24h","tag-breaking-news","tag-breakingnews","tag-featured-news","tag-featurednews","tag-fi","tag-finland","tag-finnish","tag-headlines","tag-latest-news","tag-latestnews","tag-liikenne-ja-kuljetus","tag-maaliikenne-putkijohtokuljetus","tag-main-news","tag-mainnews","tag-news","tag-otsikot","tag-paauutiset","tag-pelastaminen","tag-raskas-liikenne","tag-suomi","tag-teollisuustuotteet-ja-palvelut-sektori","tag-top-stories","tag-topstories","tag-uutiset"],"share_on_mastodon":{"url":"https:\/\/pubeurope.com\/@fi\/117184880779930892","error":""},"_links":{"self":[{"href":"https:\/\/www.europesays.com\/fi\/wp-json\/wp\/v2\/posts\/337200","targetHints":{"allow":["GET"]}}],"collection":[{"href":"https:\/\/www.europesays.com\/fi\/wp-json\/wp\/v2\/posts"}],"about":[{"href":"https:\/\/www.europesays.com\/fi\/wp-json\/wp\/v2\/types\/post"}],"author":[{"embeddable":true,"href":"https:\/\/www.europesays.com\/fi\/wp-json\/wp\/v2\/users\/2"}],"replies":[{"embeddable":true,"href":"https:\/\/www.europesays.com\/fi\/wp-json\/wp\/v2\/comments?post=337200"}],"version-history":[{"count":0,"href":"https:\/\/www.europesays.com\/fi\/wp-json\/wp\/v2\/posts\/337200\/revisions"}],"wp:featuredmedia":[{"embeddable":true,"href":"https:\/\/www.europesays.com\/fi\/wp-json\/wp\/v2\/media\/337201"}],"wp:attachment":[{"href":"https:\/\/www.europesays.com\/fi\/wp-json\/wp\/v2\/media?parent=337200"}],"wp:term":[{"taxonomy":"category","embeddable":true,"href":"https:\/\/www.europesays.com\/fi\/wp-json\/wp\/v2\/categories?post=337200"},{"taxonomy":"post_tag","embeddable":true,"href":"https:\/\/www.europesays.com\/fi\/wp-json\/wp\/v2\/tags?post=337200"}],"curies":[{"name":"wp","href":"https:\/\/api.w.org\/{rel}","templated":true}]}}