{"id":337212,"date":"2026-08-30T14:39:14","date_gmt":"2026-08-30T14:39:14","guid":{"rendered":"https:\/\/www.europesays.com\/fi\/337212\/"},"modified":"2026-08-30T14:39:14","modified_gmt":"2026-08-30T14:39:14","slug":"poliisikoira-joutui-toihin-tampereella-epailty-kavi-virkavallan-kimppuun","status":"publish","type":"post","link":"https:\/\/www.europesays.com\/fi\/337212\/","title":{"rendered":"Poliisikoira joutui t\u00f6ihin Tampereella \u2013 Ep\u00e4ilty k\u00e4vi virkavallan kimppuun"},"content":{"rendered":"<p>Poliisi otti henkil\u00f6n kiinni ep\u00e4iltyn\u00e4 virkamiehen v\u00e4kivaltaisesta vastustamisesta.<\/p>\n<p><img decoding=\"async\" class=\"image image-show image-preview\" src=\"https:\/\/www.europesays.com\/fi\/wp-content\/uploads\/2026\/08\/1dec2ac1bef0b65419ae345bea2b0651156c8793216f6d6c16f719619cb490c4.jpg\" alt=\"\"\/><img decoding=\"async\" class=\"image image-show\" src=\"https:\/\/www.europesays.com\/fi\/wp-content\/uploads\/2026\/08\/1788100754_224_1dec2ac1bef0b65419ae345bea2b0651156c8793216f6d6c16f719619cb490c4.jpg\" alt=\"\"\/><\/p>\n<p>Kiinniotettua henkil\u00f6\u00e4 ep\u00e4ill\u00e4\u00e4n virkamiehen v\u00e4kivaltaisesta vastustamisesta. Kuvituskuva. Inka Soveri<\/p>\n<p class=\"paragraph\">Sis\u00e4-Suomen<strong> <\/strong>poliisin p\u00e4ivyst\u00e4v\u00e4 tutkinnanjohtaja, rikoskomisario <strong>Heikki J\u00e4rnstr\u00f6m<\/strong> kertoo, ett\u00e4 Tampereen keskustassa <a href=\"https:\/\/www.iltalehti.fi\/kotimaa\/c229b1a3-eb22-4363-ac1a-47dbeb098571\" rel=\"nofollow noopener\" target=\"_blank\">lauantaina tapahtunut<\/a> usean poliisipartion teht\u00e4v\u00e4 liittyi v\u00e4kivaltaan.<\/p>\n<p class=\"paragraph\">J\u00e4rnstr\u00f6m<strong> <\/strong>kertoo, ett\u00e4 yksityisasunnossa ollut ep\u00e4ilty kohdisti v\u00e4kivaltaa lopulta my\u00f6s poliisiin. Ep\u00e4ilty ei noudattanut poliisin ohjeita tai m\u00e4\u00e4r\u00e4yksi\u00e4. Virkavalta joutui lopulta turvautumaan tilanteessa poliisikoiraan, jonka avulla se sai taltutettua v\u00e4kivaltaisen henkil\u00f6n.<\/p>\n<p class=\"paragraph\">\u2013 Siin\u00e4 on toki ensin neuvoteltu, keskusteltu ja k\u00e4skytetty, ja pyritty etenem\u00e4\u00e4n tietysti mahdollisimman lievin keinoin ja konstein.<\/p>\n<p class=\"paragraph\">Poliisi otti henkil\u00f6n kiinni, ja h\u00e4nt\u00e4 ep\u00e4ill\u00e4\u00e4n virkamiehen v\u00e4kivaltaisesta vastustamisesta.<\/p>\n<p class=\"paragraph\">J\u00e4rnstr\u00f6m ei kommentoi sit\u00e4, mitk\u00e4 tapahtumat teht\u00e4v\u00e4\u00e4n tarkalleen johtivat.<\/p>\n<p class=\"paragraph\">H\u00e4t\u00e4keskukseen tilanteesta ilmoitti toinen asunnossa ollut henkil\u00f6, joka oli kuitenkin poistunut poliisin saapuessa paikalle. J\u00e4rnstr\u00f6min mukaan ei kuitenkaan ole tiedossa, ett\u00e4 v\u00e4kivallan uhka olisi kohdistunut ulkopuolisiin henkil\u00f6ihin.<\/p>\n<p class=\"paragraph\">J\u00e4rnstr\u00f6mill\u00e4 ei ole toistaiseksi varmaa tietoa siit\u00e4, oliko ep\u00e4illyll\u00e4 hallussaan jonkinlaista asetta.<\/p>\n<p class=\"paragraph\">\u2013 Toki voidaan varmaan kommentoida, ett\u00e4 oletuksen mukaan h\u00e4nell\u00e4 on ollut jonkinlainen astalo.<\/p>\n","protected":false},"excerpt":{"rendered":"Poliisi otti henkil\u00f6n kiinni ep\u00e4iltyn\u00e4 virkamiehen v\u00e4kivaltaisesta vastustamisesta. Kiinniotettua henkil\u00f6\u00e4 ep\u00e4ill\u00e4\u00e4n virkamiehen v\u00e4kivaltaisesta vastustamisesta. Kuvituskuva. Inka Soveri Sis\u00e4-Suomen&hellip;\n","protected":false},"author":2,"featured_media":337213,"comment_status":"","ping_status":"","sticky":false,"template":"","format":"standard","meta":{"footnotes":"","_share_on_mastodon":"0"},"categories":[12],"tags":[35,22,23,26,27,33,31,30,17,55,53,24,25,28,29,15,18,21,122,54,52,32,19,20,16],"class_list":["post-337212","post","type-post","status-publish","format-standard","has-post-thumbnail","category-suomi","tag-24h","tag-breaking-news","tag-breakingnews","tag-featured-news","tag-featurednews","tag-fi","tag-finland","tag-finnish","tag-headlines","tag-lainvalvonta","tag-laki-oikeus-ja-rikos","tag-latest-news","tag-latestnews","tag-main-news","tag-mainnews","tag-news","tag-otsikot","tag-paauutiset","tag-pelastaminen","tag-pelastuspalvelut","tag-poliisi","tag-suomi","tag-top-stories","tag-topstories","tag-uutiset"],"share_on_mastodon":{"url":"https:\/\/pubeurope.com\/@fi\/117184978716367320","error":""},"_links":{"self":[{"href":"https:\/\/www.europesays.com\/fi\/wp-json\/wp\/v2\/posts\/337212","targetHints":{"allow":["GET"]}}],"collection":[{"href":"https:\/\/www.europesays.com\/fi\/wp-json\/wp\/v2\/posts"}],"about":[{"href":"https:\/\/www.europesays.com\/fi\/wp-json\/wp\/v2\/types\/post"}],"author":[{"embeddable":true,"href":"https:\/\/www.europesays.com\/fi\/wp-json\/wp\/v2\/users\/2"}],"replies":[{"embeddable":true,"href":"https:\/\/www.europesays.com\/fi\/wp-json\/wp\/v2\/comments?post=337212"}],"version-history":[{"count":0,"href":"https:\/\/www.europesays.com\/fi\/wp-json\/wp\/v2\/posts\/337212\/revisions"}],"wp:featuredmedia":[{"embeddable":true,"href":"https:\/\/www.europesays.com\/fi\/wp-json\/wp\/v2\/media\/337213"}],"wp:attachment":[{"href":"https:\/\/www.europesays.com\/fi\/wp-json\/wp\/v2\/media?parent=337212"}],"wp:term":[{"taxonomy":"category","embeddable":true,"href":"https:\/\/www.europesays.com\/fi\/wp-json\/wp\/v2\/categories?post=337212"},{"taxonomy":"post_tag","embeddable":true,"href":"https:\/\/www.europesays.com\/fi\/wp-json\/wp\/v2\/tags?post=337212"}],"curies":[{"name":"wp","href":"https:\/\/api.w.org\/{rel}","templated":true}]}}