{"id":337214,"date":"2026-08-30T14:40:15","date_gmt":"2026-08-30T14:40:15","guid":{"rendered":"https:\/\/www.europesays.com\/fi\/337214\/"},"modified":"2026-08-30T14:40:15","modified_gmt":"2026-08-30T14:40:15","slug":"stockmannin-verkkokaupassa-virheellinen-tekoalykuva-inhimillisista-syista-virheet-eivat-aina-jaa-kiinni-talous","status":"publish","type":"post","link":"https:\/\/www.europesays.com\/fi\/337214\/","title":{"rendered":"Stockmannin verkkokaupassa virheellinen teko\u00e4lykuva: \u201dInhimillisist\u00e4 syist\u00e4 virheet eiv\u00e4t aina j\u00e4\u00e4 kiinni\u201d | Talous"},"content":{"rendered":"<p class=\"aw__sc-1qwuw0s-0 aw__sc-1vg2sqm-0 epAWpq ecELkD yle__article__paragraph\">Stockmann poisti virheellisen teko\u00e4lykuvan verkko\u00adkaupastaan Ylen yhteydenoton j\u00e4lkeen.<\/p>\n<p><img decoding=\"async\" alt=\"Kuvassa on teko\u00e4lyll\u00e4 tehty kuva henkil\u00f6st\u00e4 pukeutuneena punaiseen neuleeseen. Vieress\u00e4 on valokuva samasta neuleesta.\" src=\"https:\/\/www.europesays.com\/fi\/wp-content\/uploads\/2026\/08\/1787938966.jpeg\" class=\"aw__sc-dklauk-0 LPzKX\"\/><\/p>\n<p>Avaa kuvien katselu<\/p>\n<p>Stockmann poisti virheellisen teko\u00e4lykuvan verkkokaupastaan Ylen yhteydenoton j\u00e4lkeen. Kuva: Stockmannin verkkosivut, kuvanmuokkaus: Aurora Ferm \/ Yle<\/p>\n<ul class=\"aw__sc-1yb43iq-0 gFXHv yle__article__list yle__article__list--ul\">\n<li class=\"aw__sc-1yb43iq-1 gVAzbt\">Stockmann on k\u00e4ytt\u00e4nyt virheellisi\u00e4 teko\u00e4lykuvia verkkokaupassa. Neuleen kuvassa oli ylim\u00e4\u00e4r\u00e4inen neulos.<\/li>\n<li class=\"aw__sc-1yb43iq-1 gVAzbt\">Stockmannin johtaja Anna Airisto my\u00f6nt\u00e4\u00e4 virheen. Kuva poistettiin Ylen yhteydenoton j\u00e4lkeen.<\/li>\n<li class=\"aw__sc-1yb43iq-1 gVAzbt\">EU:n teko\u00e4lyvelvoitteet tulivat voimaan elokuussa. Teko\u00e4lysis\u00e4lt\u00f6 tulee merkit\u00e4, rikkomisesta seuraa sakko.<\/li>\n<li class=\"aw__sc-1yb43iq-1 gVAzbt\">Stockmann kertoo k\u00e4ytt\u00e4v\u00e4ns\u00e4 teko\u00e4lykuvia rajatusti ja korjaa virheet.<\/li>\n<\/ul>\n<p class=\"aw__sc-1qwuw0s-0 aw__sc-ngllmo-0 epAWpq fzYpjk yle__article__paragraph\">Tavarataloketju Stockmann k\u00e4ytt\u00e4\u00e4 verkkokaupassaan myynniss\u00e4 olevista tuotteista kuvia, joiden kohdalla moni saattaa hieraista silmi\u00e4\u00e4n.<\/p>\n<p class=\"aw__sc-1qwuw0s-0 aw__sc-ngllmo-0 epAWpq fzYpjk yle__article__paragraph\">Stockmann kauppaa esimerkiksi neuletta, jonka tuotekuvaan on ilmestynyt ylim\u00e4\u00e4r\u00e4inen neulos p\u00e4\u00e4nseudun ymp\u00e4rille. Saman neuleen toisessa v\u00e4riss\u00e4 ompeleen tiheys puolestaan n\u00e4ytt\u00e4\u00e4 aivan erilt\u00e4 kuin todellisissa tuotekuvissa.<\/p>\n<p class=\"aw__sc-1qwuw0s-0 aw__sc-ngllmo-0 epAWpq fzYpjk yle__article__paragraph\">Kuvan alareunaan on lis\u00e4tty leima: AI Generated \u2013 teko\u00e4lyn luoma.<\/p>\n<p class=\"aw__sc-1qwuw0s-0 aw__sc-ngllmo-0 epAWpq fzYpjk yle__article__paragraph\">Stockmann my\u00f6nt\u00e4\u00e4, ett\u00e4 kuva on virheellinen.<\/p>\n<p class=\"aw__sc-1qwuw0s-0 aw__sc-ngllmo-0 epAWpq fzYpjk yle__article__paragraph\">\u2013 Inhimillisist\u00e4 syist\u00e4 kaikki virheet eiv\u00e4t kuitenkaan aina j\u00e4\u00e4 haaviimme, kuten t\u00e4m\u00e4 esimerkki osoittaa, Stockmannin br\u00e4ndimarkkinoinnin johtaja <strong class=\"aw__sc-ngllmo-2 gdRrun yle__article__strong\">Anna Airisto<\/strong> sanoo.<\/p>\n<p class=\"aw__sc-1qwuw0s-0 aw__sc-ngllmo-0 epAWpq fzYpjk yle__article__paragraph\">Airiston mukaan kaikki kuvat, joissa Stockmann on itse hy\u00f6dynt\u00e4nyt teko\u00e4ly\u00e4, k\u00e4yv\u00e4t ihmissilmien alla arvioitavana.<\/p>\n<p class=\"aw__sc-1qwuw0s-0 aw__sc-ngllmo-0 epAWpq fzYpjk yle__article__paragraph\">\u2013 Siin\u00e4 kohtaa virheet yleens\u00e4 aina j\u00e4\u00e4v\u00e4t kiinni.<\/p>\n<p>Tavaratalo p\u00e4\u00e4tyi poistamaan virheellisen kuvan<img decoding=\"async\" alt=\"Kuvassa on teko\u00e4lyll\u00e4 tehty kuva henkil\u00f6st\u00e4 pukeutuneena violettiin neuleeseen. Vieress\u00e4 on valokuva ihmisest\u00e4 pukeutuneena samaan neuleeseen.\" src=\"https:\/\/www.europesays.com\/fi\/wp-content\/uploads\/2026\/08\/1788100814_629_1787938966.jpeg\" loading=\"lazy\" class=\"aw__sc-dklauk-0 LPzKX\"\/><\/p>\n<p>Avaa kuvien katselu<\/p>\n<p>Vasemmanpuoleinen teko\u00e4lykuva on edelleen esill\u00e4 Stockmannin verkkokaupassa. Kuva: Stockmannin verkkosivut, kuvanmuokkaus: Aurora Ferm \/ Yle<\/p>\n<p class=\"aw__sc-1qwuw0s-0 aw__sc-ngllmo-0 epAWpq fzYpjk yle__article__paragraph\">Stockmann poisti virheellisen teko\u00e4lykuvan verkkokaupastaan Ylen yhteydenoton j\u00e4lkeen. Virheellist\u00e4 teko\u00e4lykuvaa k\u00e4ytettiin tanskalaisen vaatemerkki Mos Moshin noin 120 euroa maksavan neuleen <a class=\"aw__sc-ngllmo-1 bTDnwX yle__article__link\" href=\"https:\/\/www.stockmann.com\/mos-mosh-mmthora-v-neck--neule\/2034155640-2.html\" role=\"link\" rel=\"nofollow noopener\" target=\"_blank\">tuotesivulla<\/a>.<\/p>\n<p class=\"aw__sc-1qwuw0s-0 aw__sc-ngllmo-0 epAWpq fzYpjk yle__article__paragraph\">Airisto kertoo Stockmannin korjaavansa virheet, kun ne havaitaan.<\/p>\n<p class=\"aw__sc-1qwuw0s-0 aw__sc-ngllmo-0 epAWpq fzYpjk yle__article__paragraph\">\u2013 Verkkokaupassa tavoitteemme on tarjota asiakkaalle mahdollisimman totuudenmukainen kuva tuotteesta ostop\u00e4\u00e4t\u00f6ksen tueksi.<\/p>\n<p class=\"aw__sc-1qwuw0s-0 aw__sc-ngllmo-0 epAWpq fzYpjk yle__article__paragraph\">Asiakaspalautetta aiheesta tulee Airiston mukaan harvoin.<\/p>\n<p>AI-kuvat t\u00e4ydent\u00e4v\u00e4t tuotekuvia<\/p>\n<p class=\"aw__sc-1qwuw0s-0 aw__sc-ngllmo-0 epAWpq fzYpjk yle__article__paragraph\">Stockmann kertoo k\u00e4ytt\u00e4v\u00e4ns\u00e4 teko\u00e4ly\u00e4 hy\u00f6dynt\u00e4vi\u00e4 kuvia t\u00e4ll\u00e4 hetkell\u00e4 vain rajatusti osassa verkkokaupan valikoimaa.<\/p>\n<p class=\"aw__sc-1qwuw0s-0 aw__sc-ngllmo-0 epAWpq fzYpjk yle__article__paragraph\">K\u00e4ytt\u00f6 ei kohdistu tiettyihin br\u00e4ndeihin vaan niihin tuotteisiin, joissa teko\u00e4lyll\u00e4 tuotettu tai rikastettu kuvamateriaali voi t\u00e4ydent\u00e4\u00e4 olemassa olevia tuotekuvia, Airisto kertoo s\u00e4hk\u00f6postitse.<\/p>\n<p class=\"aw__sc-1qwuw0s-0 aw__sc-ngllmo-0 epAWpq fzYpjk yle__article__paragraph\">EU:n teko\u00e4lyyn liittyv\u00e4t avoimuusvelvoitteet tulivat voimaat elokuun alussa.<\/p>\n<p class=\"aw__sc-1qwuw0s-0 aw__sc-ngllmo-0 epAWpq fzYpjk yle__article__paragraph\">Teko\u00e4lyll\u00e4 tehty sis\u00e4lt\u00f6 tulee merkit\u00e4 esimerkiksi vesileimoilla. Jos esimerkiksi kuvan on luonut teko\u00e4ly, sen t\u00e4ytyy tulla selv\u00e4sti ilmi.<\/p>\n<p class=\"aw__sc-1qwuw0s-0 aw__sc-ngllmo-0 epAWpq fzYpjk yle__article__paragraph\">Yhti\u00f6it\u00e4 uhkaa suuri sakko, jos ne eiv\u00e4t seuraa vaatimuksia.<\/p>\n<p class=\"aw__sc-1qwuw0s-0 aw__sc-ngllmo-0 epAWpq fzYpjk yle__article__paragraph\"><strong class=\"aw__sc-ngllmo-2 gdRrun yle__article__strong\">Alta n\u00e4et, milt\u00e4 neuleet todellisuudessa n\u00e4ytt\u00e4v\u00e4t Helsingin keskustan tavaratalossa.<\/strong><\/p>\n<p><img decoding=\"async\" alt=\"Mos Mosh,Violetti neulepa roikkuu vaatetangolla Stockman myym\u00e4l\u00e4ss\u00e4.\" src=\"https:\/\/www.europesays.com\/fi\/wp-content\/uploads\/2026\/08\/1787929126.jpeg\" class=\"aw__sc-dklauk-0 LPzKX\"\/><\/p>\n<p>Avaa kuvien katselu<\/p>\n<p><img decoding=\"async\" alt=\"Mos Mosh, harmaa neulepa roikkuu vaatetangolla Stockman myym\u00e4l\u00e4ss\u00e4.\" src=\"https:\/\/www.europesays.com\/fi\/wp-content\/uploads\/2026\/08\/1787929134.jpeg\" class=\"aw__sc-dklauk-0 LPzKX\"\/><\/p>\n<p>Avaa kuvien katselu<\/p>\n","protected":false},"excerpt":{"rendered":"Stockmann poisti virheellisen teko\u00e4lykuvan verkko\u00adkaupastaan Ylen yhteydenoton j\u00e4lkeen. Avaa kuvien katselu Stockmann poisti virheellisen teko\u00e4lykuvan verkkokaupastaan Ylen yhteydenoton&hellip;\n","protected":false},"author":2,"featured_media":337215,"comment_status":"","ping_status":"","sticky":false,"template":"","format":"standard","meta":{"footnotes":"","_share_on_mastodon":"0"},"categories":[5],"tags":[22,23,26,27,33,31,30,17,71,24,25,28,29,2868,15,18,21,4367,32,78,92,433,19,20,16,1356],"class_list":["post-337214","post","type-post","status-publish","format-standard","has-post-thumbnail","category-otsikot","tag-breaking-news","tag-breakingnews","tag-featured-news","tag-featurednews","tag-fi","tag-finland","tag-finnish","tag-headlines","tag-kotimaa","tag-latest-news","tag-latestnews","tag-main-news","tag-mainnews","tag-markkinointi","tag-news","tag-otsikot","tag-paauutiset","tag-stockmann","tag-suomi","tag-talous","tag-teknologia","tag-tekoaly","tag-top-stories","tag-topstories","tag-uutiset","tag-yritykset"],"share_on_mastodon":{"url":"https:\/\/pubeurope.com\/@fi\/117184982269452301","error":""},"_links":{"self":[{"href":"https:\/\/www.europesays.com\/fi\/wp-json\/wp\/v2\/posts\/337214","targetHints":{"allow":["GET"]}}],"collection":[{"href":"https:\/\/www.europesays.com\/fi\/wp-json\/wp\/v2\/posts"}],"about":[{"href":"https:\/\/www.europesays.com\/fi\/wp-json\/wp\/v2\/types\/post"}],"author":[{"embeddable":true,"href":"https:\/\/www.europesays.com\/fi\/wp-json\/wp\/v2\/users\/2"}],"replies":[{"embeddable":true,"href":"https:\/\/www.europesays.com\/fi\/wp-json\/wp\/v2\/comments?post=337214"}],"version-history":[{"count":0,"href":"https:\/\/www.europesays.com\/fi\/wp-json\/wp\/v2\/posts\/337214\/revisions"}],"wp:featuredmedia":[{"embeddable":true,"href":"https:\/\/www.europesays.com\/fi\/wp-json\/wp\/v2\/media\/337215"}],"wp:attachment":[{"href":"https:\/\/www.europesays.com\/fi\/wp-json\/wp\/v2\/media?parent=337214"}],"wp:term":[{"taxonomy":"category","embeddable":true,"href":"https:\/\/www.europesays.com\/fi\/wp-json\/wp\/v2\/categories?post=337214"},{"taxonomy":"post_tag","embeddable":true,"href":"https:\/\/www.europesays.com\/fi\/wp-json\/wp\/v2\/tags?post=337214"}],"curies":[{"name":"wp","href":"https:\/\/api.w.org\/{rel}","templated":true}]}}