{"id":337226,"date":"2026-08-30T15:05:16","date_gmt":"2026-08-30T15:05:16","guid":{"rendered":"https:\/\/www.europesays.com\/fi\/337226\/"},"modified":"2026-08-30T15:05:16","modified_gmt":"2026-08-30T15:05:16","slug":"hatakeskus-sai-karmean-puhelun-ma-kuolen-kohta-vaikeroi-15-vuotias-poika-taustalla","status":"publish","type":"post","link":"https:\/\/www.europesays.com\/fi\/337226\/","title":{"rendered":"H\u00e4t\u00e4keskus sai karmean puhelun: \u201dM\u00e4 kuolen kohta\u201d, vaikeroi 15-vuotias poika taustalla"},"content":{"rendered":"<p>Syytt\u00e4j\u00e4 vaatii kahdelle miehelle tuomiota tapon yrityksest\u00e4.<\/p>\n<p><img decoding=\"async\" class=\"image image-show image-preview\" src=\"https:\/\/www.europesays.com\/fi\/wp-content\/uploads\/2026\/08\/59e3e5c3fe4406338d9978d6065a5e4a035878ee605679f79ec5a5da25880cbc.jpg\" alt=\"\"\/><img decoding=\"async\" class=\"image image-show\" src=\"https:\/\/www.europesays.com\/fi\/wp-content\/uploads\/2026\/08\/1788102316_619_59e3e5c3fe4406338d9978d6065a5e4a035878ee605679f79ec5a5da25880cbc.jpg\" alt=\"\"\/><\/p>\n<p>Poliisi on merkannut punaisella keilalla paikan, jossa puukotus tapahtui. Poliisin esitutkintamateriaali<\/p>\n<p class=\"paragraph\">15-vuotiaan pojan ep\u00e4toivo ja pelko kuuluivat puhelun taustalla, kun h\u00e4nen yst\u00e4v\u00e4ns\u00e4 soitti h\u00e4t\u00e4keskukseen joulukuussa 2025, ilmenee poliisin esitutkintap\u00f6yt\u00e4kirjasta.<\/p>\n<p class=\"paragraph\">\u2013 M\u00e4 kuolen, m\u00e4 kuolen kohta, poika vaikeroi.<\/p>\n<p class=\"paragraph\">Yst\u00e4v\u00e4 ilmoitti h\u00e4t\u00e4keskukseen hieman ennen kello yhdeks\u00e4\u00e4 maanantai-iltana 8. joulukuuta, ett\u00e4 h\u00e4nen kaveriaan on puukotettu. Ilmoittaja pyysi kiireellist\u00e4 apua Kuhalan koulun pihalle.<\/p>\n<p class=\"paragraph\">\u2013 M\u00e4 en jaksa, puukotetun pojan \u00e4\u00e4ni kuului taustalta.<\/p>\n<p class=\"paragraph\">Paikalle mennyt poliisipartio l\u00f6ysi koulun pihalta nuorten ryhm\u00e4n. Yksi nuorista makasi maassa vatsallaan selk\u00e4 veress\u00e4. Yksi h\u00e4nen kavereistaan oli auttamassa puukotettua painamalla h\u00e4nen haavojaan.<\/p>\n<p class=\"paragraph\">Poikaa oli puukotettu kolmesti. H\u00e4nell\u00e4 oli hengenvaarallisia vammoja. H\u00e4n selvisi hengiss\u00e4, koska p\u00e4\u00e4si nopeasti sairaalahoitoon.<\/p>\n<p>N\u00e4in tilanne k\u00e4rjistyi<\/p>\n<p>Poliisi l\u00f6ysi toisen ep\u00e4illyn asunnon ikkunan alta kaksi hupparia, joissa oli ep\u00e4ilty\u00e4 verta. Esitutkintap\u00f6yt\u00e4kirjasta ei ilmene, miksi hupparit olivat pihalla. Poliisin esitutkintamateriaali<\/p>\n<p class=\"paragraph\">Tapahtumat saivat alkunsa Forssan Citymarketin ja Lidlin tienoolla, kun kaksi seuruetta kohtasivat.<\/p>\n<p class=\"paragraph\">Tilanteessa oli ollut molemminpuolista provosointia, nimittely\u00e4 ja huutelua.<\/p>\n<p class=\"paragraph\">Tilanne k\u00e4rjistyi my\u00f6hemmin illalla hieman ennen iltayhdeks\u00e4\u00e4, kun joukot kohtasivat toisensa uudelleen Kuhalan koulun l\u00e4heisyydess\u00e4.<\/p>\n<p class=\"paragraph\">Poliisin mukaan suomalaisseurueen nuoret miehet olivat hakeneet k\u00e4tt\u00e4 pidemp\u00e4\u00e4. Yhdell\u00e4 ep\u00e4illyist\u00e4 oli mukanaan metalliputki ja kahdella muulla ter\u00e4aseet.<\/p>\n<p>Uhrin takissa oli veitsell\u00e4 aiheutettuja reiki\u00e4. Poliisin esitutkintamateriaali<\/p>\n<p class=\"paragraph\">Sanaharkka muuttui nopeasti tappeluksi. Esitutkinnan mukaan 18-vuotias ep\u00e4ilty l\u00f6i 15-vuotiasta nuorta metalliputkella, mink\u00e4 j\u00e4lkeen kaksikko p\u00e4\u00e4tyi maahan painimaan.<\/p>\n<p class=\"paragraph\">Syytt\u00e4j\u00e4n mukaan 18-vuotias piti uhrista kiinni, kun tilanteeseen takaap\u00e4in tullut 21-vuotias mies iski uhria veitsell\u00e4 selk\u00e4\u00e4n.<\/p>\n<p class=\"paragraph\">Uhri onnistui riist\u00e4ytym\u00e4\u00e4n irti ja pakeni yst\u00e4viens\u00e4 kanssa l\u00e4heisen Kuhalan koulun pihalle.<\/p>\n<p>Kiist\u00e4\u00e4 tappotarkoituksen<\/p>\n<p>Poliisi kysyi puukottajalta keitti\u00f6kaapista l\u00f6ytyneest\u00e4 veitsest\u00e4. Miehen mukaan se ei liittynyt puukotukseen, vaan sill\u00e4 oli leikattu aiemmin p\u00e4iv\u00e4ll\u00e4 pizzaa. Varsinaista tekov\u00e4linett\u00e4 ei l\u00f6ytynyt. Poliisin esitutkintamateriaali<\/p>\n<p class=\"paragraph\">Syytt\u00e4j\u00e4 vaatii miehille nelj\u00e4n vuoden vankeusrangaistusta tuomiota tapon yrityksest\u00e4. Toissijaisesti syytt\u00e4j\u00e4 vaatii 21-vuotiaalle puukottajalle rangaistusta t\u00f6rke\u00e4st\u00e4 pahoinpitelyst\u00e4 ja toiselle miehelle avunannosta tapon yritykseen tai t\u00f6rke\u00e4\u00e4n pahoinpitelyyn.<\/p>\n<p class=\"paragraph\">21-vuotias on my\u00f6nt\u00e4nyt puukottaneensa uhria, mutta kiist\u00e4\u00e4 tappotarkoituksen. 18-vuotias kiist\u00e4\u00e4 kaiken. Heid\u00e4n seurassaan ollutta kolmatta miest\u00e4 ei syytet\u00e4 rikoksista.<\/p>\n<p class=\"paragraph\">Syytetyt vetoavat h\u00e4t\u00e4varjeluun ja v\u00e4itt\u00e4v\u00e4t ulkomaalaistaustaisten nuorten hy\u00f6k\u00e4nneen ensin heid\u00e4n kimppuunsa aurauskepill\u00e4.<\/p>\n<p class=\"paragraph\">Uhri puolestaan on kertonut suomalaisten hy\u00f6k\u00e4nneen yll\u00e4tt\u00e4en aseistautuneina.<\/p>\n<p class=\"paragraph\">Kanta-H\u00e4meen k\u00e4r\u00e4j\u00e4oikeus antaa tuomionsa asiassa my\u00f6hemmin.<\/p>\n<p>Puukottaja sai kahakassa sormeensa haavan, jota paikattiin vessapaperilla ja ilmastointiteipill\u00e4. Poliisin esitutkintamateriaali<\/p>\n","protected":false},"excerpt":{"rendered":"Syytt\u00e4j\u00e4 vaatii kahdelle miehelle tuomiota tapon yrityksest\u00e4. Poliisi on merkannut punaisella keilalla paikan, jossa puukotus tapahtui. Poliisin esitutkintamateriaali&hellip;\n","protected":false},"author":2,"featured_media":337227,"comment_status":"","ping_status":"","sticky":false,"template":"","format":"standard","meta":{"footnotes":"","_share_on_mastodon":"0"},"categories":[12],"tags":[35,22,23,26,27,33,31,30,17,53,24,25,28,29,15,18,21,52,38,32,19,20,16,40,37],"class_list":["post-337226","post","type-post","status-publish","format-standard","has-post-thumbnail","category-suomi","tag-24h","tag-breaking-news","tag-breakingnews","tag-featured-news","tag-featurednews","tag-fi","tag-finland","tag-finnish","tag-headlines","tag-laki-oikeus-ja-rikos","tag-latest-news","tag-latestnews","tag-main-news","tag-mainnews","tag-news","tag-otsikot","tag-paauutiset","tag-poliisi","tag-rikos","tag-suomi","tag-top-stories","tag-topstories","tag-uutiset","tag-vakivalta","tag-vakivaltarikokset"],"share_on_mastodon":{"url":"https:\/\/pubeurope.com\/@fi\/117185081195947734","error":""},"_links":{"self":[{"href":"https:\/\/www.europesays.com\/fi\/wp-json\/wp\/v2\/posts\/337226","targetHints":{"allow":["GET"]}}],"collection":[{"href":"https:\/\/www.europesays.com\/fi\/wp-json\/wp\/v2\/posts"}],"about":[{"href":"https:\/\/www.europesays.com\/fi\/wp-json\/wp\/v2\/types\/post"}],"author":[{"embeddable":true,"href":"https:\/\/www.europesays.com\/fi\/wp-json\/wp\/v2\/users\/2"}],"replies":[{"embeddable":true,"href":"https:\/\/www.europesays.com\/fi\/wp-json\/wp\/v2\/comments?post=337226"}],"version-history":[{"count":0,"href":"https:\/\/www.europesays.com\/fi\/wp-json\/wp\/v2\/posts\/337226\/revisions"}],"wp:featuredmedia":[{"embeddable":true,"href":"https:\/\/www.europesays.com\/fi\/wp-json\/wp\/v2\/media\/337227"}],"wp:attachment":[{"href":"https:\/\/www.europesays.com\/fi\/wp-json\/wp\/v2\/media?parent=337226"}],"wp:term":[{"taxonomy":"category","embeddable":true,"href":"https:\/\/www.europesays.com\/fi\/wp-json\/wp\/v2\/categories?post=337226"},{"taxonomy":"post_tag","embeddable":true,"href":"https:\/\/www.europesays.com\/fi\/wp-json\/wp\/v2\/tags?post=337226"}],"curies":[{"name":"wp","href":"https:\/\/api.w.org\/{rel}","templated":true}]}}