{"id":337232,"date":"2026-08-30T15:11:12","date_gmt":"2026-08-30T15:11:12","guid":{"rendered":"https:\/\/www.europesays.com\/fi\/337232\/"},"modified":"2026-08-30T15:11:12","modified_gmt":"2026-08-30T15:11:12","slug":"suomeen-suunnitellaan-uudenlaisia-datakeskusalueita-kainuulaiskunta-valmis-joustamaan-jopa-omista-saannoistaan-kainuu","status":"publish","type":"post","link":"https:\/\/www.europesays.com\/fi\/337232\/","title":{"rendered":"Suomeen suunnitellaan uudenlaisia datakeskusalueita \u2013 kainuulaiskunta valmis joustamaan jopa omista s\u00e4\u00e4nn\u00f6ist\u00e4\u00e4n | Kainuu"},"content":{"rendered":"<p class=\"aw__sc-1qwuw0s-0 aw__sc-1vg2sqm-0 epAWpq ecELkD yle__article__paragraph\">Kunnan omien s\u00e4\u00e4nt\u00f6jen mukaan tuulivoimalaa ei voi rakentaa alle kahden kilometrin p\u00e4\u00e4h\u00e4n asutuksesta. Nyt rajoituksista ollaan valmiita joustamaan.<\/p>\n<p>Energiapuisto tulisi Hyrynsalmen Housuvaaran alueelle Seitenj\u00e4rven l\u00e4heisyyteen. Video: Timo Sihvonen \/ Yle<\/p>\n<ul class=\"aw__sc-1yb43iq-0 gFXHv yle__article__list yle__article__list--ul\">\n<li class=\"aw__sc-1yb43iq-1 gVAzbt\">Suomeen suunnitellaan energiapuistoja, joissa datakeskus ja uusiutuvan energian tuotanto ovat samalla alueella. N\u00e4in vastataan datakeskusten kasvavaan s\u00e4hk\u00f6tarpeeseen.<\/li>\n<li class=\"aw__sc-1yb43iq-1 gVAzbt\">Puistoja suunnitellaan Hyrynsalmelle, Lapinlahdelle, Karstulaan ja Lahteen.<\/li>\n<li class=\"aw__sc-1yb43iq-1 gVAzbt\">Hyrynsalmella voimalat tulisivat 1,5 kilometrin p\u00e4\u00e4h\u00e4n asutuksesta. Kunnan ohje edellytt\u00e4\u00e4 kahden kilometrin et\u00e4isyytt\u00e4.<\/li>\n<\/ul>\n<p class=\"aw__sc-1qwuw0s-0 aw__sc-ngllmo-0 epAWpq fzYpjk yle__article__paragraph\">Suomeen suunnitellaan nyt energiapuistoja, jotka toisivat s\u00e4hk\u00f6ntuotannon ja -kulutuksen samalle alueelle. Hankkeilla pyrit\u00e4\u00e4n vastaamaan datakeskusten aiheuttamaan s\u00e4hk\u00f6nkulutuksen lis\u00e4\u00e4ntymiseen.<\/p>\n<p class=\"aw__sc-1qwuw0s-0 aw__sc-ngllmo-0 epAWpq fzYpjk yle__article__paragraph\">Energiapuistoihin tulisi uusiutuvan energian s\u00e4hk\u00f6ntuotantoa ja niist\u00e4 saatavaa s\u00e4hk\u00f6\u00e4 kuluttava datakeskus.<\/p>\n<p class=\"aw__sc-1qwuw0s-0 aw__sc-ngllmo-0 epAWpq fzYpjk yle__article__paragraph\">T\u00e4ll\u00e4 hetkell\u00e4 energiapuistoja suunnitellaan muun muassa Hyrynsalmelle, <a class=\"aw__sc-ngllmo-1 bTDnwX yle__article__link\" href=\"https:\/\/yle.fi\/a\/74-20240688\" role=\"link\" rel=\"nofollow noopener\" target=\"_blank\">Lapinlahdelle<\/a>, <a class=\"aw__sc-ngllmo-1 bTDnwX yle__article__link\" href=\"https:\/\/yle.fi\/a\/74-20240276\" role=\"link\" rel=\"nofollow noopener\" target=\"_blank\">Karstulaan<\/a> ja <a class=\"aw__sc-ngllmo-1 bTDnwX yle__article__link\" href=\"https:\/\/yle.fi\/a\/74-20242956\" role=\"link\" rel=\"nofollow noopener\" target=\"_blank\">Lahteen<\/a>.<\/p>\n<p class=\"aw__sc-1qwuw0s-0 aw__sc-ngllmo-0 epAWpq fzYpjk yle__article__paragraph\">Esimerkiksi Hyrynsalmelle suunniteltuun energiapuiston tulisi datakeskuksen lis\u00e4ksi yhdeks\u00e4n tuulivoimalaa, aurinkovoimala, akkuvarasto ja teollisuusalue.<\/p>\n<p>T\u00e4llainen Hyrynsalmen energiapuistosta tulisi:<\/p>\n<p class=\"aw__sc-1qwuw0s-0 aw__sc-ngllmo-0 epAWpq fzYpjk yle__article__paragraph\"><strong class=\"aw__sc-ngllmo-2 gdRrun yle__article__strong\">Tuulivoimalat:<\/strong><\/p>\n<ul class=\"aw__sc-1yb43iq-0 gFXHv yle__article__list yle__article__list--ul\">\n<li class=\"aw__sc-1yb43iq-1 gVAzbt\">Enint\u00e4\u00e4n yhdeks\u00e4n noin 7,2 megawatin tuulivoimalaa. Koko tuulivoimapuiston nimellisteho olisi noin 65 megawattia.<\/li>\n<li class=\"aw__sc-1yb43iq-1 gVAzbt\">Tuulivoimapuiston kokonaiskorkeus enint\u00e4\u00e4n 300 m.<\/li>\n<li class=\"aw__sc-1yb43iq-1 gVAzbt\">Tuulivoimapuiston tuottama s\u00e4hk\u00f6 kattaisi vuosittain noin 9 000 s\u00e4hk\u00f6l\u00e4mmitteisen omakotitalon energiantarpeen.<\/li>\n<\/ul>\n<p class=\"aw__sc-1qwuw0s-0 aw__sc-ngllmo-0 epAWpq fzYpjk yle__article__paragraph\"><strong class=\"aw__sc-ngllmo-2 gdRrun yle__article__strong\">Datakeskus:<\/strong> noin 100\u2013200 MW<\/p>\n<p class=\"aw__sc-1qwuw0s-0 aw__sc-ngllmo-0 epAWpq fzYpjk yle__article__paragraph\"><strong class=\"aw__sc-ngllmo-2 gdRrun yle__article__strong\">Aurinkovoimala:<\/strong> noin 45 MW<\/p>\n<p class=\"aw__sc-1qwuw0s-0 aw__sc-ngllmo-0 epAWpq fzYpjk yle__article__paragraph\"><strong class=\"aw__sc-ngllmo-2 gdRrun yle__article__strong\">Akkuvarasto:<\/strong> noin 70 MW<\/p>\n<p class=\"aw__sc-1qwuw0s-0 aw__sc-ngllmo-0 epAWpq fzYpjk yle__article__paragraph\"><strong class=\"aw__sc-ngllmo-2 gdRrun yle__article__strong\">Teollisuusalue<\/strong><\/p>\n<p class=\"aw__sc-1qwuw0s-0 aw__sc-ngllmo-0 epAWpq fzYpjk yle__article__paragraph\">Suunnitelmien toteutuminen vaatii kuntaa venym\u00e4\u00e4n sen itse asettamista s\u00e4\u00e4nn\u00f6ist\u00e4, mutta se ei vaikuta olevan este.<\/p>\n<p class=\"aw__sc-1qwuw0s-0 aw__sc-ngllmo-0 epAWpq fzYpjk yle__article__paragraph\">Kunnan ohjeistuksen mukaan tuulivoimalan pit\u00e4\u00e4 olla v\u00e4hint\u00e4\u00e4n kahden kilometrin et\u00e4isyydell\u00e4 asutuksesta.<\/p>\n<p class=\"aw__sc-1qwuw0s-0 aw__sc-ngllmo-0 epAWpq fzYpjk yle__article__paragraph\">T\u00e4m\u00e4nhetkisess\u00e4 kaavassa et\u00e4isyysvaatimus ei kuitenkaan t\u00e4yty. T\u00e4ll\u00e4 hetkell\u00e4 l\u00e4himm\u00e4t tuulivoimalat tulisivat noin 1,5 kilometrin p\u00e4\u00e4h\u00e4n asutuksesta.<\/p>\n<p class=\"aw__sc-1qwuw0s-0 aw__sc-ngllmo-0 epAWpq fzYpjk yle__article__paragraph\">\u2013 Hyrynsalmella on tuulivoimaohjelma, joka on strateginen ja oikeusvaikutukseton kaava, jossa t\u00e4m\u00e4 kahden kilometrin et\u00e4isyysvaatimus on, sanoo Hyrynsalmen kunnanvaltuuston puheenjohtaja <strong class=\"aw__sc-ngllmo-2 gdRrun yle__article__strong\">Esa Kemppainen<\/strong> (kesk.).<\/p>\n<p class=\"aw__sc-1qwuw0s-0 aw__sc-ngllmo-0 epAWpq fzYpjk yle__article__paragraph\">Oikeusvaikutuksettomalla kaavalla tarkoitetaan kaavaa, jonka sis\u00e4lt\u00f6 on l\u00e4hinn\u00e4 ohjaava.<\/p>\n<p><img decoding=\"async\" alt=\"Mies seisoo hiekkarannalla j\u00e4rven rannalla, taustalla vett\u00e4 ja pilvinen taivas, edustalla koivunoksia.\" src=\"https:\/\/www.europesays.com\/fi\/wp-content\/uploads\/2026\/08\/1787664480.jpeg\" loading=\"lazy\" class=\"aw__sc-dklauk-0 LPzKX\"\/><\/p>\n<p>Avaa kuvien katselu<\/p>\n<p>Hyrynsalmella py\u00f6rii jo ennest\u00e4\u00e4n 33 tuulivoimalaa. \u201dKunnan taloushan nojaa t\u00e4ll\u00e4 hetkell\u00e4 hyvin pitk\u00e4lle tuulivoimasta saatavaan kiinteist\u00f6verotuottoon\u201d, kunnanvaltuuston puheenjohtaja Esa Kemppainen sanoo. Kuva: Timo Valtteri Sihvonen \/ YleEi haave vaan suunnitelma<\/p>\n<p class=\"aw__sc-1qwuw0s-0 aw__sc-ngllmo-0 epAWpq fzYpjk yle__article__paragraph\">Et\u00e4isyysongelmista ja aiempien tuulivoimahankkeiden lykk\u00e4\u00e4ntymisest\u00e4 huolimatta my\u00f6s hankeyhti\u00f6 uskoo hankkeen toteutumismahdollisuuksiin.<\/p>\n<p class=\"aw__sc-1qwuw0s-0 aw__sc-ngllmo-0 epAWpq fzYpjk yle__article__paragraph\">Uusiutuvan energian ja akkuvaraston suunnittelemisesta ja rakentamisesta vastaa sijoitusyhti\u00f6 United Bankersin hankeyhti\u00f6 Mets\u00e4-Juntulan Energiapuisto.<\/p>\n<p class=\"aw__sc-1qwuw0s-0 aw__sc-ngllmo-0 epAWpq fzYpjk yle__article__paragraph\">Hyrynsalmen kunta on hyv\u00e4ksynyt kaava-aloitteen, ja alueella on jo tehty ymp\u00e4rist\u00f6selvityksi\u00e4. Energiapuiston rakentaminen on tarkoitus aloittaa vuonna 2028.<\/p>\n<p class=\"aw__sc-1qwuw0s-0 aw__sc-ngllmo-0 epAWpq fzYpjk yle__article__paragraph\">\u2013 Sanoisin, ett\u00e4 ehdottomasti t\u00e4m\u00e4 on suunnitelma eik\u00e4 haave, sanoo United Bankersin vanhempi neuvonantaja <strong class=\"aw__sc-ngllmo-2 gdRrun yle__article__strong\">Heikki Kauppinen.<\/strong><\/p>\n<p class=\"aw__sc-1qwuw0s-0 aw__sc-ngllmo-0 epAWpq fzYpjk yle__article__paragraph\">Kauppisen mukaan et\u00e4isyydelle ei ole tiettyj\u00e4 kilometris\u00e4\u00e4nt\u00f6j\u00e4, vaan et\u00e4isyytt\u00e4 harkitaan maisema- ja meluvaikutuksien perusteella, jotka huomioidaan suunnittelussa<\/p>\n<p class=\"aw__sc-1qwuw0s-0 aw__sc-ngllmo-0 epAWpq fzYpjk yle__article__paragraph\">\u2013 Sen pohjalta kunnan p\u00e4\u00e4tt\u00e4j\u00e4t tekev\u00e4t p\u00e4\u00e4t\u00f6ksi\u00e4 siit\u00e4, hyv\u00e4ksyt\u00e4\u00e4nk\u00f6 meid\u00e4n hankettamme vai ei.<\/p>\n<p><img decoding=\"async\" alt=\"Ilmakuva vesivoimalaitoksesta joen ja j\u00e4rven rannalla, ymp\u00e4rill\u00e4 mets\u00e4\u00e4 ja s\u00e4hk\u00f6aseman rakenteita.\" src=\"https:\/\/www.europesays.com\/fi\/wp-content\/uploads\/2026\/08\/1787664491.jpeg\" loading=\"lazy\" class=\"aw__sc-dklauk-0 LPzKX\"\/><\/p>\n<p>Avaa kuvien katselu<\/p>\n<p>Energiapuiston kaava-alueen l\u00e4heisyydess\u00e4 sijaitsee my\u00f6s muun muassa vesivoimalaitos ja s\u00e4hk\u00f6linja. Energiapuistolle kaavoitettu alue on vesivoimalan vasemmalla puolella.  Kuva: Timo Valtteri Sihvonen \/ Yle<\/p>\n<p class=\"aw__sc-1qwuw0s-0 aw__sc-ngllmo-0 epAWpq fzYpjk yle__article__paragraph\">Alueella on sek\u00e4 valtion, kunnan ett\u00e4 yksityisten maita. Hankeyhti\u00f6 pyrkii tekem\u00e4\u00e4n alueesta vuokrasopimuksia maanomistajien kanssa.<\/p>\n<p class=\"aw__sc-1qwuw0s-0 aw__sc-ngllmo-0 epAWpq fzYpjk yle__article__paragraph\">Kauppisen mukaan my\u00f6s keskustelut alueelle tulevasta datakeskusoperaattorista ovat jo k\u00e4ynniss\u00e4.<\/p>\n<p class=\"aw__sc-1qwuw0s-0 aw__sc-ngllmo-0 epAWpq fzYpjk yle__article__paragraph\">Rakennusty\u00f6t on tarkoitus aloittaa datakeskuksesta, koska sen kaavoitus- ja selvitysprosessi on nopeampi kuin tuulivoimahankkeissa. Datakeskus ei vaadi esimerkiksi yht\u00e4 tarkkoja ymp\u00e4rist\u00f6selvityksi\u00e4 kuin tuulivoima.<\/p>\n<p class=\"aw__sc-1qwuw0s-0 aw__sc-ngllmo-0 epAWpq fzYpjk yle__article__paragraph\">\u2013 Datakeskuksen osalta voidaan p\u00e4\u00e4st\u00e4 rakentamaan jo 18:n, ehk\u00e4 24 kuukauden kuluessa.<\/p>\n<p class=\"aw__sc-1qwuw0s-0 aw__sc-ngllmo-0 epAWpq fzYpjk yle__article__paragraph\">Datakeskus on tarkoitus liitt\u00e4\u00e4 osaksi valtakunnallista s\u00e4hk\u00f6j\u00e4rjestelm\u00e4\u00e4. Mets\u00e4-Juntulan energiapuistoon suunniteltu s\u00e4hk\u00f6ntuotanto kattaisi osan sen s\u00e4hk\u00f6ntarpeesta.<\/p>\n<p><img decoding=\"async\" alt=\"Ilmakuva mets\u00e4isest\u00e4 maisemasta, jonka halki kulkee suora maantie ja sivummalla kapea junarata.\" src=\"https:\/\/www.europesays.com\/fi\/wp-content\/uploads\/2026\/08\/1787664465.jpeg\" loading=\"lazy\" class=\"aw__sc-dklauk-0 LPzKX\"\/><\/p>\n<p>Avaa kuvien katselu<\/p>\n<p>Kaava-aluetta halkoo Paltamon Kontiom\u00e4est\u00e4 Suomussalmen Pesi\u00f6kyl\u00e4lle kulkeva junarata.  Kuva: Timo Valtteri Sihvonen \/ YleHyrynsalmella halutaan korjata my\u00f6s tuulivoimaloiden siipi\u00e4<\/p>\n<p class=\"aw__sc-1qwuw0s-0 aw__sc-ngllmo-0 epAWpq fzYpjk yle__article__paragraph\">Hyrynsalmen kunta hyv\u00e4ksyi kaava-aloitteen elokuussa 2025. Energiapuistolle on kaavoitettu t\u00e4ll\u00e4 hetkell\u00e4 1450 hehtaarin alue Housuvaaran ymp\u00e4rist\u00f6\u00f6n, noin seitsem\u00e4n kilometrin p\u00e4\u00e4ss\u00e4 Hyrynsalmen keskustasta.<\/p>\n<p class=\"aw__sc-1qwuw0s-0 aw__sc-ngllmo-0 epAWpq fzYpjk yle__article__paragraph\">\u2013 Meill\u00e4 on Seitenj\u00e4rven alueella hyv\u00e4 ymp\u00e4rist\u00f6 toteuttaa t\u00e4m\u00e4 energiapuistohanke. T\u00e4ss\u00e4 on vett\u00e4, siirtolinjaa ja s\u00e4hk\u00f6asema l\u00e4hell\u00e4 ja tietysti tilaa, Kemppainen sanoo.<\/p>\n<p class=\"aw__sc-1qwuw0s-0 aw__sc-ngllmo-0 epAWpq fzYpjk yle__article__paragraph\">Kunta hyv\u00e4ksyi kaavan sill\u00e4 ehdolla, ett\u00e4 siihen mahdutetaan my\u00f6s teollisuusalue. Kemppaisen mukaan kunnan toiveissa on, ett\u00e4 alueella voitaisiin esimerkiksi korjata tuulivoimaloiden siipi\u00e4.<\/p>\n<p class=\"aw__sc-1qwuw0s-0 aw__sc-ngllmo-0 epAWpq fzYpjk yle__article__paragraph\">Tuulivoiman et\u00e4isyydet ovat her\u00e4tt\u00e4neet keskustelua Hyrynsalmella jo aiemmin. Vuonna 2023 kunnanhallitus p\u00e4\u00e4tti keskeytt\u00e4\u00e4 tuulivoiman kaavoittamisen Kyt\u00f6lahden alueelle Ukkohallan matkailukeskuksen l\u00e4heisyyteen. P\u00e4\u00e4t\u00f6ksell\u00e4 haluttiin turvata Ukkohallan etu.<\/p>\n<p>Hankeyhti\u00f6n suunnitelma hankkeen etenemiselle<\/p>\n<p class=\"aw__sc-1qwuw0s-0 aw__sc-ngllmo-0 epAWpq fzYpjk yle__article__paragraph\">Ymp\u00e4rist\u00f6vaikutusten arvioinnin (YVA) ja osallistumis- ja arviointisuunnitelman (OAS) valmistuminen loppukes\u00e4ll\u00e4 2026.<\/p>\n<p class=\"aw__sc-1qwuw0s-0 aw__sc-ngllmo-0 epAWpq fzYpjk yle__article__paragraph\">Kaavaluonnos ja YVA-selostus n\u00e4ht\u00e4ville vuonna 2027.<\/p>\n<p class=\"aw__sc-1qwuw0s-0 aw__sc-ngllmo-0 epAWpq fzYpjk yle__article__paragraph\">Kaavaehdotus n\u00e4ht\u00e4ville alkuvuodesta 2028, jonka j\u00e4lkeen kaava hyv\u00e4ksymisk\u00e4sittelyyn.<\/p>\n<p class=\"aw__sc-1qwuw0s-0 aw__sc-ngllmo-0 epAWpq fzYpjk yle__article__paragraph\">Rakennuslupien my\u00f6nt\u00e4minen ja rakentamisen aloittaminen vuonna 2028.<\/p>\n","protected":false},"excerpt":{"rendered":"Kunnan omien s\u00e4\u00e4nt\u00f6jen mukaan tuulivoimalaa ei voi rakentaa alle kahden kilometrin p\u00e4\u00e4h\u00e4n asutuksesta. Nyt rajoituksista ollaan valmiita joustamaan.&hellip;\n","protected":false},"author":2,"featured_media":337233,"comment_status":"","ping_status":"","sticky":false,"template":"","format":"standard","meta":{"footnotes":"","_share_on_mastodon":"0"},"categories":[113],"tags":[3465,2038,446,33,31,30,29767,723,71,118,32,119,2025,8229,447],"class_list":["post-337232","post","type-post","status-publish","format-standard","has-post-thumbnail","category-ymparisto","tag-datakeskus","tag-energia","tag-environment","tag-fi","tag-finland","tag-finnish","tag-hyrynsalmi","tag-kainuu","tag-kotimaa","tag-science","tag-suomi","tag-tiede","tag-tuulienergia","tag-uusiutuvat-energialahteet","tag-ymparisto"],"share_on_mastodon":{"url":"https:\/\/pubeurope.com\/@fi\/117185104690814223","error":""},"_links":{"self":[{"href":"https:\/\/www.europesays.com\/fi\/wp-json\/wp\/v2\/posts\/337232","targetHints":{"allow":["GET"]}}],"collection":[{"href":"https:\/\/www.europesays.com\/fi\/wp-json\/wp\/v2\/posts"}],"about":[{"href":"https:\/\/www.europesays.com\/fi\/wp-json\/wp\/v2\/types\/post"}],"author":[{"embeddable":true,"href":"https:\/\/www.europesays.com\/fi\/wp-json\/wp\/v2\/users\/2"}],"replies":[{"embeddable":true,"href":"https:\/\/www.europesays.com\/fi\/wp-json\/wp\/v2\/comments?post=337232"}],"version-history":[{"count":0,"href":"https:\/\/www.europesays.com\/fi\/wp-json\/wp\/v2\/posts\/337232\/revisions"}],"wp:featuredmedia":[{"embeddable":true,"href":"https:\/\/www.europesays.com\/fi\/wp-json\/wp\/v2\/media\/337233"}],"wp:attachment":[{"href":"https:\/\/www.europesays.com\/fi\/wp-json\/wp\/v2\/media?parent=337232"}],"wp:term":[{"taxonomy":"category","embeddable":true,"href":"https:\/\/www.europesays.com\/fi\/wp-json\/wp\/v2\/categories?post=337232"},{"taxonomy":"post_tag","embeddable":true,"href":"https:\/\/www.europesays.com\/fi\/wp-json\/wp\/v2\/tags?post=337232"}],"curies":[{"name":"wp","href":"https:\/\/api.w.org\/{rel}","templated":true}]}}