{"id":337260,"date":"2026-08-30T16:18:14","date_gmt":"2026-08-30T16:18:14","guid":{"rendered":"https:\/\/www.europesays.com\/fi\/337260\/"},"modified":"2026-08-30T16:18:14","modified_gmt":"2026-08-30T16:18:14","slug":"suomen-mestari-tallentui-ravakkaan-kuvaan","status":"publish","type":"post","link":"https:\/\/www.europesays.com\/fi\/337260\/","title":{"rendered":"Suomen mestari tallentui r\u00e4v\u00e4kk\u00e4\u00e4n kuvaan"},"content":{"rendered":"<p>Kokenut maajoukkuek\u00e4vij\u00e4 Elmo Lakka p\u00e4\u00e4tti uransa Olympiastadionilla. Tunteet olivat l\u00e4hell\u00e4 nousta pintaan, mutta aituri painotti, ettei itkenyt.<\/p>\n<p class=\"paragraph\">Pika-aituri <strong>Elmo Lakan<\/strong> mittava ura p\u00e4\u00e4ttyi sunnuntaina Helsingin olympiastadionilla. Lakka nappasi Ruotsi-ottelun 110 metrin aidoissa lajivoiton ja p\u00e4\u00e4si sen j\u00e4lkeen juhlimaan l\u00e4heistens\u00e4 luo.<\/p>\n<p class=\"paragraph\">Maalissa odotti iso joukko urheilijoita, yst\u00e4vi\u00e4 ja perhett\u00e4. Lakka kiersi my\u00f6s kunniakierroksen. Stadion hurrasi raikuen.<\/p>\n<p class=\"paragraph\">\u2013 En pystynyt kuvittelemaan, ett\u00e4 p\u00e4\u00e4sisin p\u00e4\u00e4tt\u00e4m\u00e4\u00e4n urani aitajuoksun parissa t\u00e4llaiseen paikkaan. Oli tosi mahtavaa. Olen kiitollinen kaikille l\u00e4heisille ja muille, ketk\u00e4 olivat paikalla. Iso kiitos ja kumarrus heille.<\/p>\n<p class=\"paragraph\">Lakka sanoi, ett\u00e4 pystyi pit\u00e4m\u00e4\u00e4n hermot kurissa ja ajatukset kasassa ennen juoksua. Tunteikkaampi hetki koitti juoksun j\u00e4lkeen, kun aiturille luettiin kaunis kirje maalissa.<\/p>\n<p class=\"paragraph\">\u2013 Se oli ensimm\u00e4inen hetki, kun tunteet meinasivat tulla pintaan. Mutta eiv\u00e4t Kouvolan miehet itke, Lakka vitsaili kotikaupunkiinsa viitaten.<\/p>\n<p><img decoding=\"async\" class=\"image image-show image-preview\" src=\"https:\/\/www.europesays.com\/fi\/wp-content\/uploads\/2026\/08\/29a4344603e74fed640a6e74740be03b021cb149d3d13bdf3976d1c106eeef79.jpg\" alt=\"\"\/><img decoding=\"async\" class=\"image image-show\" src=\"https:\/\/www.europesays.com\/fi\/wp-content\/uploads\/2026\/08\/1788106694_587_29a4344603e74fed640a6e74740be03b021cb149d3d13bdf3976d1c106eeef79.jpg\" alt=\"\"\/><\/p>\n<p>Elmo Lakka poseerasi Ilari Mannisen ja Santeri Kuusiniemen kanssa uran viimeisen kilpailunsa j\u00e4lkeen. Jenni G\u00e4stgivar<\/p>\n<p class=\"paragraph\">Kisap\u00e4iv\u00e4n p\u00e4\u00e4tytty\u00e4 Lakka tallentui veike\u00e4\u00e4n kuvaan, sill\u00e4 mestari p\u00e4\u00e4tyi vesiesteeseen juhlimaan Suomen miesten maaotteluvoittoa. Suomen miehet voittivat maaottelun pistein 227\u2013225, naisten ottelun voitto meni Ruotsille 230\u2013222.<\/p>\n<p class=\"paragraph\">Lakka voitti urallaan 11 pika-aitojen ulkoratojen Suomen mestaruutta. H\u00e4n edusti Suomea kymmenen kertaa aikuisten ulkoratojen arvokisoissa. Kouvolalainen rikkoi <strong>Arto Bryggaren<\/strong> hallussa olleen 110 metrin aitojen SE:n vuonna 2021.<\/p>\n<p class=\"paragraph\">Lakan nimiss\u00e4 oleva SE on 13,31.<\/p>\n<p>Uusi ty\u00f6<\/p>\n<p>Lakka ui miesten maaotteluvoiton j\u00e4lkeen my\u00f6s vesiesteess\u00e4. Jenni G\u00e4stgivar<\/p>\n<p class=\"paragraph\">Suomi otti ik\u00e4\u00e4n kuin juhlan kunniaksi Ruotsi-ottelun miesten pika-aidoissa kolmoisvoiton. <strong>Santeri Kuusiniemi<\/strong> oli toinen ja <strong>Ilari Manninen<\/strong> kolmas.<\/p>\n<p class=\"paragraph\">Lakka on iloinen, ett\u00e4 lajissa on h\u00e4nen j\u00e4lkeens\u00e4 jatkajia.<\/p>\n<p class=\"paragraph\">\u2013 Siin\u00e4 on kaksi kovaa Jyv\u00e4skyl\u00e4n Kentt\u00e4urheilijan miest\u00e4. Ilari on siin\u00e4 hilkulla, ett\u00e4 h\u00e4n voisi kutitella Bryggaren 60 metrin aitojen hallienn\u00e4tyst\u00e4 [7,56], jos aidat pysyisiv\u00e4t pystyss\u00e4.<\/p>\n<p class=\"paragraph\">Lakka siirtyy seuraavaksi urheiluseura Helsingin Kisa-Veikkojen toiminnanjohtajaksi. Liikuntatieteiden maisteri aikoo jatkaa my\u00f6s urheilemista \u2013 mutta ei en\u00e4\u00e4 huipulla.<\/p>\n<p class=\"paragraph\">\u2013 Jos k\u00e4visin juoksemassa ja puntilla, eik\u00f6h\u00e4n kunto sill\u00e4 s\u00e4ily.<\/p>\n<p>Korkeushypp\u00e4\u00e4j\u00e4 Daniel Kosonen halasi Lakkaa t\u00e4m\u00e4n uran p\u00e4\u00e4ttymisen j\u00e4lkeen. Jenni G\u00e4stgivar<\/p>\n","protected":false},"excerpt":{"rendered":"Kokenut maajoukkuek\u00e4vij\u00e4 Elmo Lakka p\u00e4\u00e4tti uransa Olympiastadionilla. Tunteet olivat l\u00e4hell\u00e4 nousta pintaan, mutta aituri painotti, ettei itkenyt. Pika-aituri&hellip;\n","protected":false},"author":2,"featured_media":337261,"comment_status":"","ping_status":"","sticky":false,"template":"","format":"standard","meta":{"footnotes":"","_share_on_mastodon":"0"},"categories":[158],"tags":[35,33,31,30,163,41,159,3895,32,160,161,162],"class_list":["post-337260","post","type-post","status-publish","format-standard","has-post-thumbnail","category-urheilu","tag-24h","tag-fi","tag-finland","tag-finnish","tag-kansallinen-mestaruus","tag-liikunta-ja-urheilu","tag-sports","tag-suomenmestaruus","tag-suomi","tag-urheilu","tag-urheilutapahtumat","tag-yleisurheilu"],"share_on_mastodon":{"url":"https:\/\/pubeurope.com\/@fi\/117185368129247698","error":""},"_links":{"self":[{"href":"https:\/\/www.europesays.com\/fi\/wp-json\/wp\/v2\/posts\/337260","targetHints":{"allow":["GET"]}}],"collection":[{"href":"https:\/\/www.europesays.com\/fi\/wp-json\/wp\/v2\/posts"}],"about":[{"href":"https:\/\/www.europesays.com\/fi\/wp-json\/wp\/v2\/types\/post"}],"author":[{"embeddable":true,"href":"https:\/\/www.europesays.com\/fi\/wp-json\/wp\/v2\/users\/2"}],"replies":[{"embeddable":true,"href":"https:\/\/www.europesays.com\/fi\/wp-json\/wp\/v2\/comments?post=337260"}],"version-history":[{"count":0,"href":"https:\/\/www.europesays.com\/fi\/wp-json\/wp\/v2\/posts\/337260\/revisions"}],"wp:featuredmedia":[{"embeddable":true,"href":"https:\/\/www.europesays.com\/fi\/wp-json\/wp\/v2\/media\/337261"}],"wp:attachment":[{"href":"https:\/\/www.europesays.com\/fi\/wp-json\/wp\/v2\/media?parent=337260"}],"wp:term":[{"taxonomy":"category","embeddable":true,"href":"https:\/\/www.europesays.com\/fi\/wp-json\/wp\/v2\/categories?post=337260"},{"taxonomy":"post_tag","embeddable":true,"href":"https:\/\/www.europesays.com\/fi\/wp-json\/wp\/v2\/tags?post=337260"}],"curies":[{"name":"wp","href":"https:\/\/api.w.org\/{rel}","templated":true}]}}