{"id":337268,"date":"2026-08-30T16:24:15","date_gmt":"2026-08-30T16:24:15","guid":{"rendered":"https:\/\/www.europesays.com\/fi\/337268\/"},"modified":"2026-08-30T16:24:15","modified_gmt":"2026-08-30T16:24:15","slug":"saksasta-lahtenyt-kaasupallo-lahestyy-suomea-uhkarohkea-lento-itameren-yli-sanoo-ilmailun-asiantuntija-uutisia-lyhyesti","status":"publish","type":"post","link":"https:\/\/www.europesays.com\/fi\/337268\/","title":{"rendered":"Saksasta l\u00e4htenyt kaasupallo l\u00e4hestyy Suomea \u2013 \u201dUhkarohkea lento It\u00e4meren yli\u201d, sanoo ilmailun asiantuntija | Uutisia lyhyesti"},"content":{"rendered":"<p class=\"aw__sc-1qwuw0s-0 aw__sc-1vg2sqm-0 epAWpq ecELkD yle__article__paragraph\">Sveitsil\u00e4is\u00adkaksikon kaasupallo seikkailee t\u00e4ll\u00e4 hetkell\u00e4 keskell\u00e4 Suomenlahtea Porvoosta etel\u00e4\u00e4n.<\/p>\n<p><img decoding=\"async\" alt=\"Useita kaasupalloja nousemassa nurmikent\u00e4lt\u00e4, palloissa lukee mm. &quot;Linde&quot; ja &quot;Hochst&quot;. Taustalla telttoja ja ihmisi\u00e4.\" src=\"https:\/\/www.europesays.com\/fi\/wp-content\/uploads\/2026\/08\/1788097955.jpeg\" class=\"aw__sc-dklauk-0 LPzKX\"\/><\/p>\n<p>Avaa kuvien katselu<\/p>\n<p>Gordon Bennett on maailman vanhin ilmailukilpailu. Arkistokuva. Kuva: Tytus Zmijewski \/ EPA<\/p>\n<p>17:04\u2022P\u00e4ivitetty 17:26<\/p>\n<ul class=\"aw__sc-1yb43iq-0 gFXHv yle__article__list yle__article__list--ul\">\n<li class=\"aw__sc-1yb43iq-1 gVAzbt\">Saksasta l\u00e4htenyt kaasupallo on matkalla Suomeen. Se kilpailee Gordon Bennett -kilpailussa, maailman vanhimmassa ilmailukilpailussa.<\/li>\n<li class=\"aw__sc-1yb43iq-1 gVAzbt\">Kyydiss\u00e4 ovat sveitsil\u00e4iset Balthasar Wicki ja Ren\u00e9 Erni. Pallo saapuu Kotkan tai Loviisan tienoille illalla.<\/li>\n<li class=\"aw__sc-1yb43iq-1 gVAzbt\">Kilpailussa voittaa se, joka lent\u00e4\u00e4 pisimm\u00e4n matkan l\u00e4ht\u00f6paikasta laskeutumispisteeseen.<\/li>\n<li class=\"aw__sc-1yb43iq-1 gVAzbt\">Sveitsil\u00e4iset valitsivat rohkean reitin It\u00e4meren yli ja saivat suotuisat tuulet.<\/li>\n<\/ul>\n<p class=\"aw__sc-1qwuw0s-0 aw__sc-ngllmo-0 epAWpq fzYpjk yle__article__paragraph\">Saksasta matkaan l\u00e4htenyt kaasupallo on l\u00e4hestym\u00e4ss\u00e4 kohti Suomea.<\/p>\n<p class=\"aw__sc-1qwuw0s-0 aw__sc-ngllmo-0 epAWpq fzYpjk yle__article__paragraph\">Noin 1\u00a0500 kilometrin matkan kulkenut kaasupallo seikkailee t\u00e4ll\u00e4 hetkell\u00e4 keskell\u00e4 Suomenlahtea Porvoosta etel\u00e4\u00e4n. Pallo osallistuu maailman vanhimpaan ilmailukilpailuun Gordon Bennettiin. Kisoja on k\u00e4yty vuodesta 1906 l\u00e4htien.<\/p>\n<p class=\"aw__sc-1qwuw0s-0 aw__sc-ngllmo-0 epAWpq fzYpjk yle__article__paragraph\">Kyydiss\u00e4 on sveitsil\u00e4inen kaksikko <strong class=\"aw__sc-ngllmo-2 gdRrun yle__article__strong\">Balthasar Wicki<\/strong> ja <strong class=\"aw__sc-ngllmo-2 gdRrun yle__article__strong\">Ren\u00e9 Erni<\/strong>. Sveitsi\u00e4 edustavilla on laaja kokemus kansainv\u00e4lisist\u00e4 kaasupallokilpailuista.<\/p>\n<p class=\"aw__sc-1qwuw0s-0 aw__sc-ngllmo-0 epAWpq fzYpjk yle__article__paragraph\">Suomenlahden merivartiostosta kerrotaan Ylelle, ett\u00e4 kilpailijat n\u00e4ytt\u00e4v\u00e4t kulkevan suunnitelman mukaan.<\/p>\n<p class=\"aw__sc-1qwuw0s-0 aw__sc-ngllmo-0 epAWpq fzYpjk yle__article__paragraph\"><strong class=\"aw__sc-ngllmo-2 gdRrun yle__article__strong\">Harhautuuko pallo kohti Ven\u00e4j\u00e4\u00e4?<\/strong><\/p>\n<p class=\"aw__sc-1qwuw0s-0 aw__sc-ngllmo-0 epAWpq fzYpjk yle__article__paragraph\">\u2013 Uskoisin, ett\u00e4 pallossa on ammattitaitoinen henkil\u00f6st\u00f6, Suomenlahden merivartiostosta sanotaan.<\/p>\n<p class=\"aw__sc-1qwuw0s-0 aw__sc-ngllmo-0 epAWpq fzYpjk yle__article__paragraph\">S\u00e4\u00e4nt\u00f6jen mukaan kaikkien pallojen l\u00e4ht\u00f6paikkana toimii sama kentt\u00e4 Gladbeckissa, josta tiimit suuntaavat eri ilmatilakerroksia hy\u00f6dynt\u00e4en mahdollisimman kauas l\u00e4ht\u00f6pisteest\u00e4.<\/p>\n<p class=\"aw__sc-1qwuw0s-0 aw__sc-ngllmo-0 epAWpq fzYpjk yle__article__paragraph\">Aiempina vuosina kaasupallot ovat l\u00e4hteneet matkaan my\u00f6s monista muista kaupungeista ymp\u00e4ri Eurooppaa ja Yhdysvaltoja.<\/p>\n<p class=\"aw__sc-1qwuw0s-0 aw__sc-ngllmo-0 epAWpq fzYpjk yle__article__paragraph\">Tyypillinen voittajan lento kest\u00e4\u00e4 noin kolmesta nelj\u00e4\u00e4n vuorokautta.<\/p>\n<p class=\"aw__sc-1qwuw0s-0 aw__sc-ngllmo-0 epAWpq fzYpjk yle__article__paragraph\">Voittaja ratkeaa yksinkertaisesti mittaamalla pisin et\u00e4isyys linnuntiet\u00e4 l\u00e4ht\u00f6paikasta siihen pisteeseen, johon pallo lopulta laskeutuu.<\/p>\n<p class=\"aw__sc-1qwuw0s-0 aw__sc-ngllmo-0 epAWpq fzYpjk yle__article__paragraph\">Lennon kestolla, kuljetulla reitill\u00e4 tai koukkauksilla ei ole v\u00e4li\u00e4. Vain aloituskent\u00e4n ja lopullisen kosketuskohdan v\u00e4linen suora linja ratkaisee.<\/p>\n<p>\u201dRiskinotto kannatti n\u00e4ille sveitsil\u00e4isille\u201d<\/p>\n<p class=\"aw__sc-1qwuw0s-0 aw__sc-ngllmo-0 epAWpq fzYpjk yle__article__paragraph\">Kansainv\u00e4lisen ilmailuliiton (FAI) hallituksen j\u00e4sen <strong class=\"aw__sc-ngllmo-2 gdRrun yle__article__strong\">Timo Hyv\u00f6nen<\/strong> arvioi, ett\u00e4 sveitsil\u00e4isten kaasupallo saattaa edet\u00e4 Kotkan tai Loviisan tienoille iltaseitsem\u00e4n aikoihin.<\/p>\n<p class=\"aw__sc-1qwuw0s-0 aw__sc-ngllmo-0 epAWpq fzYpjk yle__article__paragraph\">\u2013 Sveitsil\u00e4isten pallo on vet\u00e4nyt uhkarohkeasti It\u00e4meren yli.<\/p>\n<p class=\"aw__sc-1qwuw0s-0 aw__sc-ngllmo-0 epAWpq fzYpjk yle__article__paragraph\">Hyv\u00f6sen mukaan kaasupallolla matkustamisessa riskin\u00e4 on, ett\u00e4 tuuli v\u00e4henee ja matka hidastuu. Yleens\u00e4 merell\u00e4 tuulee kuitenkin aina sen verran, ett\u00e4 kaasupallo p\u00e4\u00e4see laskeutumaan maalle.<\/p>\n<p class=\"aw__sc-1qwuw0s-0 aw__sc-ngllmo-0 epAWpq fzYpjk yle__article__paragraph\">\u2013 Riskinotto kannatti n\u00e4ille sveitsil\u00e4isille, jotka valitsivat eri reitin kuin muut. Heill\u00e4 on ollut suotuisat tuulet.<\/p>\n<p class=\"aw__sc-1qwuw0s-0 aw__sc-ngllmo-0 epAWpq fzYpjk yle__article__paragraph\">Kaasupallolla lent\u00e4v\u00e4t vaihtelevat korkeutta sen mukaan, ett\u00e4 p\u00e4\u00e4sev\u00e4t suotuisaan tuuleen. Sveitsil\u00e4isten pallon korkeus on vaihdellut matkan aikana noin 1\u2013950 metrin v\u00e4lill\u00e4 merenpinnasta.<\/p>\n<p class=\"aw__sc-1qwuw0s-0 aw__sc-ngllmo-0 epAWpq fzYpjk yle__article__paragraph\">Lauantaina iltap\u00e4iv\u00e4ll\u00e4 nopeus on ollut reilut 22 kilometri\u00e4 tunnissa.<\/p>\n","protected":false},"excerpt":{"rendered":"Sveitsil\u00e4is\u00adkaksikon kaasupallo seikkailee t\u00e4ll\u00e4 hetkell\u00e4 keskell\u00e4 Suomenlahtea Porvoosta etel\u00e4\u00e4n. Avaa kuvien katselu Gordon Bennett on maailman vanhin ilmailukilpailu.&hellip;\n","protected":false},"author":2,"featured_media":337269,"comment_status":"","ping_status":"","sticky":false,"template":"","format":"standard","meta":{"footnotes":"","_share_on_mastodon":"0"},"categories":[12],"tags":[22,23,26,27,33,31,30,17,4706,1965,1754,71,24,25,28,29,15,18,21,5991,32,7906,19,20,16],"class_list":["post-337268","post","type-post","status-publish","format-standard","has-post-thumbnail","category-suomi","tag-breaking-news","tag-breakingnews","tag-featured-news","tag-featurednews","tag-fi","tag-finland","tag-finnish","tag-headlines","tag-ilmailu","tag-itameri","tag-kilpailut","tag-kotimaa","tag-latest-news","tag-latestnews","tag-main-news","tag-mainnews","tag-news","tag-otsikot","tag-paauutiset","tag-suomenlahti","tag-suomi","tag-sveitsi","tag-top-stories","tag-topstories","tag-uutiset"],"share_on_mastodon":{"url":"https:\/\/pubeurope.com\/@fi\/117185391754363637","error":""},"_links":{"self":[{"href":"https:\/\/www.europesays.com\/fi\/wp-json\/wp\/v2\/posts\/337268","targetHints":{"allow":["GET"]}}],"collection":[{"href":"https:\/\/www.europesays.com\/fi\/wp-json\/wp\/v2\/posts"}],"about":[{"href":"https:\/\/www.europesays.com\/fi\/wp-json\/wp\/v2\/types\/post"}],"author":[{"embeddable":true,"href":"https:\/\/www.europesays.com\/fi\/wp-json\/wp\/v2\/users\/2"}],"replies":[{"embeddable":true,"href":"https:\/\/www.europesays.com\/fi\/wp-json\/wp\/v2\/comments?post=337268"}],"version-history":[{"count":0,"href":"https:\/\/www.europesays.com\/fi\/wp-json\/wp\/v2\/posts\/337268\/revisions"}],"wp:featuredmedia":[{"embeddable":true,"href":"https:\/\/www.europesays.com\/fi\/wp-json\/wp\/v2\/media\/337269"}],"wp:attachment":[{"href":"https:\/\/www.europesays.com\/fi\/wp-json\/wp\/v2\/media?parent=337268"}],"wp:term":[{"taxonomy":"category","embeddable":true,"href":"https:\/\/www.europesays.com\/fi\/wp-json\/wp\/v2\/categories?post=337268"},{"taxonomy":"post_tag","embeddable":true,"href":"https:\/\/www.europesays.com\/fi\/wp-json\/wp\/v2\/tags?post=337268"}],"curies":[{"name":"wp","href":"https:\/\/api.w.org\/{rel}","templated":true}]}}