{"id":337272,"date":"2026-08-30T16:32:10","date_gmt":"2026-08-30T16:32:10","guid":{"rendered":"https:\/\/www.europesays.com\/fi\/337272\/"},"modified":"2026-08-30T16:32:10","modified_gmt":"2026-08-30T16:32:10","slug":"openai-lopettaa-yhteistyon-cursorin-kanssa-yhtio-ei-luota-elon-muskiin","status":"publish","type":"post","link":"https:\/\/www.europesays.com\/fi\/337272\/","title":{"rendered":"OpenAI lopettaa yhteisty\u00f6n Cursorin kanssa &#8211; Yhti\u00f6 ei luota Elon Muskiin"},"content":{"rendered":"<p>&#13;<br \/>\n\t\t\t\t&#13;<br \/>\n\t\t\t\t<strong>OpenAI<\/strong> on kertonut lopettavansa teko\u00e4lymalliensa tarjoamisen teko\u00e4lyavusteiseen ohjelmointikehitykseen tarkoitetulle <strong>Cursorille<\/strong> marraskuussa 2026.<\/p>\n<p>K\u00e4yt\u00e4nn\u00f6ss\u00e4 muutos tarkoittaa sit\u00e4, ett\u00e4 Cursoria k\u00e4ytt\u00e4v\u00e4t ohjelmoijat eiv\u00e4t voi en\u00e4\u00e4 marraskuun 12. p\u00e4iv\u00e4n j\u00e4lkeen k\u00e4ytt\u00e4\u00e4 OpenAI:n GPT-teko\u00e4lymalleja lainkaan Cursorilla koodia luodessaan. Muutos on seurausta siit\u00e4, ett\u00e4 <a href=\"https:\/\/dawn.fi\/uutiset\/2026\/08\/17\/spacex-cursor-yrityskauppa-valmis\" rel=\"nofollow noopener\" target=\"_blank\">Elon Muskin hallinnoima <strong>SpaceX<\/strong> osti Cursorin itselleen<\/a>.<\/p>\n<p>OpenAI <a href=\"https:\/\/openai.com\/index\/our-decision-on-cursor-following-its-acquisition-by-spacex\/\" target=\"_blank\" rel=\"nofollow noopener\">perustelee<\/a> poikkeuksellista ratkaisuaan sill\u00e4, ettei se luota SpaceX:n noudattavan OpenAI:n k\u00e4ytt\u00f6ehtoja. Taustalla on OpenAI:n mukaan aiempia kokemuksia Elon Muskin omistamien yhti\u00f6iden kanssa tehdyist\u00e4 sopimuksista ja niiden rikkomisesta. OpenAI painottaa p\u00e4\u00e4t\u00f6ksen olleen vaikea, koska sen strategiana on ollut pit\u00e4\u00e4 mallit mahdollisimman laajasti kehitt\u00e4jien saatavilla. Se kuitenkin katsoo, ett\u00e4 Muskin yhti\u00f6n kanssa toimiessa riski ehtojen vastaisesta k\u00e4yt\u00f6st\u00e4 olisi liian suuri. &#13;<\/p>\n<p>&#13;<\/p>\n<p>OpenAI ei siis syyt\u00e4 Cursoria mist\u00e4\u00e4n tapahtuneesta k\u00e4ytt\u00f6ehtojen rikkomisista, vaan perustelee muutosta sill\u00e4, ett\u00e4 SpaceX:n alaisuudessa Cursor saattaisi rikkoa k\u00e4ytt\u00f6ehtoja tulevaisuudessa &#8211; tietoisesti.<\/p>\n<p>Taustalla on riitaa jo vuosien ajalta. OpenAI syytt\u00e4\u00e4 Muskia mm. siit\u00e4, ett\u00e4 sen j\u00e4lkeen kun Musk osti Twitterin itselleen ja muutti sen nykyiseksi X:ksi, Musk katkaisi samalla OpenAI:lta p\u00e4\u00e4syn Twitterin dataan &#8211; josta Twitterill\u00e4 ja OpenAI:lla oli ennest\u00e4\u00e4n sopimus. Lis\u00e4ksi OpenAI v\u00e4itt\u00e4\u00e4, ett\u00e4 Musk on aiemmin t\u00e4n\u00e4 vuonna valaehtoisessa todistuksessaan my\u00f6nt\u00e4nyt, ett\u00e4 niin ik\u00e4\u00e4n SpaceX:\u00e4\u00e4n kuuluva xAI on rikkonut OpenAI:n k\u00e4ytt\u00f6ehtoja kouluttamalla omaa Grok-teko\u00e4lymalliaan OpenAI:n tuottaman sis\u00e4ll\u00f6n avulla. <\/p>\n<p>Muskin ja OpenAI:n suhde on ollut muutenkin eritt\u00e4in tulehtunut jo pitk\u00e4\u00e4n. <a href=\"https:\/\/dawn.fi\/uutiset\/2023\/01\/08\/millainen-yhtio-openai-on\" rel=\"nofollow noopener\" target=\"_blank\">Musk on yksi OpenAI:n alkuper\u00e4isist\u00e4 perustajista<\/a>, mutta yhti\u00f6n toimitusjohtajan Sam Altmanin ja Muskin persoonat ovat olleet t\u00f6rm\u00e4yskurssilla k\u00e4yt\u00e4nn\u00f6ss\u00e4 koko nykyisen teko\u00e4lyhypen ajan.<\/p>\n","protected":false},"excerpt":{"rendered":"&#13; &#13; OpenAI on kertonut lopettavansa teko\u00e4lymalliensa tarjoamisen teko\u00e4lyavusteiseen ohjelmointikehitykseen tarkoitetulle Cursorille marraskuussa 2026. K\u00e4yt\u00e4nn\u00f6ss\u00e4 muutos tarkoittaa sit\u00e4,&hellip;\n","protected":false},"author":2,"featured_media":337273,"comment_status":"","ping_status":"","sticky":false,"template":"","format":"standard","meta":{"footnotes":"","_share_on_mastodon":"0"},"categories":[89],"tags":[432,431,33,31,30,32,91,92,433],"class_list":["post-337272","post","type-post","status-publish","format-standard","has-post-thumbnail","category-tekoaly","tag-ai","tag-artificial-intelligence","tag-fi","tag-finland","tag-finnish","tag-suomi","tag-technology","tag-teknologia","tag-tekoaly"],"share_on_mastodon":{"url":"https:\/\/pubeurope.com\/@fi\/117185422644939497","error":""},"_links":{"self":[{"href":"https:\/\/www.europesays.com\/fi\/wp-json\/wp\/v2\/posts\/337272","targetHints":{"allow":["GET"]}}],"collection":[{"href":"https:\/\/www.europesays.com\/fi\/wp-json\/wp\/v2\/posts"}],"about":[{"href":"https:\/\/www.europesays.com\/fi\/wp-json\/wp\/v2\/types\/post"}],"author":[{"embeddable":true,"href":"https:\/\/www.europesays.com\/fi\/wp-json\/wp\/v2\/users\/2"}],"replies":[{"embeddable":true,"href":"https:\/\/www.europesays.com\/fi\/wp-json\/wp\/v2\/comments?post=337272"}],"version-history":[{"count":0,"href":"https:\/\/www.europesays.com\/fi\/wp-json\/wp\/v2\/posts\/337272\/revisions"}],"wp:featuredmedia":[{"embeddable":true,"href":"https:\/\/www.europesays.com\/fi\/wp-json\/wp\/v2\/media\/337273"}],"wp:attachment":[{"href":"https:\/\/www.europesays.com\/fi\/wp-json\/wp\/v2\/media?parent=337272"}],"wp:term":[{"taxonomy":"category","embeddable":true,"href":"https:\/\/www.europesays.com\/fi\/wp-json\/wp\/v2\/categories?post=337272"},{"taxonomy":"post_tag","embeddable":true,"href":"https:\/\/www.europesays.com\/fi\/wp-json\/wp\/v2\/tags?post=337272"}],"curies":[{"name":"wp","href":"https:\/\/api.w.org\/{rel}","templated":true}]}}