{"id":337278,"date":"2026-08-30T16:48:11","date_gmt":"2026-08-30T16:48:11","guid":{"rendered":"https:\/\/www.europesays.com\/fi\/337278\/"},"modified":"2026-08-30T16:48:11","modified_gmt":"2026-08-30T16:48:11","slug":"miksi-tyottomyys-ei-hellita-vaikka-talous-on-kasvanut-jo-pitkaan-tyoministeri-marttinen-nakee-yhden-lupaavan-merkin-talous","status":"publish","type":"post","link":"https:\/\/www.europesays.com\/fi\/337278\/","title":{"rendered":"Miksi ty\u00f6tt\u00f6myys ei hellit\u00e4, vaikka talous on kasvanut jo pitk\u00e4\u00e4n? Ty\u00f6ministeri Marttinen n\u00e4kee yhden lupaavan merkin | Talous"},"content":{"rendered":"<p class=\"aw__sc-1qwuw0s-0 aw__sc-ngllmo-0 epAWpq fzYpjk yle__article__paragraph\">Ainakin vanhan teorian mukaan ty\u00f6llisyystilanteen olisi jo pit\u00e4nyt l\u00e4hte\u00e4 pirte\u00e4\u00e4n nousuun. Mutta onko t\u00e4m\u00e4 kerta erilainen, kuin aiemmat talouden nousuk\u00e4\u00e4nteet?<\/p>\n<p class=\"aw__sc-1qwuw0s-0 aw__sc-ngllmo-0 epAWpq fzYpjk yle__article__paragraph\">Perinteisen talousteorian mukaan ty\u00f6llisyys alkaa kohentua 6\u201312 kuukautta sen j\u00e4lkeen, kun talous on l\u00e4htenyt kasvuun.<\/p>\n<p class=\"aw__sc-1qwuw0s-0 aw__sc-ngllmo-0 epAWpq fzYpjk yle__article__paragraph\">Suomen talous on ollut kasvussa viime vuoden lopulta l\u00e4htien, siis selv\u00e4sti yli puoli vuotta. Silti ty\u00f6tt\u00f6myysluvut ovat pysyneet synkkin\u00e4 ja Suomi porskuttaa Euroopan ty\u00f6tt\u00f6myystilastojen ykk\u00f6sen\u00e4.<\/p>\n<p class=\"aw__sc-1qwuw0s-0 aw__sc-ngllmo-0 epAWpq fzYpjk yle__article__paragraph\">Toimiiko vanha teoria en\u00e4\u00e4 teko\u00e4lyn aikakaudella? J\u00e4\u00e4 n\u00e4ht\u00e4v\u00e4ksi, sanoo ty\u00f6ministeri <strong class=\"aw__sc-ngllmo-2 gdRrun yle__article__strong\">Matias Marttinen<\/strong> (kok.) Ylen haastattelussa.<\/p>\n<p class=\"aw__sc-1qwuw0s-0 aw__sc-ngllmo-0 epAWpq fzYpjk yle__article__paragraph\">\u2013 Seuraamme t\u00e4\u00e4ll\u00e4 ministeri\u00f6ss\u00e4 hyvin tarkasti kaikkia talouden mittareita. Arvio on se, ett\u00e4 loppuvuoteen menness\u00e4 n\u00e4kisimme parempaa suuntaa ty\u00f6llisyydess\u00e4.<\/p>\n<p class=\"aw__sc-1qwuw0s-0 aw__sc-ngllmo-0 epAWpq fzYpjk yle__article__paragraph\">P\u00e4\u00e4ministeri <strong class=\"aw__sc-ngllmo-2 gdRrun yle__article__strong\">Petteri Opron<\/strong> (kok.) hallitus alkaa ensi viikolla rakentaa budjettiriihess\u00e4 viimeist\u00e4 budjettiaan.<\/p>\n<p class=\"aw__sc-1qwuw0s-0 aw__sc-ngllmo-0 epAWpq fzYpjk yle__article__paragraph\">Ty\u00f6llisyyskehityksell\u00e4 on suuri merkitys julkiseen ja valtion talouteen. Ty\u00f6llisyyden pienikin parantuminen tuo suoria s\u00e4\u00e4st\u00f6j\u00e4, kun ty\u00f6tt\u00f6myyskorvaukset pienentyv\u00e4t ja palkoista kertyv\u00e4t verotulot nousevat. Oletettavasti kulutus ja siit\u00e4 poikivat verotkin kasvaisivat.<\/p>\n<p class=\"aw__sc-1qwuw0s-0 aw__sc-ngllmo-0 epAWpq fzYpjk yle__article__paragraph\">Alkuvuoden tilastot talouskasvusta ehtiv\u00e4t n\u00e4ytt\u00e4\u00e4 jopa <a class=\"aw__sc-ngllmo-1 bTDnwX yle__article__link\" href=\"https:\/\/kauppakamari.fi\/tiedote\/keskuskauppakamarin-paaekonomisti-tuoreet-bruttokansantuotteen-luvut-ovat-karvas-pettymys-tuotannon-elpyminen-etenee-silti\/\" role=\"link\" rel=\"nofollow noopener\" target=\"_blank\">\u201dhurmoksellisen\u201d nopeaa talouskasvua<\/a>, kuten Keskuskauppakamarin p\u00e4\u00e4ekonomisti <strong class=\"aw__sc-ngllmo-2 gdRrun yle__article__strong\">Jukka Appelqvist<\/strong> luonnehti. Hiukan my\u00f6hemmin tarkentuneet tilastoluvut laskivat tuntuvasti, mutta Appelqvistin mukaan karvaasta pettymyksest\u00e4 huolimatta talous n\u00e4ytt\u00e4\u00e4 olevan v\u00e4hint\u00e4\u00e4n arkisella elpymisvaihteella.<\/p>\n<p class=\"aw__sc-1qwuw0s-0 aw__sc-ngllmo-0 epAWpq fzYpjk yle__article__paragraph\">Ty\u00f6- ja elinkeinoministeri\u00f6ss\u00e4 arvioidaan, ett\u00e4 vihdoin virinnyt talouskasvu alkaa ensimm\u00e4isen\u00e4 n\u00e4ky\u00e4 ty\u00f6paikkojen m\u00e4\u00e4r\u00e4ss\u00e4 palvelualoilla.<\/p>\n<p class=\"aw__sc-1qwuw0s-0 aw__sc-ngllmo-0 epAWpq fzYpjk yle__article__paragraph\">Ministeri\u00f6ss\u00e4 luotetaan siihen, ett\u00e4 kunhan suomalaisten luottamus omaan taloustilanteeseensa vahvistuu, alkavat kahviloiden, ravintoloiden ja kauppojen ovet k\u00e4yd\u00e4 ja siihen yritt\u00e4jien pit\u00e4\u00e4 vastata nopeasti lis\u00e4\u00e4m\u00e4ll\u00e4 ty\u00f6ntekij\u00f6idens\u00e4 m\u00e4\u00e4r\u00e4\u00e4.<\/p>\n<p class=\"aw__sc-1qwuw0s-0 aw__sc-ngllmo-0 epAWpq fzYpjk yle__article__paragraph\">Taloudessa on monia aiempaa paremmasta vireest\u00e4 kertovia merkkej\u00e4. Vienti vet\u00e4\u00e4, ja investoinnit kasvavat.<\/p>\n<p class=\"aw__sc-1qwuw0s-0 aw__sc-ngllmo-0 epAWpq fzYpjk yle__article__paragraph\">Marttinen ei ole kuitenkaan viel\u00e4 n\u00e4hnyt selvi\u00e4 merkkej\u00e4 siit\u00e4, ett\u00e4 talouskasvu muuttuisi ty\u00f6paikoiksi, edes palvelualoilla.<\/p>\n<p class=\"aw__sc-1qwuw0s-0 aw__sc-ngllmo-0 epAWpq fzYpjk yle__article__paragraph\">Merkit ty\u00f6markkinoiden my\u00f6nteisest\u00e4 suunnanmuutoksesta ovat harvassa, mutta yksi lupaava merkki sent\u00e4\u00e4n l\u00f6ytyy.<\/p>\n<p class=\"aw__sc-1qwuw0s-0 aw__sc-ngllmo-0 epAWpq fzYpjk yle__article__paragraph\">\u2013 Kes\u00e4n aikana henkil\u00f6st\u00f6vuokrauksen tilanne on elpynyt merkitt\u00e4v\u00e4sti, ja se kertoo siit\u00e4, ett\u00e4 yrityksiss\u00e4 on kasvavaa ty\u00f6voiman tarvetta. Omaan muistivihkooni laitoin t\u00e4m\u00e4n hyvin my\u00f6nteisen\u00e4 merkkin\u00e4 siit\u00e4, ett\u00e4 piristyv\u00e4\u00e4 aktiviteettia ty\u00f6markkinassa on n\u00e4ht\u00e4viss\u00e4.<\/p>\n<p class=\"aw__sc-1qwuw0s-0 aw__sc-ngllmo-0 epAWpq fzYpjk yle__article__paragraph\">Ty\u00f6llisyystilanteen kohdentumisesta ei n\u00e4yt\u00e4 tulevaan ainakaan nopeaa.<\/p>\n<p class=\"aw__sc-1qwuw0s-0 aw__sc-ngllmo-0 epAWpq fzYpjk yle__article__paragraph\"><a class=\"aw__sc-ngllmo-1 bTDnwX yle__article__link\" href=\"https:\/\/www.finanssiala.fi\/wp-content\/uploads\/2026\/08\/fa-tilasto-talousennusteet-3.pdf\" role=\"link\" rel=\"nofollow noopener\" target=\"_blank\">Tuoreimmat<\/a>, elokuussa julkaistut talousennusteet kertovat ty\u00f6tt\u00f6myysasteen pysyv\u00e4n kymmenen prosentin tuntumissa viel\u00e4 ensi vuonnakin, vaikka ennustajat ovat yksimielisi\u00e4 siit\u00e4, ett\u00e4 talouskasvusta on tulossa reippaampaa kuin vuosiin.<\/p>\n<p class=\"aw__sc-1qwuw0s-0 aw__sc-ngllmo-0 epAWpq fzYpjk yle__article__paragraph\">Uusimpien ennusteiden mukaan talous kasvaa t\u00e4n\u00e4 vuonna 2,0\u20132,2 prosenttia ja ensi vuonna 1,6\u20132,0 prosenttia.<\/p>\n<p>Ty\u00f6tt\u00f6myysaste t\u00e4n\u00e4 ja ensi vuonna<\/p>\n<tr class=\"aw__sc-1ddffug-0 dUviHg\">\n<td class=\"aw__sc-189jssa-0 fMNTLm\"><strong class=\"aw__sc-ngllmo-2 gdRrun yle__article__strong\">ennusteen laatija<\/strong><\/td>\n<td class=\"aw__sc-189jssa-0 fMNTLm\"><strong class=\"aw__sc-ngllmo-2 gdRrun yle__article__strong\">julkaistu<\/strong><\/td>\n<td class=\"aw__sc-189jssa-0 fMNTLm\"><strong class=\"aw__sc-ngllmo-2 gdRrun yle__article__strong\">2026<\/strong><\/td>\n<td class=\"aw__sc-189jssa-0 fMNTLm\"><strong class=\"aw__sc-ngllmo-2 gdRrun yle__article__strong\">2027<\/strong><\/td>\n<\/tr>\n<tr class=\"aw__sc-1ddffug-0 dNbdPc\">\n<td class=\"aw__sc-189jssa-0 fMNTLm\">Swedbank<\/td>\n<td class=\"aw__sc-189jssa-0 fMNTLm\">25.8.<\/td>\n<td class=\"aw__sc-189jssa-0 fMNTLm\">10,3<\/td>\n<td class=\"aw__sc-189jssa-0 fMNTLm\">9,7<\/td>\n<\/tr>\n<tr class=\"aw__sc-1ddffug-0 dUviHg\">\n<td class=\"aw__sc-189jssa-0 fMNTLm\">S\u00e4\u00e4st\u00f6pankkiryhm\u00e4<\/td>\n<td class=\"aw__sc-189jssa-0 fMNTLm\">24.8.<\/td>\n<td class=\"aw__sc-189jssa-0 fMNTLm\">10,5<\/td>\n<td class=\"aw__sc-189jssa-0 fMNTLm\">10,0<\/td>\n<\/tr>\n<tr class=\"aw__sc-1ddffug-0 dNbdPc\">\n<td class=\"aw__sc-189jssa-0 fMNTLm\">OP-ryhm\u00e4<\/td>\n<td class=\"aw__sc-189jssa-0 fMNTLm\">13.8.<\/td>\n<td class=\"aw__sc-189jssa-0 fMNTLm\">10,3<\/td>\n<td class=\"aw__sc-189jssa-0 fMNTLm\">9,4<\/td>\n<\/tr>\n<tr class=\"aw__sc-1ddffug-0 dUviHg\">\n<td class=\"aw__sc-189jssa-0 fMNTLm\">Aktia<\/td>\n<td class=\"aw__sc-189jssa-0 fMNTLm\">12.8.<\/td>\n<td class=\"aw__sc-189jssa-0 fMNTLm\">10,2<\/td>\n<td class=\"aw__sc-189jssa-0 fMNTLm\">9,7<\/td>\n<\/tr>\n<p>Nuorten ty\u00f6tt\u00f6myysaste 22,6 prosenttia<\/p>\n<p class=\"aw__sc-1qwuw0s-0 aw__sc-ngllmo-0 epAWpq fzYpjk yle__article__paragraph\">Erityisesti nuorilla ty\u00f6llisyystilanne on viel\u00e4 keskim\u00e4\u00e4r\u00e4ist\u00e4kin heikompi.<\/p>\n<p class=\"aw__sc-1qwuw0s-0 aw__sc-ngllmo-0 epAWpq fzYpjk yle__article__paragraph\">Tilastokeskuksen mukaan nuorten ty\u00f6tt\u00f6myysaste oli hein\u00e4kuussa pitk\u00e4lle yli 22 prosenttia, kun se kaikkiaan oli runsas kymmenen prosenttia.<\/p>\n<p class=\"aw__sc-1qwuw0s-0 aw__sc-ngllmo-0 epAWpq fzYpjk yle__article__paragraph\">Marttinen muistuttaa, ett\u00e4 palvelualoilla ty\u00f6skentelee paljon nuoria. T\u00e4m\u00e4 antaa siis toivoa siit\u00e4, ett\u00e4 ty\u00f6llisyystilanteen alkaessa virkisty\u00e4 nuoret ovat ensimm\u00e4isten joukossa hy\u00f6tym\u00e4ss\u00e4 siit\u00e4.<\/p>\n<p class=\"aw__sc-1qwuw0s-0 aw__sc-ngllmo-0 epAWpq fzYpjk yle__article__paragraph\">Toisaalta palvelualoilla on paljon pienipalkkaisia ja osa-aikaisia t\u00f6it\u00e4, kun taas suurempipalkkaisten kokoaikat\u00f6iden m\u00e4\u00e4r\u00e4 esimerkiksi teollisuudessa reagoi talouskasvuun hitaammin.<\/p>\n<p class=\"aw__sc-1qwuw0s-0 aw__sc-ngllmo-0 epAWpq fzYpjk yle__article__paragraph\">Teko\u00e4lyn vaikuttaa jo nyt ty\u00f6markkinoilla. Koodareista oli vain hetki sitten huutava pula, mutta nyt <a class=\"aw__sc-ngllmo-1 bTDnwX yle__article__link\" href=\"https:\/\/yle.fi\/a\/74-20191367\" role=\"link\" rel=\"nofollow noopener\" target=\"_blank\">monella vastavalmistuneella on vaikeuksia l\u00f6yt\u00e4\u00e4 t\u00f6it\u00e4<\/a>. Juuri nuorille p\u00e4\u00e4sy ty\u00f6markkinoille on vaikeinta, kun teko\u00e4lyll\u00e4 hoidetaan yh\u00e4 enemm\u00e4n niin sanottuja entry-tason teht\u00e4vi\u00e4.<\/p>\n<p>Teko\u00e4ly hy\u00f6dyksi koulutuksella<\/p>\n<p class=\"aw__sc-1qwuw0s-0 aw__sc-ngllmo-0 epAWpq fzYpjk yle__article__paragraph\">Ylen haastattelema saksalainen <a class=\"aw__sc-ngllmo-1 bTDnwX yle__article__link\" href=\"https:\/\/yle.fi\/a\/74-20243082\" role=\"link\" rel=\"nofollow noopener\" target=\"_blank\">teko\u00e4lyn huippuasiantuntija varoittaa<\/a>, ett\u00e4 teko\u00e4lyn vaikutus ty\u00f6markkinoihin saattaa olla nopeampi ja dramaattisempi kuin moni osaa kuvitella.<\/p>\n<p class=\"aw__sc-1qwuw0s-0 aw__sc-ngllmo-0 epAWpq fzYpjk yle__article__paragraph\">T\u00e4h\u00e4n vaikuttaa osaltaan se, ett\u00e4 ihmisen tekem\u00e4\u00e4 ty\u00f6t\u00e4 verotetaan, kun taas teko\u00e4lyn tekem\u00e4\u00e4 tuotosta ei veroteta ainakaan suoraan. Se kannustaa yrityksi\u00e4 siirt\u00e4m\u00e4\u00e4n ty\u00f6t\u00e4 ihmiselt\u00e4 teko\u00e4lylle.<\/p>\n<p class=\"aw__sc-1qwuw0s-0 aw__sc-ngllmo-0 epAWpq fzYpjk yle__article__paragraph\">\u2013 Uskon itse, ett\u00e4 hyvin moni ty\u00f6teht\u00e4v\u00e4 ja sen sis\u00e4ll\u00f6t tulevat muuttumaan, mutta mik\u00e4 lopulta on sitten puhtaasti teko\u00e4lyn ty\u00f6t\u00e4 h\u00e4vitt\u00e4v\u00e4 vaikutus \u2013 siihen kukaan ei viel\u00e4 tied\u00e4 vastausta, Marttinen sanoo.<\/p>\n<p class=\"aw__sc-1qwuw0s-0 aw__sc-ngllmo-0 epAWpq fzYpjk yle__article__paragraph\">Muutos on kuitenkin k\u00e4ynniss\u00e4, ja siihen pit\u00e4\u00e4 Marttisen mukaan varautua koulutuksella.<\/p>\n<p class=\"aw__sc-1qwuw0s-0 aw__sc-ngllmo-0 epAWpq fzYpjk yle__article__paragraph\">\u2013 Uskon, ett\u00e4 tulevina vuosina yh\u00e4 enemm\u00e4n opiskelua ja oman osaamisen kehitt\u00e4mist\u00e4 tullaan tekem\u00e4\u00e4n ty\u00f6uran aikana.<\/p>\n<p class=\"aw__sc-1qwuw0s-0 aw__sc-ngllmo-0 epAWpq fzYpjk yle__article__paragraph\">Koulutuksella voidaan parantaa ty\u00f6ss\u00e4 olevien ja ty\u00f6tt\u00f6mien mahdollisuutta k\u00e4ytt\u00e4\u00e4 teko\u00e4ly\u00e4 hy\u00f6dyksi eri ty\u00f6teht\u00e4viss\u00e4. Kaikkien ei siis t\u00e4ydy olla teko\u00e4lyn erikoisasiantuntijoita, vaan teko\u00e4lyn k\u00e4ytt\u00f6taidot ovat jo hyv\u00e4 alku.<\/p>\n<p class=\"aw__sc-1qwuw0s-0 aw__sc-ngllmo-0 epAWpq fzYpjk yle__article__paragraph\">Marttinen on k\u00e4ynnist\u00e4m\u00e4ss\u00e4 syksyn kuluessa asiantuntijaselvityksen siit\u00e4, miten Suomen pit\u00e4\u00e4 varautua teko\u00e4lymurrokseen ty\u00f6llisyyspalveluissa ja koulutuksessa.<\/p>\n<p class=\"aw__sc-1qwuw0s-0 aw__sc-ngllmo-0 epAWpq fzYpjk yle__article__paragraph\">\u2013 Kun uusi hallitus aloittaa, on v\u00e4ltt\u00e4m\u00e4t\u00f6nt\u00e4, ett\u00e4 katsotaan hyvin tarkasti, mink\u00e4 kaltaisia muutoksia voidaan tehd\u00e4. T\u00e4ytyy pit\u00e4\u00e4 huolta siit\u00e4, ett\u00e4 joka ainoa ty\u00f6ntekij\u00e4 saa tarvittavaa tukea ja apua, jotta pystyy toimimaan ty\u00f6el\u00e4m\u00e4ss\u00e4 tulevaisuudessa.<\/p>\n","protected":false},"excerpt":{"rendered":"Ainakin vanhan teorian mukaan ty\u00f6llisyystilanteen olisi jo pit\u00e4nyt l\u00e4hte\u00e4 pirte\u00e4\u00e4n nousuun. Mutta onko t\u00e4m\u00e4 kerta erilainen, kuin aiemmat&hellip;\n","protected":false},"author":2,"featured_media":337279,"comment_status":"","ping_status":"","sticky":false,"template":"","format":"standard","meta":{"footnotes":"","_share_on_mastodon":"0"},"categories":[76],"tags":[79,77,33,31,30,41766,32,78,862,2247,1955,8937],"class_list":["post-337278","post","type-post","status-publish","format-standard","has-post-thumbnail","category-talous","tag-business","tag-economy","tag-fi","tag-finland","tag-finnish","tag-palveluala","tag-suomi","tag-talous","tag-tyollisyys","tag-tyomarkkinat","tag-tyottomyys","tag-tyovoimapula"],"share_on_mastodon":{"url":"https:\/\/pubeurope.com\/@fi\/117185485690098824","error":""},"_links":{"self":[{"href":"https:\/\/www.europesays.com\/fi\/wp-json\/wp\/v2\/posts\/337278","targetHints":{"allow":["GET"]}}],"collection":[{"href":"https:\/\/www.europesays.com\/fi\/wp-json\/wp\/v2\/posts"}],"about":[{"href":"https:\/\/www.europesays.com\/fi\/wp-json\/wp\/v2\/types\/post"}],"author":[{"embeddable":true,"href":"https:\/\/www.europesays.com\/fi\/wp-json\/wp\/v2\/users\/2"}],"replies":[{"embeddable":true,"href":"https:\/\/www.europesays.com\/fi\/wp-json\/wp\/v2\/comments?post=337278"}],"version-history":[{"count":0,"href":"https:\/\/www.europesays.com\/fi\/wp-json\/wp\/v2\/posts\/337278\/revisions"}],"wp:featuredmedia":[{"embeddable":true,"href":"https:\/\/www.europesays.com\/fi\/wp-json\/wp\/v2\/media\/337279"}],"wp:attachment":[{"href":"https:\/\/www.europesays.com\/fi\/wp-json\/wp\/v2\/media?parent=337278"}],"wp:term":[{"taxonomy":"category","embeddable":true,"href":"https:\/\/www.europesays.com\/fi\/wp-json\/wp\/v2\/categories?post=337278"},{"taxonomy":"post_tag","embeddable":true,"href":"https:\/\/www.europesays.com\/fi\/wp-json\/wp\/v2\/tags?post=337278"}],"curies":[{"name":"wp","href":"https:\/\/api.w.org\/{rel}","templated":true}]}}