{"id":337280,"date":"2026-08-30T16:49:12","date_gmt":"2026-08-30T16:49:12","guid":{"rendered":"https:\/\/www.europesays.com\/fi\/337280\/"},"modified":"2026-08-30T16:49:12","modified_gmt":"2026-08-30T16:49:12","slug":"venaja-uhkaa-ukrainan-energiasektoria-suurhyokkayksilla-uutissuomalainen-3","status":"publish","type":"post","link":"https:\/\/www.europesays.com\/fi\/337280\/","title":{"rendered":"Ven\u00e4j\u00e4 uhkaa Ukrainan energiasektoria suurhy\u00f6kk\u00e4yksill\u00e4 | Uutissuomalainen"},"content":{"rendered":"<p>Ven\u00e4j\u00e4 valmistelee suurhy\u00f6kk\u00e4yksi\u00e4 Ukrainan energiasektoria vastaan, ilmoittaa Ven\u00e4j\u00e4n puolustusministeri\u00f6 viestipalvelu <a href=\"https:\/\/t.me\/s\/mod_russia\" rel=\"nofollow\">Telegramissa<\/a>.<\/p>\n<p>Ministeri\u00f6n mukaan Ven\u00e4j\u00e4 valmistautuu iskuihin vastauksena Ukrainan jatkuville iskuille Ven\u00e4j\u00e4n \u00f6ljy- ja energiasektoria vastaan. Puolustusministeri\u00f6n mukaan Ven\u00e4j\u00e4 on sunnuntain vastaisena y\u00f6n\u00e4 jatkanut hy\u00f6kk\u00e4yksi\u00e4 Ukrainan puolustusteollisuutta vastaan.<\/p>\n<p>Ministeri\u00f6n mukaan Ven\u00e4j\u00e4 on iskenyt Kiovassa sijaitsevaan asbesti- ja sementtitehtaaseen, jonka varastoissa sen mukaan on s\u00e4ilytetty r\u00e4j\u00e4hteit\u00e4 droonituotantoa varten.<\/p>\n<p>Ven\u00e4j\u00e4 iski lauantain vastaisena y\u00f6n\u00e4 varastoon Kiovan l\u00e4hell\u00e4. Syntyneess\u00e4 r\u00e4j\u00e4hdyksess\u00e4 kuoli ainakin 37 ihmist\u00e4.<\/p>\n<p>Viime talvena Ven\u00e4j\u00e4 iski toistuvasti Ukrainan voimalaitoksia vastaan ja aiheutti laajoja katkoja s\u00e4hk\u00f6n- ja l\u00e4mm\u00f6ntuotantoon.<\/p>\n<p>Ukrainan iskut Ven\u00e4j\u00e4n energiasektoria vastaan ovat aiheuttaneet Ven\u00e4j\u00e4ll\u00e4 laajamittaista polttoainepulaa.<\/p>\n","protected":false},"excerpt":{"rendered":"Ven\u00e4j\u00e4 valmistelee suurhy\u00f6kk\u00e4yksi\u00e4 Ukrainan energiasektoria vastaan, ilmoittaa Ven\u00e4j\u00e4n puolustusministeri\u00f6 viestipalvelu Telegramissa. Ministeri\u00f6n mukaan Ven\u00e4j\u00e4 valmistautuu iskuihin vastauksena Ukrainan&hellip;\n","protected":false},"author":2,"featured_media":337281,"comment_status":"","ping_status":"","sticky":false,"template":"","format":"standard","meta":{"footnotes":"","_share_on_mastodon":"0"},"categories":[14],"tags":[804,820,22,23,124,1628,26,27,33,31,30,17,3488,24,25,803,28,29,15,18,21,32,19,20,21377,56,16,59,60,61],"class_list":["post-337280","post","type-post","status-publish","format-standard","has-post-thumbnail","category-ulkomaat","tag-aseelliset-konfliktit","tag-aseet","tag-breaking-news","tag-breakingnews","tag-energia-sektori","tag-energia-ja-energiavarat","tag-featured-news","tag-featurednews","tag-fi","tag-finland","tag-finnish","tag-headlines","tag-kiova","tag-latest-news","tag-latestnews","tag-levottomuudet-ja-sodat","tag-main-news","tag-mainnews","tag-news","tag-otsikot","tag-paauutiset","tag-suomi","tag-top-stories","tag-topstories","tag-ukrainan-kriisi","tag-ulkomaat","tag-uutiset","tag-world","tag-world-news","tag-worldnews"],"share_on_mastodon":{"url":"https:\/\/pubeurope.com\/@fi\/117185489477697506","error":""},"_links":{"self":[{"href":"https:\/\/www.europesays.com\/fi\/wp-json\/wp\/v2\/posts\/337280","targetHints":{"allow":["GET"]}}],"collection":[{"href":"https:\/\/www.europesays.com\/fi\/wp-json\/wp\/v2\/posts"}],"about":[{"href":"https:\/\/www.europesays.com\/fi\/wp-json\/wp\/v2\/types\/post"}],"author":[{"embeddable":true,"href":"https:\/\/www.europesays.com\/fi\/wp-json\/wp\/v2\/users\/2"}],"replies":[{"embeddable":true,"href":"https:\/\/www.europesays.com\/fi\/wp-json\/wp\/v2\/comments?post=337280"}],"version-history":[{"count":0,"href":"https:\/\/www.europesays.com\/fi\/wp-json\/wp\/v2\/posts\/337280\/revisions"}],"wp:featuredmedia":[{"embeddable":true,"href":"https:\/\/www.europesays.com\/fi\/wp-json\/wp\/v2\/media\/337281"}],"wp:attachment":[{"href":"https:\/\/www.europesays.com\/fi\/wp-json\/wp\/v2\/media?parent=337280"}],"wp:term":[{"taxonomy":"category","embeddable":true,"href":"https:\/\/www.europesays.com\/fi\/wp-json\/wp\/v2\/categories?post=337280"},{"taxonomy":"post_tag","embeddable":true,"href":"https:\/\/www.europesays.com\/fi\/wp-json\/wp\/v2\/tags?post=337280"}],"curies":[{"name":"wp","href":"https:\/\/api.w.org\/{rel}","templated":true}]}}