{"id":337292,"date":"2026-08-30T17:11:12","date_gmt":"2026-08-30T17:11:12","guid":{"rendered":"https:\/\/www.europesays.com\/fi\/337292\/"},"modified":"2026-08-30T17:11:12","modified_gmt":"2026-08-30T17:11:12","slug":"sisko-kertoo-uutta-tietoa-dolly-partonin-viimeisista-hetkista","status":"publish","type":"post","link":"https:\/\/www.europesays.com\/fi\/337292\/","title":{"rendered":"Sisko kertoo uutta tietoa Dolly Partonin viimeisist\u00e4 hetkist\u00e4"},"content":{"rendered":"<p>Kantrilegenda esitti sisarelleen yll\u00e4tt\u00e4v\u00e4n pyynn\u00f6n.<\/p>\n<p><img decoding=\"async\" class=\"image image-show image-preview\" src=\"https:\/\/www.europesays.com\/fi\/wp-content\/uploads\/2026\/08\/86d27661aa92d6a18f0b2e6a4d0f9afd8e7eef5470c2bf925e1879fa2e38c529.jpg\" alt=\"\"\/><img decoding=\"async\" class=\"image image-show\" src=\"https:\/\/www.europesays.com\/fi\/wp-content\/uploads\/2026\/08\/1788109872_202_86d27661aa92d6a18f0b2e6a4d0f9afd8e7eef5470c2bf925e1879fa2e38c529.jpg\" alt=\"\"\/><\/p>\n<p>Dolly Parton menehtyi tiistaina sairastettuaan sy\u00f6p\u00e4\u00e4. AOP<\/p>\n<p class=\"paragraph\">Laulaja <strong>Dolly Parton<\/strong> kuoli tiistaina kotonaan Nashvillessa. H\u00e4n oli kuollessaan 80-vuotias, kaiken n\u00e4hnyt ja kokenut musiikkialan konkari. Partonin pikkusisko <strong>Stella Parton<\/strong> kertoo nyt <a href=\"https:\/\/www.facebook.com\/StellaPartonOfficial\/posts\/pfbid02GyP4HuFhUsrNGnQzr4sJEVHgodsRz7hwQY38dw6aHJp6VRzcxb8WwebRu78Z5ABul\" rel=\"noopener nofollow\" target=\"_blank\">Facebook-julkaisussaan<\/a> laulajalegendan viimeisist\u00e4 hetkist\u00e4, jolloin h\u00e4n esitti uskomattoman toiveen.<\/p>\n<p class=\"paragraph\">Sisaren mukaan kantri-ikoni pyysi l\u00e4\u00e4k\u00e4reit\u00e4\u00e4n kokeilemaan h\u00e4neen uusia kokeellisia sy\u00f6p\u00e4l\u00e4\u00e4kkeit\u00e4. Dolly Parton ajatteli, ett\u00e4 voisi n\u00e4in auttaa muita sy\u00f6p\u00e4potilaita tulevaisuudessa.<\/p>\n<p class=\"paragraph\">\u2013 H\u00e4n sanoi minulle vastik\u00e4\u00e4n, ett\u00e4 jos h\u00e4nell\u00e4 ei ole en\u00e4\u00e4 toivoa, h\u00e4n haluaisi silti l\u00e4\u00e4k\u00e4reidens\u00e4 kokeilevan h\u00e4neen kokeellisia l\u00e4\u00e4kkeit\u00e4, jos se voisi auttaa muita tulevaisuudessa, sisar kertoo kirjoituksessaan.<\/p>\n<p class=\"paragraph\">\u2013 Sisareni ajatteli aina muita, ja jos haluatte kunnioittaa h\u00e4nen perint\u00f6\u00e4\u00e4n, olkaa kiltimpi\u00e4, nostakaa toisia ja antakaa enemm\u00e4n aikaa ja resursseja muille, kuten h\u00e4n teki viimeiseen asti.<\/p>\n<p class=\"paragraph\">Sisar uskoo, ett\u00e4 Dolly Partonin l\u00e4hd\u00f6n hetki tuli \u201doikeaan aikaan\u201d. Legenda kuoli lyhyen sy\u00f6p\u00e4taistelun j\u00e4lkeen.<\/p>\n<p class=\"paragraph\">Parton otettiin hoitoon Tennesseen osavaltiossa sijaitsevaan sy\u00f6p\u00e4keskukseen 21. elokuuta. Samana p\u00e4iv\u00e4n\u00e4 h\u00e4n kertoi lehdelle k\u00e4rsineens\u00e4 terveysongelmista jo pidemm\u00e4n aikaa. T\u00e4hden edustaja vahvisti <a href=\"https:\/\/people.com\/dolly-parton-shares-health-update-while-announcing-plans-for-museum-exclusive-12065750\" rel=\"noopener nofollow\" target=\"_blank\">People-lehdelle<\/a>, ett\u00e4 kantrit\u00e4hti menehtyi vain nelj\u00e4 p\u00e4iv\u00e4\u00e4 my\u00f6hemmin l\u00e4heistens\u00e4 ymp\u00e4r\u00f6im\u00e4n\u00e4.<\/p>\n<p class=\"paragraph\">Stella Parton kuvailee heid\u00e4n v\u00e4lej\u00e4\u00e4n l\u00e4heisiksi. Molemmat olivat maalaistalon tytt\u00f6j\u00e4 ja nousivat aikaisin, joten he juoruilivat joka tiistai kahviensa \u00e4\u00e4ress\u00e4 puhelimessa ja suunnittelivat p\u00e4iv\u00e4\u00e4.<\/p>\n<p class=\"paragraph\">\u2013 Sisareni oli maailman anteliain, ajattelevaisin ja kiltein ihminen, jonka olen ikin\u00e4 tuntenut, h\u00e4n kirjoittaa.<\/p>\n<p class=\"paragraph\">\u2013 Minun tiistaiaamun kahvihetkeni eiv\u00e4t ole en\u00e4\u00e4 samanlaisia, mutta h\u00e4nen rakkautensa, kunnioituksensa ja hyvyytens\u00e4 j\u00e4\u00e4v\u00e4t el\u00e4m\u00e4\u00e4n.<\/p>\n","protected":false},"excerpt":{"rendered":"Kantrilegenda esitti sisarelleen yll\u00e4tt\u00e4v\u00e4n pyynn\u00f6n. Dolly Parton menehtyi tiistaina sairastettuaan sy\u00f6p\u00e4\u00e4. AOP Laulaja Dolly Parton kuoli tiistaina kotonaan&hellip;\n","protected":false},"author":2,"featured_media":337293,"comment_status":"","ping_status":"","sticky":false,"template":"","format":"standard","meta":{"footnotes":"","_share_on_mastodon":"0"},"categories":[130],"tags":[35,137,33,31,30,47,141,32,502,516,167,109],"class_list":["post-337292","post","type-post","status-publish","format-standard","has-post-thumbnail","category-viihde","tag-24h","tag-entertainment","tag-fi","tag-finland","tag-finnish","tag-musiikki","tag-muusikot-bandit","tag-suomi","tag-terveydenhoito","tag-terveydenhoitoala","tag-terveys","tag-viihde"],"share_on_mastodon":{"url":"https:\/\/pubeurope.com\/@fi\/117185576455106478","error":""},"_links":{"self":[{"href":"https:\/\/www.europesays.com\/fi\/wp-json\/wp\/v2\/posts\/337292","targetHints":{"allow":["GET"]}}],"collection":[{"href":"https:\/\/www.europesays.com\/fi\/wp-json\/wp\/v2\/posts"}],"about":[{"href":"https:\/\/www.europesays.com\/fi\/wp-json\/wp\/v2\/types\/post"}],"author":[{"embeddable":true,"href":"https:\/\/www.europesays.com\/fi\/wp-json\/wp\/v2\/users\/2"}],"replies":[{"embeddable":true,"href":"https:\/\/www.europesays.com\/fi\/wp-json\/wp\/v2\/comments?post=337292"}],"version-history":[{"count":0,"href":"https:\/\/www.europesays.com\/fi\/wp-json\/wp\/v2\/posts\/337292\/revisions"}],"wp:featuredmedia":[{"embeddable":true,"href":"https:\/\/www.europesays.com\/fi\/wp-json\/wp\/v2\/media\/337293"}],"wp:attachment":[{"href":"https:\/\/www.europesays.com\/fi\/wp-json\/wp\/v2\/media?parent=337292"}],"wp:term":[{"taxonomy":"category","embeddable":true,"href":"https:\/\/www.europesays.com\/fi\/wp-json\/wp\/v2\/categories?post=337292"},{"taxonomy":"post_tag","embeddable":true,"href":"https:\/\/www.europesays.com\/fi\/wp-json\/wp\/v2\/tags?post=337292"}],"curies":[{"name":"wp","href":"https:\/\/api.w.org\/{rel}","templated":true}]}}