{"id":337330,"date":"2026-08-30T18:08:10","date_gmt":"2026-08-30T18:08:10","guid":{"rendered":"https:\/\/www.europesays.com\/fi\/337330\/"},"modified":"2026-08-30T18:08:10","modified_gmt":"2026-08-30T18:08:10","slug":"karmiva-paljastus-euroopan-ohjuksista-ylittaa-kriittisen-tason","status":"publish","type":"post","link":"https:\/\/www.europesays.com\/fi\/337330\/","title":{"rendered":"Karmiva paljastus Euroopan ohjuksista: &#8221;Ylitt\u00e4\u00e4 kriittisen tason&#8221;"},"content":{"rendered":"<p>\n\tSanteri Lampi\t29.8.2026 22:02, muokattu<br \/>\n\t28.8.2026 14:58\n<\/p>\n<p>\t\t\t\t\t\t\t\t\tNato<\/p>\n<p class=\"wp-block-paragraph\">Yhdysvaltain armeijan pula edistyneist\u00e4 ilmatorjuntaohjuksista \u201dylitt\u00e4\u00e4 kriittisen tason\u201d Euroopassa, paljastaa asiaa nimett\u00f6m\u00e4sti kommentoiva Yhdysvaltain puolustusviranomainen uutistoimisto AP:lle.<\/p>\n<p class=\"wp-block-paragraph\">Syyn\u00e4 tilanteeseen ovat Yhdysvaltain sotatoimet Irania vastaan.<\/p>\n<p class=\"wp-block-paragraph\">Pula ilmatojuntakalustosta her\u00e4tt\u00e4\u00e4 AP:n mukaan huolta siit\u00e4, ett\u00e4 Naton j\u00e4senmaat ovat haavoittuvaisemmassa asemassa, jos Ven\u00e4j\u00e4 p\u00e4\u00e4tt\u00e4isi ryhty\u00e4 sotilaallisiin toimiin liittoumaan kuuluvaa maata vastaan.<\/p>\n<p class=\"wp-block-paragraph\">Yhdysvaltalaisen puolustusviranomaisen mukaan huolestuttavin vaje koskee Patriot-ilmatorjuntaohjuksia, joilla voidaan ampua alas Ven\u00e4j\u00e4n nopeita ballistisia ohjuksia.<\/p>\n<p class=\"wp-block-paragraph\">Nato-viranomainen on vahvistanut AP:lle Patriot-ohjusten v\u00e4h\u00e4iset varastom\u00e4\u00e4r\u00e4t Euroopassa. <\/p>\n<p class=\"wp-block-paragraph\">Amerikkalainen viranomainen varoittaa, ett\u00e4 Nato-maat joutuisivat samaan asemaan kuin Ukraina, jos Ven\u00e4j\u00e4 iskisi ballistisella ohjuksella esimerkiksi sotilasesikuntaan tai voimalaitokseen.<\/p>\n<p class=\"wp-block-paragraph\">Nato joutuisi h\u00e4nen mukaansa vain \u201dottamaan vastaan iskun toisensa j\u00e4lkeen\u201d.<\/p>\n<p class=\"wp-block-paragraph\">Viranomainen arvioi, ett\u00e4 t\u00e4ll\u00e4 hetkell\u00e4 Nato-maiden kyky puolustautua edes yksitt\u00e4isilt\u00e4 ballistisilta ohjusiskuilta tai harhautuneelta ven\u00e4l\u00e4isohjukselta olisi \u201deritt\u00e4in rajoitettu\u201d.<\/p>\n","protected":false},"excerpt":{"rendered":"Santeri Lampi 29.8.2026 22:02, muokattu 28.8.2026 14:58 Nato Yhdysvaltain armeijan pula edistyneist\u00e4 ilmatorjuntaohjuksista \u201dylitt\u00e4\u00e4 kriittisen tason\u201d Euroopassa, paljastaa&hellip;\n","protected":false},"author":2,"featured_media":337331,"comment_status":"","ping_status":"","sticky":false,"template":"","format":"standard","meta":{"footnotes":"","_share_on_mastodon":"0"},"categories":[14],"tags":[22,23,26,27,33,31,30,17,24,25,28,29,2579,15,18,21,32,19,20,549,56,16,547,59,60,61],"class_list":["post-337330","post","type-post","status-publish","format-standard","has-post-thumbnail","category-ulkomaat","tag-breaking-news","tag-breakingnews","tag-featured-news","tag-featurednews","tag-fi","tag-finland","tag-finnish","tag-headlines","tag-latest-news","tag-latestnews","tag-main-news","tag-mainnews","tag-nato","tag-news","tag-otsikot","tag-paauutiset","tag-suomi","tag-top-stories","tag-topstories","tag-ukrainan-sota","tag-ulkomaat","tag-uutiset","tag-venaja","tag-world","tag-world-news","tag-worldnews"],"share_on_mastodon":{"url":"https:\/\/pubeurope.com\/@fi\/117185800194175913","error":""},"_links":{"self":[{"href":"https:\/\/www.europesays.com\/fi\/wp-json\/wp\/v2\/posts\/337330","targetHints":{"allow":["GET"]}}],"collection":[{"href":"https:\/\/www.europesays.com\/fi\/wp-json\/wp\/v2\/posts"}],"about":[{"href":"https:\/\/www.europesays.com\/fi\/wp-json\/wp\/v2\/types\/post"}],"author":[{"embeddable":true,"href":"https:\/\/www.europesays.com\/fi\/wp-json\/wp\/v2\/users\/2"}],"replies":[{"embeddable":true,"href":"https:\/\/www.europesays.com\/fi\/wp-json\/wp\/v2\/comments?post=337330"}],"version-history":[{"count":0,"href":"https:\/\/www.europesays.com\/fi\/wp-json\/wp\/v2\/posts\/337330\/revisions"}],"wp:featuredmedia":[{"embeddable":true,"href":"https:\/\/www.europesays.com\/fi\/wp-json\/wp\/v2\/media\/337331"}],"wp:attachment":[{"href":"https:\/\/www.europesays.com\/fi\/wp-json\/wp\/v2\/media?parent=337330"}],"wp:term":[{"taxonomy":"category","embeddable":true,"href":"https:\/\/www.europesays.com\/fi\/wp-json\/wp\/v2\/categories?post=337330"},{"taxonomy":"post_tag","embeddable":true,"href":"https:\/\/www.europesays.com\/fi\/wp-json\/wp\/v2\/tags?post=337330"}],"curies":[{"name":"wp","href":"https:\/\/api.w.org\/{rel}","templated":true}]}}