{"id":337338,"date":"2026-08-30T18:25:10","date_gmt":"2026-08-30T18:25:10","guid":{"rendered":"https:\/\/www.europesays.com\/fi\/337338\/"},"modified":"2026-08-30T18:25:10","modified_gmt":"2026-08-30T18:25:10","slug":"selviytyjat-suomen-juhlakaudella-kisaavat-entiset-haviajat","status":"publish","type":"post","link":"https:\/\/www.europesays.com\/fi\/337338\/","title":{"rendered":"Selviytyj\u00e4t Suomen juhlakaudella kisaavat entiset h\u00e4vi\u00e4j\u00e4t"},"content":{"rendered":"<p>\n  10 vuotta t\u00e4ytt\u00e4v\u00e4n Selviytyj\u00e4t Suomen juhlakaudella Malesian tropiikkiin l\u00e4htee 16 aiemmilla kausilla pettym\u00e4\u00e4n joutunutta kilpailijaa.<\/p>\n<p>\n            Teksti:          <\/p>\n<p>\n            Onnimanni Liukkonen          <\/p>\n<p>Kilpailyrealityjen pit\u00e4\u00e4 pysy\u00e4 kiinnostavina vuodesta toiseen. Yksi tapa elvytt\u00e4\u00e4 katsojien mielenkiintoa, on tuoda ohjelmiin tuttuja kisailijoita takaisin. 10 vuotta t\u00e4ytt\u00e4v\u00e4n Selviytyj\u00e4t Suomen juhlakaudella Malesian tropiikkiin l\u00e4htee 16 aiemmilla kausilla pettym\u00e4\u00e4n joutunutta kilpailijaa.<\/p>\n<p>Kilpailijoista moni on j\u00e4\u00e4nyt katsojien mieleen. Ensimm\u00e4isen kauden tylyin pelaaja <strong>Juhana Helmenkalastaja <\/strong>vakuuttaa ensimm\u00e4isess\u00e4 jaksossa olevansa nyt syd\u00e4mellisempi kilpailija, mutta voikohan siihen uskoa? <\/p>\n<p><strong>Kerttu Rissanen<\/strong> puolestaan muistelee aiempaa Selviytyj\u00e4t-reissuaan kiusaamiskokemuksena. Omalla tavalla traaginen oli my\u00f6s sulkapalloilija <strong>Ville L\u00e5ngin<\/strong> ensimm\u00e4inen visiitti Selviytyjiss\u00e4. H\u00e4n putosi ensimm\u00e4isen kauden ensimm\u00e4isess\u00e4 jaksossa. <\/p>\n<p>Pisimm\u00e4lle omilla kausillaan p\u00e4\u00e4siv\u00e4t lumilautailija <strong>Heikki Sorsa<\/strong> ja radiotoimittaja <strong>Tommi Manninen<\/strong>. J\u00e4lkimm\u00e4inen sijoittui per\u00e4ti toiseksi. Tuoreimmat pelaajat ovat viime kaudella kilpailleet <strong>Linnea Vihonen<\/strong> ja <strong>Vivi Wahlstr\u00f6m<\/strong>. <\/p>\n<p>Lis\u00e4ksi uudella kaudella mukana ovat <strong>Alma H\u00e4t\u00f6nen<\/strong>, <strong>Kasperi Kauppinen<\/strong>, <strong>Sabina S\u00e4rkk\u00e4<\/strong>, <strong>Jon-Jon Geitel<\/strong>, <strong>Heidi \u00adSuomi<\/strong>, <strong>Roope Rannisto<\/strong>,<strong> Pinja Sanaksenaho<\/strong>, <strong>Emmi Suuronen<\/strong> ja <strong>Eino Heiskanen<\/strong>.<\/p>\n<p>Luvassa on tuttua juonittelua, liittoutumista, selk\u00e4\u00e4n puukottamista ja kilpailua koskemattomuudesta. Pettymyksen tunteet nousevat todellakin pintaan heti ensimm\u00e4isen jakson loppuratkaisuissa.<\/p>\n<p>Selviytyj\u00e4t Suomi, sunnuntai 30.8. klo 19.30, <a href=\"https:\/\/www.ruutu.fi\/ohjelmat\/selviytyjat-suomi\" target=\"_blank\" rel=\"noreferrer noopener nofollow\">Nelonen<\/a><\/p>\n<p><a href=\"https:\/\/seura.fi\/viihde\/julkkikset\/riku-rantala-tietaa-hietakarpaset\/\" target=\"_blank\" rel=\"noreferrer noopener nofollow\">Lue my\u00f6s: Selviytyj\u00e4t-juontaja Riku \u00adRantala kammoaa matkoillaan erityisesti yht\u00e4 asiaa: \u201dNe ovat ihan \u00adhirveit\u00e4!\u201d<\/a><\/p>\n","protected":false},"excerpt":{"rendered":"10 vuotta t\u00e4ytt\u00e4v\u00e4n Selviytyj\u00e4t Suomen juhlakaudella Malesian tropiikkiin l\u00e4htee 16 aiemmilla kausilla pettym\u00e4\u00e4n joutunutta kilpailijaa. Teksti: Onnimanni Liukkonen&hellip;\n","protected":false},"author":2,"featured_media":337339,"comment_status":"","ping_status":"","sticky":false,"template":"","format":"standard","meta":{"footnotes":"","_share_on_mastodon":"0"},"categories":[133],"tags":[137,33,31,30,2385,2658,32,206,2203,156,109],"class_list":["post-337338","post","type-post","status-publish","format-standard","has-post-thumbnail","category-televisiot","tag-entertainment","tag-fi","tag-finland","tag-finnish","tag-reality","tag-selviytyjat-suomi","tag-suomi","tag-televisiot","tag-tv-maailma","tag-tv","tag-viihde"],"share_on_mastodon":{"url":"https:\/\/pubeurope.com\/@fi\/117185867108184453","error":""},"_links":{"self":[{"href":"https:\/\/www.europesays.com\/fi\/wp-json\/wp\/v2\/posts\/337338","targetHints":{"allow":["GET"]}}],"collection":[{"href":"https:\/\/www.europesays.com\/fi\/wp-json\/wp\/v2\/posts"}],"about":[{"href":"https:\/\/www.europesays.com\/fi\/wp-json\/wp\/v2\/types\/post"}],"author":[{"embeddable":true,"href":"https:\/\/www.europesays.com\/fi\/wp-json\/wp\/v2\/users\/2"}],"replies":[{"embeddable":true,"href":"https:\/\/www.europesays.com\/fi\/wp-json\/wp\/v2\/comments?post=337338"}],"version-history":[{"count":0,"href":"https:\/\/www.europesays.com\/fi\/wp-json\/wp\/v2\/posts\/337338\/revisions"}],"wp:featuredmedia":[{"embeddable":true,"href":"https:\/\/www.europesays.com\/fi\/wp-json\/wp\/v2\/media\/337339"}],"wp:attachment":[{"href":"https:\/\/www.europesays.com\/fi\/wp-json\/wp\/v2\/media?parent=337338"}],"wp:term":[{"taxonomy":"category","embeddable":true,"href":"https:\/\/www.europesays.com\/fi\/wp-json\/wp\/v2\/categories?post=337338"},{"taxonomy":"post_tag","embeddable":true,"href":"https:\/\/www.europesays.com\/fi\/wp-json\/wp\/v2\/tags?post=337338"}],"curies":[{"name":"wp","href":"https:\/\/api.w.org\/{rel}","templated":true}]}}