{"id":337350,"date":"2026-08-30T18:34:16","date_gmt":"2026-08-30T18:34:16","guid":{"rendered":"https:\/\/www.europesays.com\/fi\/337350\/"},"modified":"2026-08-30T18:34:16","modified_gmt":"2026-08-30T18:34:16","slug":"tytoille-asennettiin-kierukoita-pakolla-gronlannissa-tanskassa-kiistellaan-yha-oliko-kyse-kansanmurhasta","status":"publish","type":"post","link":"https:\/\/www.europesays.com\/fi\/337350\/","title":{"rendered":"Tyt\u00f6ille asennettiin kierukoita pakolla Gr\u00f6nlannissa \u2013 Tanskassa kiistell\u00e4\u00e4n yh\u00e4, oliko kyse kansanmurhasta"},"content":{"rendered":"<p>\n\t\t\t\tJopa 4000 naiselle asennettiin ehk\u00e4isykierukka ilman heid\u00e4n suostumustaan reilut parikymment\u00e4 vuotta kest\u00e4neen ajanjakson aikana.\n\t\t\t<\/p>\n<p>\t\t\t\t\t\t\t\t\tGr\u00f6nlanti<\/p>\n<p class=\"wp-block-paragraph\">Gr\u00f6nlanti on ilmoittanut perustavansa totuus- ja sovintokomission selvitt\u00e4m\u00e4\u00e4n inuiittitytt\u00f6jen ja -naisten pakkoehk\u00e4isy\u00e4.<\/p>\n<p class=\"wp-block-paragraph\">Komissio p\u00e4\u00e4tettiin perustaa sen j\u00e4lkeen, kun asiantuntijat eiv\u00e4t p\u00e4\u00e4sseet yksimielisyyteen siit\u00e4, t\u00e4yttik\u00f6 pakkoehk\u00e4isy kansanmurhan tunnusmerkit.<\/p>\n<p class=\"wp-block-paragraph\">Yli 4\u2009000 gr\u00f6nlantilaiselle tyt\u00f6lle ja naiselle asennettiin ehk\u00e4isykierukka ilman heid\u00e4n suostumustaan 1960-luvulta 1990-luvun alkupuolelle ulottuvalla ajanjaksolla. <\/p>\n<p class=\"wp-block-paragraph\">Gr\u00f6nlanti sai Tanskalta vastuun alueen terveydenhuollon j\u00e4rjest\u00e4misest\u00e4 vuonna 1992, jonka j\u00e4lkeen pakkoasennuksia ei tiett\u00e4v\u00e4sti tehty.<\/p>\n<p class=\"wp-block-paragraph\">Nyt julkaistussa tutkintaraportissa todettiin, ett\u00e4 ehk\u00e4isykierukkojen asentaminen rikkoi lukuisia ihmisoikeuksia, vaikka kansanmurhakysymyksest\u00e4 ei l\u00f6ytynyt yhteisymm\u00e4rryst\u00e4.<\/p>\n<p class=\"wp-block-paragraph\">Pakkoehk\u00e4isy\u00e4 asennettiin jopa 12-vuotiaille tyt\u00f6ille. Osa pakkoehk\u00e4isyn saaneista ei voinut saada en\u00e4\u00e4 lapsia my\u00f6hemmin el\u00e4m\u00e4ss\u00e4\u00e4n.<\/p>\n<p class=\"wp-block-paragraph\">\u2013\u2009Emme voi hallituksen puolesta sanoa, oliko kyseess\u00e4 kansanmurha. T\u00e4m\u00e4 on asia, josta voimme viel\u00e4 keskustella, Gr\u00f6nlannin oikeusministeri <strong>Marianne Paviasen<\/strong> sanoi.<\/p>\n<p class=\"wp-block-paragraph\">Gr\u00f6nlannin p\u00e4\u00e4ministeri <strong>Jens-Frederik Nielsenin<\/strong> mukaan t\u00e4rkeint\u00e4 on nyt aloittaa toipumisprosessi. Tanskan p\u00e4\u00e4ministeri <strong>Mette Frederiksen<\/strong> painotti, ett\u00e4 jatkossa t\u00e4rkeint\u00e4 on edet\u00e4 yhteisty\u00f6ss\u00e4.<\/p>\n<p class=\"wp-block-paragraph\">Raporttia koostamaan nimetyt asiantuntijat tekiv\u00e4t lopulta kaksi eri raporttia. Yhden raportin mukaan kansanmurhaa ei tapahtunut, kun taas toisen raportin mukaan pakkoehk\u00e4isy mahdollisesti t\u00e4ytti kansanmurhan tunnusmerkit.<\/p>\n<p class=\"wp-block-paragraph\">Tanskan parlamentti p\u00e4\u00e4si torstaina sopuun siit\u00e4, ett\u00e4 ehk\u00e4isyyn pakotetut naiset voivat hakea korvausta Tanskan valtiolta.<\/p>\n<p class=\"wp-block-paragraph\">Uutisointi on her\u00e4tt\u00e4nyt henkiin vuosikymmeni\u00e4 vanhoja traumoja.<\/p>\n<p class=\"wp-block-paragraph\">\u2013\u2009Tajusin, mit\u00e4 kaikkea se oli minulle maksanut \u2013 kaikki ne sairaalajaksot, leikkaukset, menetetyt koulup\u00e4iv\u00e4t ja ennen kaikkea ne kivut, joita en ollut koskaan yhdist\u00e4nyt siihen kirottuun kierukkaan, <strong>Kirstine Najarak Berthelsen<\/strong> totesi uutistoimisto AFP:lle.<\/p>\n<p class=\"wp-block-paragraph\">P\u00e4\u00e4ministeri Frederiksen oli kompensaatioiden kannalla. H\u00e4n my\u00f6s esitti Tanskan virallisen anteeksipyynn\u00f6n pakkoehk\u00e4isyst\u00e4 viime vuonna.<\/p>\n<p class=\"wp-block-paragraph\">Skandaali k\u00e4vi ensi kertaa ilmi, kun yksi uhreista puhui kokemuksistaan medialle. Vuonna 2022 toteutettu podcast-sarja sen sijaan paljasti Tanskan ajaman kampanjan laajuuden.<\/p>\n<p class=\"wp-block-paragraph\">Gr\u00f6nlanti ja Tanska ovat selvitt\u00e4neet muitakin historian kipukohtia kuten lapsien pakkoadoptointia ilman heid\u00e4n vanhempiensa suostumusta.<\/p>\n<p class=\"wp-block-paragraph\">Gr\u00f6nlanti on Tanskalle kuuluva itsehallintoalue.<\/p>\n","protected":false},"excerpt":{"rendered":"Jopa 4000 naiselle asennettiin ehk\u00e4isykierukka ilman heid\u00e4n suostumustaan reilut parikymment\u00e4 vuotta kest\u00e4neen ajanjakson aikana. Gr\u00f6nlanti Gr\u00f6nlanti on ilmoittanut&hellip;\n","protected":false},"author":2,"featured_media":337351,"comment_status":"","ping_status":"","sticky":false,"template":"","format":"standard","meta":{"footnotes":"","_share_on_mastodon":"0"},"categories":[14],"tags":[22,23,26,27,33,31,30,4538,17,24,25,28,29,15,18,21,32,1014,19,20,56,16,59,60,61],"class_list":["post-337350","post","type-post","status-publish","format-standard","has-post-thumbnail","category-ulkomaat","tag-breaking-news","tag-breakingnews","tag-featured-news","tag-featurednews","tag-fi","tag-finland","tag-finnish","tag-gronlanti","tag-headlines","tag-latest-news","tag-latestnews","tag-main-news","tag-mainnews","tag-news","tag-otsikot","tag-paauutiset","tag-suomi","tag-tanska","tag-top-stories","tag-topstories","tag-ulkomaat","tag-uutiset","tag-world","tag-world-news","tag-worldnews"],"share_on_mastodon":{"url":"https:\/\/pubeurope.com\/@fi\/117185902543852110","error":""},"_links":{"self":[{"href":"https:\/\/www.europesays.com\/fi\/wp-json\/wp\/v2\/posts\/337350","targetHints":{"allow":["GET"]}}],"collection":[{"href":"https:\/\/www.europesays.com\/fi\/wp-json\/wp\/v2\/posts"}],"about":[{"href":"https:\/\/www.europesays.com\/fi\/wp-json\/wp\/v2\/types\/post"}],"author":[{"embeddable":true,"href":"https:\/\/www.europesays.com\/fi\/wp-json\/wp\/v2\/users\/2"}],"replies":[{"embeddable":true,"href":"https:\/\/www.europesays.com\/fi\/wp-json\/wp\/v2\/comments?post=337350"}],"version-history":[{"count":0,"href":"https:\/\/www.europesays.com\/fi\/wp-json\/wp\/v2\/posts\/337350\/revisions"}],"wp:featuredmedia":[{"embeddable":true,"href":"https:\/\/www.europesays.com\/fi\/wp-json\/wp\/v2\/media\/337351"}],"wp:attachment":[{"href":"https:\/\/www.europesays.com\/fi\/wp-json\/wp\/v2\/media?parent=337350"}],"wp:term":[{"taxonomy":"category","embeddable":true,"href":"https:\/\/www.europesays.com\/fi\/wp-json\/wp\/v2\/categories?post=337350"},{"taxonomy":"post_tag","embeddable":true,"href":"https:\/\/www.europesays.com\/fi\/wp-json\/wp\/v2\/tags?post=337350"}],"curies":[{"name":"wp","href":"https:\/\/api.w.org\/{rel}","templated":true}]}}