{"id":337364,"date":"2026-08-30T18:55:09","date_gmt":"2026-08-30T18:55:09","guid":{"rendered":"https:\/\/www.europesays.com\/fi\/337364\/"},"modified":"2026-08-30T18:55:09","modified_gmt":"2026-08-30T18:55:09","slug":"sami-pajari-ajoi-taas-mm-rallin-voittoon-ero-mm-johtajaan-kaventui-urheilu","status":"publish","type":"post","link":"https:\/\/www.europesays.com\/fi\/337364\/","title":{"rendered":"Sami Pajari ajoi taas MM-rallin voittoon \u2013 ero MM-johtajaan kaventui | Urheilu"},"content":{"rendered":"<p class=\"aw__sc-1qwuw0s-0 aw__sc-1vg2sqm-0 epAWpq ecELkD yle__article__paragraph\">Paraguayn soratiet olivat haastavia kuljettajille. Sami Pajari kiersi kivet ja ajoi MM-rallin voittoon.<\/p>\n<p>Sami Pajari tuuletti Paraguayn MM-rallin voittoa.<\/p>\n<p class=\"aw__sc-1qwuw0s-0 aw__sc-16t12w3-0 epAWpq ilisRd yle__accessibilityText\">Osa artikkelin sis\u00e4ll\u00f6st\u00e4 ei ole v\u00e4ltt\u00e4m\u00e4tt\u00e4 saavutettavissa esimerkiksi ruudunlukuohjelmalla.<\/p>\n<p class=\"aw__sc-1qwuw0s-0 aw__sc-ngllmo-0 epAWpq fzYpjk yle__article__paragraph\"><strong class=\"aw__sc-ngllmo-2 gdRrun yle__article__strong\">Sami Pajari<\/strong> on ajanut uransa kolmanteen rallin MM-sarjan osakilpailuvoittoon.<\/p>\n<p class=\"aw__sc-1qwuw0s-0 aw__sc-ngllmo-0 epAWpq fzYpjk yle__article__paragraph\">Paraguayn osakilpailuvoitto on Pajarille my\u00f6s kolmas per\u00e4tt\u00e4inen. H\u00e4n voitti aiemmin hein\u00e4kuussa Viron osakilpailun ja seuraavaksi my\u00f6s Suomen MM-rallin.<\/p>\n<p class=\"aw__sc-1qwuw0s-0 aw__sc-ngllmo-0 epAWpq fzYpjk yle__article__paragraph\">Kilpailussa toiseksi ajoi Hyundai-kuljettaja <strong class=\"aw__sc-ngllmo-2 gdRrun yle__article__strong\">Hayden Paddon<\/strong> ennen tallikaveriaan <strong class=\"aw__sc-ngllmo-2 gdRrun yle__article__strong\">Adrien Formauxia<\/strong>. MM-sarjaa johtava <strong class=\"aw__sc-ngllmo-2 gdRrun yle__article__strong\">Elfyn Evans<\/strong> j\u00e4tettiin rallissa nelj\u00e4nneksi, mik\u00e4 kavensi sarjassa toisena olevan Pajarin eroa walesilaiseen.<\/p>\n<p class=\"aw__sc-1qwuw0s-0 aw__sc-ngllmo-0 epAWpq fzYpjk yle__article__paragraph\">\u2013 Mielet\u00f6nt\u00e4. Suuret kiitokset tallille j\u00e4lleen kerran. Ei ollut helppo ralli. Ei kuljettajille, mutta ei my\u00f6sk\u00e4\u00e4n tiimillek\u00e4\u00e4n. N\u00e4in luotettavan auton rakentaminen on avain menestykseen. Olen todella, todella ylpe\u00e4 ja todella onnellinen, Pajari tunnelmoi maalissa.<\/p>\n<p class=\"aw__sc-1qwuw0s-0 aw__sc-ngllmo-0 epAWpq fzYpjk yle__article__paragraph\">Evans johtaa MM-sarjaa Pajariin n\u00e4hden nyt 20 pisteen erolla. Kautta on viel\u00e4 j\u00e4ljell\u00e4 kahdesta kolmeen osakilpailua riippuen siit\u00e4, ajetaanko viimeist\u00e4 kilpailua Saudi-Arabiassa.<\/p>\n<p class=\"aw__sc-1qwuw0s-0 aw__sc-ngllmo-0 epAWpq fzYpjk yle__article__paragraph\">\u2013 Tuntuu todella hyv\u00e4lt\u00e4. En tied\u00e4 sen enemp\u00e4\u00e4 pisteist\u00e4, mutta yrit\u00e4mme tehd\u00e4 parhaamme mestaruustaistossa, Pajari sanoi.<\/p>\n<p><img decoding=\"async\" alt=\"Sami Pajari Paraguayn MM-rallissa.\" src=\"https:\/\/www.europesays.com\/fi\/wp-content\/uploads\/2026\/08\/1788116109_598_1787942835.jpeg\" loading=\"lazy\" class=\"aw__sc-dklauk-0 LPzKX\"\/><\/p>\n<p>Avaa kuvien katselu<\/p>\n<p>Paraguayn tiet olivat kuljettajille haastavia. Pajari hallitsi olosuhteet. Kuva: Alamy\/All Over PressPaljon ulosajoja<\/p>\n<p class=\"aw__sc-1qwuw0s-0 aw__sc-ngllmo-0 epAWpq fzYpjk yle__article__paragraph\">Pajari nousi Paraguayssa k\u00e4rkipaikalle jo perjantaina, kun <strong class=\"aw__sc-ngllmo-2 gdRrun yle__article__strong\">Hayden Paddon<\/strong> ja <strong class=\"aw__sc-ngllmo-2 gdRrun yle__article__strong\">Elfyn Evans<\/strong> k\u00e4rsiv\u00e4t rengasrikoista. Paraguayn kivisill\u00e4 sorateill\u00e4 useilla kuljettajilla oli muutenkin haasteita.<\/p>\n<p class=\"aw__sc-1qwuw0s-0 aw__sc-ngllmo-0 epAWpq fzYpjk yle__article__paragraph\">Ulos ajoivat esimerkiksi <strong class=\"aw__sc-ngllmo-2 gdRrun yle__article__strong\">Oliver Solberg<\/strong>, <strong class=\"aw__sc-ngllmo-2 gdRrun yle__article__strong\">Sebastien Ogier<\/strong>, <strong class=\"aw__sc-ngllmo-2 gdRrun yle__article__strong\">Thierry Neuville<\/strong> ja <strong class=\"aw__sc-ngllmo-2 gdRrun yle__article__strong\">Takamoto Katsuta<\/strong> kahteenkin otteeseen. Katsuta ajoi perjantain lis\u00e4ksi ulos my\u00f6s sunnuntaina, ja h\u00e4net vietiin varotoimenpiteen\u00e4 sairaalaan jatkotutkimuksiin.<\/p>\n<p class=\"aw__sc-1qwuw0s-0 aw__sc-ngllmo-0 epAWpq fzYpjk yle__article__paragraph\">Ulosajojen ja rengasrikkojen avittamana Pajari p\u00e4\u00e4si turvallisen tuntuiseen johtoon. H\u00e4n hallitsi tilannetta hyvin, eik\u00e4 pyrkinyt ottamaan turhia riskej\u00e4 renkaidensa kanssa.<\/p>\n<p class=\"aw__sc-1qwuw0s-0 aw__sc-ngllmo-0 epAWpq fzYpjk yle__article__paragraph\">MM-rallikausi jatkuu seuraavaksi Chiless\u00e4 10.\u201313. syyskuuta.<\/p>\n<p class=\"aw__sc-1qwuw0s-0 aw__sc-ngllmo-0 epAWpq fzYpjk yle__article__paragraph\">Uutinen p\u00e4ivittyy.<\/p>\n","protected":false},"excerpt":{"rendered":"Paraguayn soratiet olivat haastavia kuljettajille. Sami Pajari kiersi kivet ja ajoi MM-rallin voittoon. Sami Pajari tuuletti Paraguayn MM-rallin&hellip;\n","protected":false},"author":2,"featured_media":337365,"comment_status":"","ping_status":"","sticky":false,"template":"","format":"standard","meta":{"footnotes":"","_share_on_mastodon":"0"},"categories":[158],"tags":[33,31,30,3241,3540,5803,159,32,160],"class_list":["post-337364","post","type-post","status-publish","format-standard","has-post-thumbnail","category-urheilu","tag-fi","tag-finland","tag-finnish","tag-ralliautoilu","tag-rallin-mm-sarja","tag-sami-pajari","tag-sports","tag-suomi","tag-urheilu"],"share_on_mastodon":{"url":"https:\/\/pubeurope.com\/@fi\/117185985657472367","error":""},"_links":{"self":[{"href":"https:\/\/www.europesays.com\/fi\/wp-json\/wp\/v2\/posts\/337364","targetHints":{"allow":["GET"]}}],"collection":[{"href":"https:\/\/www.europesays.com\/fi\/wp-json\/wp\/v2\/posts"}],"about":[{"href":"https:\/\/www.europesays.com\/fi\/wp-json\/wp\/v2\/types\/post"}],"author":[{"embeddable":true,"href":"https:\/\/www.europesays.com\/fi\/wp-json\/wp\/v2\/users\/2"}],"replies":[{"embeddable":true,"href":"https:\/\/www.europesays.com\/fi\/wp-json\/wp\/v2\/comments?post=337364"}],"version-history":[{"count":0,"href":"https:\/\/www.europesays.com\/fi\/wp-json\/wp\/v2\/posts\/337364\/revisions"}],"wp:featuredmedia":[{"embeddable":true,"href":"https:\/\/www.europesays.com\/fi\/wp-json\/wp\/v2\/media\/337365"}],"wp:attachment":[{"href":"https:\/\/www.europesays.com\/fi\/wp-json\/wp\/v2\/media?parent=337364"}],"wp:term":[{"taxonomy":"category","embeddable":true,"href":"https:\/\/www.europesays.com\/fi\/wp-json\/wp\/v2\/categories?post=337364"},{"taxonomy":"post_tag","embeddable":true,"href":"https:\/\/www.europesays.com\/fi\/wp-json\/wp\/v2\/tags?post=337364"}],"curies":[{"name":"wp","href":"https:\/\/api.w.org\/{rel}","templated":true}]}}