{"id":337376,"date":"2026-08-30T19:02:16","date_gmt":"2026-08-30T19:02:16","guid":{"rendered":"https:\/\/www.europesays.com\/fi\/337376\/"},"modified":"2026-08-30T19:02:16","modified_gmt":"2026-08-30T19:02:16","slug":"yksi-datakeskus-voi-vieda-lahes-kymmenesosan-suomen-sahkosta-kunnat-eivat-pida-kulutusta-ongelmana-kanta-hame","status":"publish","type":"post","link":"https:\/\/www.europesays.com\/fi\/337376\/","title":{"rendered":"Yksi datakeskus voi vied\u00e4 l\u00e4hes kymmenes\u00adosan Suomen s\u00e4hk\u00f6st\u00e4 \u2013 kunnat eiv\u00e4t pid\u00e4 kulutusta ongelmana | Kanta-H\u00e4me"},"content":{"rendered":"<ul class=\"aw__sc-1yb43iq-0 gFXHv yle__article__list yle__article__list--ul\">\n<li class=\"aw__sc-1yb43iq-1 gVAzbt\">Fingrid arvioi, ett\u00e4 datakeskusrakentaminen lis\u00e4\u00e4 s\u00e4hk\u00f6n kulutusta merkitt\u00e4v\u00e4sti. My\u00f6s s\u00e4hk\u00f6n hinta voi nousta.<\/li>\n<li class=\"aw__sc-1yb43iq-1 gVAzbt\">Kuntien johto ei pid\u00e4 s\u00e4hk\u00f6n hintaa kuntien ongelmana. Datakeskukset tuovat ty\u00f6t\u00e4 ja verotuloja.<\/li>\n<li class=\"aw__sc-1yb43iq-1 gVAzbt\">LUT-yliopiston professori sanoo, ett\u00e4 fossiilitonta s\u00e4hk\u00f6\u00e4 on riitt\u00e4v\u00e4sti. Joustavat datakeskukset voivat tasata tuotantoa.<\/li>\n<\/ul>\n<p class=\"aw__sc-1qwuw0s-0 aw__sc-ngllmo-0 epAWpq fzYpjk yle__article__paragraph\">Kuntien johdossa koetaan, ett\u00e4 datakeskusrakentamisen mahdolliset vaikutukset s\u00e4hk\u00f6n hintaan eiv\u00e4t ole kuntien murhe.<\/p>\n<p class=\"aw__sc-1qwuw0s-0 aw__sc-ngllmo-0 epAWpq fzYpjk yle__article__paragraph\">Kritiikki datakeskuksia kohtaan kasvaa <a class=\"aw__sc-ngllmo-1 bTDnwX yle__article__link\" href=\"https:\/\/yle.fi\/a\/74-20145652\" role=\"link\" rel=\"nofollow noopener\" target=\"_blank\">Suomessa<\/a> ja maailmalla.<\/p>\n<p><img decoding=\"async\" alt=\"Datakeskuksen rakennuksia kuvattuna ilmasta.\" src=\"https:\/\/www.europesays.com\/fi\/wp-content\/uploads\/2026\/08\/1760950261.jpeg\" class=\"aw__sc-dklauk-0 LPzKX\"\/><\/p>\n<p class=\"aw__sc-1qwuw0s-0 aw__sc-ngllmo-0 epAWpq fzYpjk yle__article__paragraph\">Silti datakeskushankkeiden m\u00e4\u00e4r\u00e4 ei n\u00e4yt\u00e4 hiipumisen merkkej\u00e4.<\/p>\n<p class=\"aw__sc-1qwuw0s-0 aw__sc-ngllmo-0 epAWpq fzYpjk yle__article__paragraph\">Esimerkiksi Lahti kertoi alkuviikosta, ett\u00e4 kaupunkiin <a class=\"aw__sc-ngllmo-1 bTDnwX yle__article__link\" href=\"https:\/\/yle.fi\/a\/74-20242833\" role=\"link\" rel=\"nofollow noopener\" target=\"_blank\">suunnitellaan jo toista datakeskusta<\/a>.<\/p>\n<ul class=\"aw__sc-1yb43iq-0 gFXHv yle__article__list yle__article__list--ul\">\n<li class=\"aw__sc-1yb43iq-1 gVAzbt\">Datakeskuksessa eli palvelinkeskuksessa on valtava m\u00e4\u00e4r\u00e4 tietokoneita, joita k\u00e4ytet\u00e4\u00e4n netin tietomassojen tallentamiseen ja k\u00e4sittelyyn.<\/li>\n<li class=\"aw__sc-1yb43iq-1 gVAzbt\">Kaikki internetin palvelut sosiaalisesta mediasta suoratoistopalveluihin tarvitsevat datakeskuksia.<\/li>\n<li class=\"aw__sc-1yb43iq-1 gVAzbt\">Datakeskukset k\u00e4ytt\u00e4v\u00e4t runsaasti energiaa tietokoneisiin ja rakennusten viilennykseen.<\/li>\n<li class=\"aw__sc-1yb43iq-1 gVAzbt\">Teko\u00e4lybuumi lis\u00e4\u00e4 datakeskusten tarvetta.<\/li>\n<\/ul>\n<p class=\"aw__sc-1qwuw0s-0 aw__sc-ngllmo-0 epAWpq fzYpjk yle__article__paragraph\">Datakeskusten luvitus on k\u00e4yt\u00e4nn\u00f6ss\u00e4 kuntien hallussa, sill\u00e4 kunnat p\u00e4\u00e4tt\u00e4v\u00e4t kaavoituksesta ja rakentamisluvista.<\/p>\n<p class=\"aw__sc-1qwuw0s-0 aw__sc-ngllmo-0 epAWpq fzYpjk yle__article__paragraph\">Kysyimme kolmen kunnan johdosta, miten kunnissa huomioidaan kansalaisten huoli esimerkiksi s\u00e4hk\u00f6n hinnan nousupaineista.<\/p>\n<p class=\"aw__sc-1qwuw0s-0 aw__sc-ngllmo-0 epAWpq fzYpjk yle__article__paragraph\">Forssassa on parhaillaan k\u00e4ynniss\u00e4 maanrakennusty\u00f6t Suomen suurinta datakeskusta varten.<\/p>\n<p class=\"aw__sc-1qwuw0s-0 aw__sc-ngllmo-0 epAWpq fzYpjk yle__article__paragraph\"><strong class=\"aw__sc-ngllmo-2 gdRrun yle__article__strong\">Kaupunginjohtaja Jari Kes\u00e4niemi uskoo, ettei hankkeella ole mit\u00e4\u00e4n vaikutusta s\u00e4hk\u00f6n hintaan:<\/strong><\/p>\n<p>Video: Tiina Kokko \/ Yle, Juha-Petri Koponen \/ YleDatakeskukset kasvattavat s\u00e4hk\u00f6n kulutusta<\/p>\n<p class=\"aw__sc-1qwuw0s-0 aw__sc-ngllmo-0 epAWpq fzYpjk yle__article__paragraph\">Kantaverkkoyhti\u00f6 Fingrid kertoi elokuun puoliv\u00e4liss\u00e4, ett\u00e4 <a class=\"aw__sc-ngllmo-1 bTDnwX yle__article__link\" href=\"https:\/\/www.fingrid.fi\/ajankohtaista\/tiedotteet\/2026\/sahkonkulutus-on-kaantymassa-voimakkaaseen-kasvuun--rinnalle-tarvitaan-lisaa-saatovoimaa\/\" role=\"link\" rel=\"nofollow noopener\" target=\"_blank\">s\u00e4hk\u00f6nkulutus on k\u00e4\u00e4ntym\u00e4ss\u00e4 Suomessa voimakkaaseen kasvuun<\/a>. Erityisesti datakeskus- ja s\u00e4hk\u00f6kattilahankkeet ovat lis\u00e4nneet kasvua.<\/p>\n<p class=\"aw__sc-1qwuw0s-0 aw__sc-ngllmo-0 epAWpq fzYpjk yle__article__paragraph\">Fingrid arvioi, ett\u00e4 jos hankkeet toteutuvat t\u00e4ysim\u00e4\u00e4r\u00e4isin\u00e4, ne kasvattaisivat s\u00e4hk\u00f6kulutusta l\u00e4hes 40 prosenttia seuraavien viiden vuoden aikana.<\/p>\n<p class=\"aw__sc-1qwuw0s-0 aw__sc-ngllmo-0 epAWpq fzYpjk yle__article__paragraph\">Fingridin verkonsuunnittelusta vastaava johtaja <strong class=\"aw__sc-ngllmo-2 gdRrun yle__article__strong\">Jussi Jyrinsalo<\/strong> totesi Helsingin Sanomien haastattelussa, ett\u00e4 jos suuri osa suunnitelluista datakeskushankkeista toteutuu, <a class=\"aw__sc-ngllmo-1 bTDnwX yle__article__link\" href=\"https:\/\/www.hs.fi\/politiikka\/art-2000012208602.html\" role=\"link\" rel=\"nofollow noopener\" target=\"_blank\">s\u00e4hk\u00f6n hinta voi nousta<\/a>.<\/p>\n<p class=\"aw__sc-1qwuw0s-0 aw__sc-ngllmo-0 epAWpq fzYpjk yle__article__paragraph\">Lahden kaupunginjohtaja <strong class=\"aw__sc-ngllmo-2 gdRrun yle__article__strong\">Niko Kyyn\u00e4r\u00e4inen<\/strong> ymm\u00e4rt\u00e4\u00e4 kansalaisten huolen s\u00e4hk\u00f6n riitt\u00e4vyydest\u00e4 ja hinnan vaihtelusta.<\/p>\n<p class=\"aw__sc-1qwuw0s-0 aw__sc-ngllmo-0 epAWpq fzYpjk yle__article__paragraph\"><strong class=\"aw__sc-ngllmo-2 gdRrun yle__article__strong\">Samalla h\u00e4n huomauttaa, ettei asia ole kaupungin k\u00e4siss\u00e4:<\/strong><\/p>\n<p>Video: Juha-Petri KoponenVoisivat jopa tasata s\u00e4hk\u00f6n tuotannon vaihtelua<\/p>\n<p class=\"aw__sc-1qwuw0s-0 aw__sc-ngllmo-0 epAWpq fzYpjk yle__article__paragraph\">Yksi iso kysymys julkisessa keskustelussa on s\u00e4hk\u00f6n riitt\u00e4vyys. Esimerkiksi Lahti Energia arvioi, ett\u00e4 parhaillaan rakenteilla oleva datakeskus tuplaa Lahden s\u00e4hk\u00f6nkulutuksen.<\/p>\n<p class=\"aw__sc-1qwuw0s-0 aw__sc-ngllmo-0 epAWpq fzYpjk yle__article__paragraph\">Suomessa valtaosa s\u00e4hk\u00f6st\u00e4 tuotetaan fossiilivapaasti.<\/p>\n<p class=\"aw__sc-1qwuw0s-0 aw__sc-ngllmo-0 epAWpq fzYpjk yle__article__paragraph\">LUT-yliopiston energiamarkkinoiden ja energiaj\u00e4rjestelmien professori <strong class=\"aw__sc-ngllmo-2 gdRrun yle__article__strong\">Samuli Honkapuro<\/strong> sanoo, ett\u00e4 Suomessa on rakennettu tuuli- ja aurinkovoimaa niin paljon, ett\u00e4 fossiilitonta energiantuotantoa on hyvin saatavilla my\u00f6s lis\u00e4\u00e4ntyvien datakeskusten tarpeisiin.<\/p>\n<p class=\"aw__sc-1qwuw0s-0 aw__sc-ngllmo-0 epAWpq fzYpjk yle__article__paragraph\">\u2013 Energiantuotannon n\u00e4k\u00f6kulmasta ei ole haastetta, mutta keskeinen kysymys on, miten joustavia datakeskuskuormat ovat mahdollisissa s\u00e4hk\u00f6n niukkuustilanteissa.<\/p>\n<p><img decoding=\"async\" alt=\"Tietokoneella tehty havainnekuva datakeskuksesta.\" src=\"https:\/\/www.europesays.com\/fi\/wp-content\/uploads\/2026\/08\/1787748504.jpeg\" loading=\"lazy\" class=\"aw__sc-dklauk-0 LPzKX\"\/><\/p>\n<p>Avaa kuvien katselu<\/p>\n<p>Samuli Honkapuron mukaan Lahteen suunnitellun uuden datakeskuksen malli varavoimaj\u00e4rjestelm\u00e4st\u00e4 on kannatettava ratkaisu. Havainnekuva. Kuva: Granlund <\/p>\n<p class=\"aw__sc-1qwuw0s-0 aw__sc-ngllmo-0 epAWpq fzYpjk yle__article__paragraph\">\u2013 Pit\u00e4isi olla joustavaa kapasiteettia, mit\u00e4 my\u00f6skin saadaan markkinalle ja sit\u00e4 kautta t\u00e4llaisesta datakeskuksesta voisi tulla ongelman sijaan ratkaisu energiaj\u00e4rjestelm\u00e4n niukkuustilanteisiin, Honkapuro sanoo.<\/p>\n<p class=\"aw__sc-1qwuw0s-0 aw__sc-ngllmo-0 epAWpq fzYpjk yle__article__paragraph\">Honkapuron mukaan datakeskukset voivat tarvittaessa siirt\u00e4\u00e4 datakeskusten laskentatehoa muissa maissa sijaitseviin keskuksiin, jos s\u00e4hk\u00f6nsaatavuus on heikko tai hinta liian korkea.<\/p>\n<p class=\"aw__sc-1qwuw0s-0 aw__sc-ngllmo-0 epAWpq fzYpjk yle__article__paragraph\">Honkapuro muistuttaa, ett\u00e4 datakeskukset eiv\u00e4t heti rakentamisen valmistuttua k\u00e4yt\u00e4 maksimitehoa.<\/p>\n<p class=\"aw__sc-1qwuw0s-0 aw__sc-ngllmo-0 epAWpq fzYpjk yle__article__paragraph\">\u2013 Saattaa olla, ett\u00e4 t\u00e4ytt\u00e4 suunnittelutehoa ei ehk\u00e4 saavutetakaan.<\/p>\n<p>Forssaan Suomen suurin datakeskus<\/p>\n<p class=\"aw__sc-1qwuw0s-0 aw__sc-ngllmo-0 epAWpq fzYpjk yle__article__paragraph\">Forssaan, keskelle voimalinjan halkomaa kantah\u00e4m\u00e4l\u00e4ist\u00e4 mets\u00e4maisemaa suunniteltu <a class=\"aw__sc-ngllmo-1 bTDnwX yle__article__link\" href=\"https:\/\/yle.fi\/a\/74-20190010\" role=\"link\" rel=\"nofollow noopener\" target=\"_blank\">j\u00e4ttim\u00e4inen datakeskus<\/a> kuluttaisi jopa noin kahdeksan prosenttia Suomessa k\u00e4ytetyst\u00e4 s\u00e4hk\u00f6st\u00e4, jos keskus toteutuu t\u00e4ydess\u00e4 laajuudessaan.<\/p>\n<p><img decoding=\"async\" alt=\"Mies tumma puku yll\u00e4\u00e4n istuu neuvotteluhuoneessa pitk\u00e4n p\u00f6yd\u00e4n p\u00e4\u00e4ss\u00e4. Taustalla taulu ja kasvi.\" src=\"https:\/\/www.europesays.com\/fi\/wp-content\/uploads\/2026\/08\/1787899372.jpeg\" loading=\"lazy\" class=\"aw__sc-dklauk-0 LPzKX\"\/><\/p>\n<p>Avaa kuvien katselu<\/p>\n<p>Forssan kaupunginjohtaja Jari Kes\u00e4niemi toteaa, ett\u00e4 Forssan datakeskus on valtava mahdollisuus kaupungille, seutukunnalle, maakunnalle ja koko Suomelle. Kuva: Tiina Kokko \/ Yle<\/p>\n<p class=\"aw__sc-1qwuw0s-0 aw__sc-ngllmo-0 epAWpq fzYpjk yle__article__paragraph\">Forssan kaupunginjohtaja <strong class=\"aw__sc-ngllmo-2 gdRrun yle__article__strong\">Jari Kes\u00e4niemi<\/strong> toteaa, ett\u00e4 kantaverkkoyhti\u00f6 Fingrid on luvannut s\u00e4hk\u00f6n riitt\u00e4v\u00e4n Forssan j\u00e4ttim\u00e4isell\u00e4 datakeskushankkeelle.<\/p>\n<p class=\"aw__sc-1qwuw0s-0 aw__sc-ngllmo-0 epAWpq fzYpjk yle__article__paragraph\">Kes\u00e4niemi nostaa esille my\u00f6s, ett\u00e4 datakeskukset tuovat automaattisesti mukanaan vihre\u00e4n siirtym\u00e4n hankkeita.<\/p>\n<p class=\"aw__sc-1qwuw0s-0 aw__sc-ngllmo-0 epAWpq fzYpjk yle__article__paragraph\">\u2013 Itse asiassa tuntuu, ett\u00e4 t\u00e4ll\u00e4 hetkell\u00e4 ne ovat suurin yksitt\u00e4inen ajuri n\u00e4ille vihreiden siirtym\u00e4n hankkeille.<\/p>\n<p>\u201dMik\u00e4 olisi se syy, ett\u00e4 sanoisimme kiitos ei\u201d<\/p>\n<p class=\"aw__sc-1qwuw0s-0 aw__sc-ngllmo-0 epAWpq fzYpjk yle__article__paragraph\">Janakkalaan, Kolmostien kupeeseen suunniteltu datakeskus on luvitusvaiheessa. Asukkaille j\u00e4rjestettiin hiljattain infotilaisuus. Paikalla oli viitisenkymment\u00e4 kuulijaa.<\/p>\n<p class=\"aw__sc-1qwuw0s-0 aw__sc-ngllmo-0 epAWpq fzYpjk yle__article__paragraph\"><strong class=\"aw__sc-ngllmo-2 gdRrun yle__article__strong\">Yksi heist\u00e4 oli Ville Rajala, jonka kodin l\u00e4helle datakeskusta suunnitellaan:<\/strong><\/p>\n<p>Video: Harri Oksanen \/ Yle, Juha-Petri Koponen \/ Yle<\/p>\n<p class=\"aw__sc-1qwuw0s-0 aw__sc-ngllmo-0 epAWpq fzYpjk yle__article__paragraph\">Kunnanjohtaja <strong class=\"aw__sc-ngllmo-2 gdRrun yle__article__strong\">Riikka Moilanen<\/strong> toteaa, ett\u00e4 kunnan teht\u00e4v\u00e4n\u00e4 on arvioida lupak\u00e4yt\u00e4nt\u00f6 ja ymp\u00e4rist\u00f6vaikutukset, kuten muidenkin investointien kohdalla. Sen sijaan s\u00e4hk\u00f6n riitt\u00e4vyys tai hinta ei ole kunnan asia.<\/p>\n<p class=\"aw__sc-1qwuw0s-0 aw__sc-ngllmo-0 epAWpq fzYpjk yle__article__paragraph\">\u2013 Totta kai meid\u00e4n suomalaisten pit\u00e4\u00e4 pit\u00e4\u00e4 sit\u00e4 silm\u00e4ll\u00e4, mutta p\u00e4\u00e4t\u00f6ksenteko ja ratkaisut tehd\u00e4\u00e4n muualla.<\/p>\n<p><img decoding=\"async\" alt=\"Nainen punaisessa paidassa ja mustissa silm\u00e4laseissa.\" src=\"https:\/\/www.europesays.com\/fi\/wp-content\/uploads\/2026\/08\/1760449667.jpeg\" loading=\"lazy\" class=\"aw__sc-dklauk-0 LPzKX\"\/><\/p>\n<p>Avaa kuvien katselu<\/p>\n<p>Janakkalan kunnanjohtaja Riikka Moilanen muistuttaa, ett\u00e4 datakeskuksen rakentamisvaihe tuo kuntaan ty\u00f6t\u00e4. Kuva: Ville V\u00e4lim\u00e4ki \/ Yle<\/p>\n<p class=\"aw__sc-1qwuw0s-0 aw__sc-ngllmo-0 epAWpq fzYpjk yle__article__paragraph\">Moilasen mukaan datakeskushankkeet ovat kunnille houkuttelevia. Pelk\u00e4st\u00e4\u00e4n kiinteist\u00f6veron vuosituotto voisi nousta puoleen miljoonaan euroon. Lis\u00e4ksi kunta hy\u00f6tyy kunnallis- ja yhteis\u00f6verosta sek\u00e4 maanvuokrasta.<\/p>\n<p class=\"aw__sc-1qwuw0s-0 aw__sc-ngllmo-0 epAWpq fzYpjk yle__article__paragraph\">\u2013 Mik\u00e4 olisi se syy, ett\u00e4 sanoisimme kiitos ei? Pid\u00e4n t\u00e4t\u00e4 isona mahdollisuutena.<\/p>\n<p>Energiavirasto: Markkinat ohjaavat<\/p>\n<p class=\"aw__sc-1qwuw0s-0 aw__sc-ngllmo-0 epAWpq fzYpjk yle__article__paragraph\">Energiaviraston teht\u00e4v\u00e4n\u00e4 on seurata s\u00e4hk\u00f6n toimitusvarmuutta eli s\u00e4hk\u00f6n riitt\u00e4vyytt\u00e4. Se arvioi tilannetta vuoden tai kahden t\u00e4ht\u00e4imell\u00e4 eteenp\u00e4in.<\/p>\n<p class=\"aw__sc-1qwuw0s-0 aw__sc-ngllmo-0 epAWpq fzYpjk yle__article__paragraph\">Viraston markkinayksik\u00f6n johtaja <strong class=\"aw__sc-ngllmo-2 gdRrun yle__article__strong\">Antti Paanasen<\/strong> mukaan pidemm\u00e4ll\u00e4 aikav\u00e4lill\u00e4 markkinat ohjaavat sit\u00e4, ett\u00e4 s\u00e4hk\u00f6n tuotanto ja kulutus pysyy tasapainossa.<\/p>\n<p class=\"aw__sc-1qwuw0s-0 aw__sc-ngllmo-0 epAWpq fzYpjk yle__article__paragraph\">Paananen kertoo, ett\u00e4 esimerkiksi datakeskushankkeet eiv\u00e4t l\u00e4hde liikkeelle, ellei ole varmuutta s\u00e4hk\u00f6n saatavuudesta. Uutta tuotantoa puolestaan rakennetaan, jos kysynt\u00e4\u00e4 on.<\/p>\n<p class=\"aw__sc-1qwuw0s-0 aw__sc-ngllmo-0 epAWpq fzYpjk yle__article__paragraph\">Paananen my\u00f6nt\u00e4\u00e4, ett\u00e4 uuden tuotannon ja uuden kulutuksen v\u00e4lille voi synty\u00e4 ajoittain klappia. Se voi puolestaan vaikuttaa s\u00e4hk\u00f6n hintaan.<\/p>\n<p><img decoding=\"async\" alt=\"S\u00e4hk\u00f6jen hinnan nousua kuvaava graafi jonka taustalla s\u00e4hk\u00f6tolppa graffa.\" src=\"https:\/\/www.europesays.com\/fi\/wp-content\/uploads\/2026\/08\/1788116536_806_1786190741.jpeg\" loading=\"lazy\" class=\"aw__sc-dklauk-0 LPzKX\"\/><\/p>\n<p>Avaa kuvien katselu<\/p>\n<p>S\u00e4hk\u00f6n kuluttajille n\u00e4kyv\u00e4\u00e4n p\u00e4iv\u00e4kohtaiseen hintaan vaikuttaa moni asia \u2013 tuulisuus, l\u00e4mp\u00f6tila, h\u00e4iri\u00f6t voimalaitoksissa ja siirtoyhteyksiss\u00e4 sek\u00e4 vesivoimavarastot. P\u00f6rssis\u00e4hk\u00f6n hintaan luvassa iso pomppu syyskuussa.  Kuva: Saara Paasikivi \/ Yle<\/p>\n<p class=\"aw__sc-1qwuw0s-0 aw__sc-ngllmo-0 epAWpq fzYpjk yle__article__paragraph\">S\u00e4hk\u00f6n markkinahintaa on vaikea yhdist\u00e4\u00e4 johonkin tiettyyn k\u00e4ytt\u00e4j\u00e4\u00e4n, esimerkiksi suureen datakeskukseen.<\/p>\n<p><img decoding=\"async\" alt=\"Tuulimylly aurinkoisena kes\u00e4p\u00e4iv\u00e4n\u00e4.\" src=\"https:\/\/www.europesays.com\/fi\/wp-content\/uploads\/2026\/08\/1757061028.jpeg\" loading=\"lazy\" class=\"aw__sc-dklauk-0 LPzKX\"\/><\/p>\n<p>Avaa kuvien katselu<\/p>\n<p>Uusiutuvan aurinko- ja tuulis\u00e4hk\u00f6n kasvattamisella voidaan reagoida nopeiten lis\u00e4\u00e4ntyv\u00e4\u00e4n s\u00e4hk\u00f6nkysynt\u00e4\u00e4n. Kuva: Antti Ullakko \/ Yle<\/p>\n<p class=\"aw__sc-1qwuw0s-0 aw__sc-ngllmo-0 epAWpq fzYpjk yle__article__paragraph\">S\u00e4hk\u00f6n kulutuksen kasvu lis\u00e4\u00e4 kannustimia rakentaa uutta tuotantoa. Energiaviraston Antti Paananen kertoo omana k\u00e4sityksen\u00e4\u00e4n, ett\u00e4 Suomessa on valmiiksi luvitettuja tuulivoimahankkeita, jotka l\u00e4htev\u00e4t liikkeelle kun s\u00e4hk\u00f6n kysynt\u00e4 kasvaa.<\/p>\n<p class=\"aw__sc-1qwuw0s-0 aw__sc-ngllmo-0 epAWpq fzYpjk yle__article__paragraph\">S\u00e4\u00e4riippuvainen tuotanto tarvitsee kuitenkin rinnalleen lis\u00e4\u00e4 s\u00e4\u00e4t\u00f6voimaa. Vesivoima on t\u00e4rkein ja nopein s\u00e4\u00e4t\u00f6voiman muoto.<\/p>\n<p class=\"aw__sc-1qwuw0s-0 aw__sc-ngllmo-0 epAWpq fzYpjk yle__article__paragraph\">T\u00e4m\u00e4n lis\u00e4ksi tarvitaan kulutusjoustoja, lis\u00e4\u00e4 s\u00e4hk\u00f6n hintaan ja kysynt\u00e4\u00e4n reagoivia akkuja ja energiavarastoja sek\u00e4 esimerkiksi <a class=\"aw__sc-ngllmo-1 bTDnwX yle__article__link\" href=\"https:\/\/yle.fi\/a\/74-20220675\" role=\"link\" rel=\"nofollow noopener\" target=\"_blank\">moottorivoimalaitoksia<\/a>.<\/p>\n","protected":false},"excerpt":{"rendered":"Fingrid arvioi, ett\u00e4 datakeskusrakentaminen lis\u00e4\u00e4 s\u00e4hk\u00f6n kulutusta merkitt\u00e4v\u00e4sti. My\u00f6s s\u00e4hk\u00f6n hinta voi nousta. Kuntien johto ei pid\u00e4 s\u00e4hk\u00f6n&hellip;\n","protected":false},"author":2,"featured_media":337377,"comment_status":"","ping_status":"","sticky":false,"template":"","format":"standard","meta":{"footnotes":"","_share_on_mastodon":"0"},"categories":[5],"tags":[22,23,3465,2038,26,27,33,31,30,2909,17,3889,1794,71,1801,24,25,28,29,15,18,21,1268,1431,3273,22966,9428,32,19,20,16],"class_list":["post-337376","post","type-post","status-publish","format-standard","has-post-thumbnail","category-otsikot","tag-breaking-news","tag-breakingnews","tag-datakeskus","tag-energia","tag-featured-news","tag-featurednews","tag-fi","tag-finland","tag-finnish","tag-forssa","tag-headlines","tag-janakkala","tag-kanta-hame","tag-kotimaa","tag-lahti","tag-latest-news","tag-latestnews","tag-main-news","tag-mainnews","tag-news","tag-otsikot","tag-paauutiset","tag-paijat-hame","tag-palvelinkeskukset","tag-sahkon-hinta","tag-sahkonkulutus","tag-sahkoverkot","tag-suomi","tag-top-stories","tag-topstories","tag-uutiset"],"share_on_mastodon":{"url":"https:\/\/pubeurope.com\/@fi\/117186012885012978","error":""},"_links":{"self":[{"href":"https:\/\/www.europesays.com\/fi\/wp-json\/wp\/v2\/posts\/337376","targetHints":{"allow":["GET"]}}],"collection":[{"href":"https:\/\/www.europesays.com\/fi\/wp-json\/wp\/v2\/posts"}],"about":[{"href":"https:\/\/www.europesays.com\/fi\/wp-json\/wp\/v2\/types\/post"}],"author":[{"embeddable":true,"href":"https:\/\/www.europesays.com\/fi\/wp-json\/wp\/v2\/users\/2"}],"replies":[{"embeddable":true,"href":"https:\/\/www.europesays.com\/fi\/wp-json\/wp\/v2\/comments?post=337376"}],"version-history":[{"count":0,"href":"https:\/\/www.europesays.com\/fi\/wp-json\/wp\/v2\/posts\/337376\/revisions"}],"wp:featuredmedia":[{"embeddable":true,"href":"https:\/\/www.europesays.com\/fi\/wp-json\/wp\/v2\/media\/337377"}],"wp:attachment":[{"href":"https:\/\/www.europesays.com\/fi\/wp-json\/wp\/v2\/media?parent=337376"}],"wp:term":[{"taxonomy":"category","embeddable":true,"href":"https:\/\/www.europesays.com\/fi\/wp-json\/wp\/v2\/categories?post=337376"},{"taxonomy":"post_tag","embeddable":true,"href":"https:\/\/www.europesays.com\/fi\/wp-json\/wp\/v2\/tags?post=337376"}],"curies":[{"name":"wp","href":"https:\/\/api.w.org\/{rel}","templated":true}]}}