{"id":337380,"date":"2026-08-30T19:17:15","date_gmt":"2026-08-30T19:17:15","guid":{"rendered":"https:\/\/www.europesays.com\/fi\/337380\/"},"modified":"2026-08-30T19:17:15","modified_gmt":"2026-08-30T19:17:15","slug":"ek20-sami-pajarin-voitto-sinettia-vaille-valmis","status":"publish","type":"post","link":"https:\/\/www.europesays.com\/fi\/337380\/","title":{"rendered":"EK20: Sami Pajarin voitto sinetti\u00e4 vaille valmis"},"content":{"rendered":"<p>Toyotan Sami Pajari on entist\u00e4 l\u00e4hemp\u00e4n\u00e4 kolmatta per\u00e4kk\u00e4ist\u00e4 voittoa rallin MM-sarjassa. H\u00e4n sai j\u00e4lleen kasvatettua eroa k\u00e4rjess\u00e4 20. erikoiskokeella.<\/p>\n<blockquote class=\"space-y-600 rounded-md bg-primary-100 px-600 py-1000 sub-theme-makuja:bg-makuja-100 sub-theme-makuja:text-primary-800 dark:bg-primary-500 sub-theme-makuja:dark:bg-makuja-900 sub-theme-makuja:dark:text-primary-100\">\n<p>MAINOS<\/p>\n<p>MM-ralli yksinoikeudella<br \/>MTV Katsomossa!<\/p>\n<p><strong class=\"typography-bold\">Paraguayn MM-ralli 27.\u201330.8.<\/strong><\/p>\n<p>Kaikki suorat ajol\u00e4hetykset MTV Maxilla ja <a class=\"underline\" data-testid=\"external-link\" href=\"https:\/\/www.mtv.fi\/ohjelmat\/mm-ralli\" rel=\"noopener nofollow\" target=\"_blank\">MTV Katsomossa<\/a> kaudella 2026.<\/p>\n<\/blockquote>\n<p>Toyotan Oliver Solberg ajoi p\u00e4tk\u00e4ll\u00e4 pohja-ajan ennen Toyotan Sebastien Ogieria ja Hyundain Adrien Fourmaux&#8217;ta. Pajari oli nelj\u00e4nneksi nopein ja kasvatti eroa toisena ja kolmantena oleviin Hyundai-kuskeihin Hayden Paddoniin ja Fourmaux&#8217;hon.<\/p>\n<p>EK20 Artigas Oeste (8.44km):<\/p>\n","protected":false},"excerpt":{"rendered":"Toyotan Sami Pajari on entist\u00e4 l\u00e4hemp\u00e4n\u00e4 kolmatta per\u00e4kk\u00e4ist\u00e4 voittoa rallin MM-sarjassa. H\u00e4n sai j\u00e4lleen kasvatettua eroa k\u00e4rjess\u00e4 20.&hellip;\n","protected":false},"author":2,"featured_media":337381,"comment_status":"","ping_status":"","sticky":false,"template":"","format":"standard","meta":{"footnotes":"","_share_on_mastodon":"0"},"categories":[133],"tags":[137,33,31,30,32,206,156,109],"class_list":["post-337380","post","type-post","status-publish","format-standard","has-post-thumbnail","category-televisiot","tag-entertainment","tag-fi","tag-finland","tag-finnish","tag-suomi","tag-televisiot","tag-tv","tag-viihde"],"share_on_mastodon":{"url":"https:\/\/pubeurope.com\/@fi\/117186071544722720","error":""},"_links":{"self":[{"href":"https:\/\/www.europesays.com\/fi\/wp-json\/wp\/v2\/posts\/337380","targetHints":{"allow":["GET"]}}],"collection":[{"href":"https:\/\/www.europesays.com\/fi\/wp-json\/wp\/v2\/posts"}],"about":[{"href":"https:\/\/www.europesays.com\/fi\/wp-json\/wp\/v2\/types\/post"}],"author":[{"embeddable":true,"href":"https:\/\/www.europesays.com\/fi\/wp-json\/wp\/v2\/users\/2"}],"replies":[{"embeddable":true,"href":"https:\/\/www.europesays.com\/fi\/wp-json\/wp\/v2\/comments?post=337380"}],"version-history":[{"count":0,"href":"https:\/\/www.europesays.com\/fi\/wp-json\/wp\/v2\/posts\/337380\/revisions"}],"wp:featuredmedia":[{"embeddable":true,"href":"https:\/\/www.europesays.com\/fi\/wp-json\/wp\/v2\/media\/337381"}],"wp:attachment":[{"href":"https:\/\/www.europesays.com\/fi\/wp-json\/wp\/v2\/media?parent=337380"}],"wp:term":[{"taxonomy":"category","embeddable":true,"href":"https:\/\/www.europesays.com\/fi\/wp-json\/wp\/v2\/categories?post=337380"},{"taxonomy":"post_tag","embeddable":true,"href":"https:\/\/www.europesays.com\/fi\/wp-json\/wp\/v2\/tags?post=337380"}],"curies":[{"name":"wp","href":"https:\/\/api.w.org\/{rel}","templated":true}]}}