{"id":337402,"date":"2026-08-30T19:49:13","date_gmt":"2026-08-30T19:49:13","guid":{"rendered":"https:\/\/www.europesays.com\/fi\/337402\/"},"modified":"2026-08-30T19:49:13","modified_gmt":"2026-08-30T19:49:13","slug":"uusi-ttk-juontaja-on-selvilla-osalla-heti-kuppi-nurin","status":"publish","type":"post","link":"https:\/\/www.europesays.com\/fi\/337402\/","title":{"rendered":"Uusi TTK-juontaja on selvill\u00e4 \u2013 Osalla heti kuppi nurin"},"content":{"rendered":"<p>Veronica Verhon valinta TTK-juontajaksi puhuttaa.<\/p>\n<p><img decoding=\"async\" class=\"image image-show image-preview\" src=\"https:\/\/www.europesays.com\/fi\/wp-content\/uploads\/2026\/08\/d40d37d1cf6cb58536b9b3d4272339b1af4c5abf46bc1995bf5f276320a710b3.jpg\" alt=\"\"\/><img decoding=\"async\" class=\"image image-show\" src=\"https:\/\/www.europesays.com\/fi\/wp-content\/uploads\/2026\/08\/1788119353_23_d40d37d1cf6cb58536b9b3d4272339b1af4c5abf46bc1995bf5f276320a710b3.jpg\" alt=\"\"\/><\/p>\n<p>Veronica Verho on uusi TTK-juontaja. Saku Tiainen<\/p>\n<p class=\"paragraph\">Uusi Tanssii t\u00e4htien kanssa -juontaja on <a href=\"https:\/\/www.iltalehti.fi\/henkilot\/Veronica Verho\" class=\"article-link-person-page\" rel=\"nofollow noopener\" target=\"_blank\">Veronica Verho<\/a>. H\u00e4n juontaa ohjelmaa siis t\u00e4n\u00e4 syksyn\u00e4 <a href=\"https:\/\/www.iltalehti.fi\/henkilot\/Ernest Lawson\" class=\"article-link-person-page\" rel=\"nofollow noopener\" target=\"_blank\">Ernest Lawsonin<\/a> kanssa.<\/p>\n<p class=\"paragraph\">Uuden TTK-juontajan paljastumista seurattiin sosiaalisessa mediassa tiiviisti pitkin sunnuntai-iltaa. Esimerkiksi anonyymiss\u00e4 viestipalvelu Jodelissa juontajan paljastumista odotettiin kuin kuuta nousevaa TTK-l\u00e4hetyksen aikana. Paljastus tehtiin aivan l\u00e4hetyksen lopussa.<\/p>\n<p class=\"paragraph\">Keskustelu kuitenkin on tiivistynyt entisest\u00e4\u00e4n, kun juontaja paljastui. Esimerkiksi osa Iltalehden lukijoista hehkuttaa uutta juontajaa.<\/p>\n<p class=\"paragraph\">\u2013 Oikein raikas ja osaava Veronica. Ilman muuta katson uuden kauden, <strong>Minna<\/strong> kirjoittaa.<\/p>\n<p class=\"paragraph\">\u2013 Veronica oikein hyv\u00e4! Pidin h\u00e4nest\u00e4 Koko Suomi Leipoo ohjelmassa! kirjoittaa nimimerkki <strong>Heddy<\/strong>.<\/p>\n<p class=\"paragraph\">\u2013 Oikein onnistunut valinta, er\u00e4s kirjoittaa Facebookissa.<\/p>\n<p class=\"paragraph\">\u2013 Paras valinta! Osaa varmasti ty\u00f6ns\u00e4 hoitaa, tykk\u00e4\u00e4n kyll\u00e4, toinen kirjoittaa niin ik\u00e4\u00e4n Facebookissa.<\/p>\n<p class=\"paragraph\">My\u00f6s Tanssii t\u00e4htien kanssa -ohjelman Instagram-julkaisun kommenttikentt\u00e4 t\u00e4yttyi hehkuttavista kommenteista nopeasti.<\/p>\n<p class=\"paragraph\">\u2013 Nyt osui nappiin uusi juontaja. Ihan paras, yksi kirjoittaa.<\/p>\n<p class=\"paragraph\">\u2013 Ihan mahtavaa!<\/p>\n<p class=\"paragraph\">\u2013 Upeaa, hieno valinta!<\/p>\n<p class=\"paragraph\">My\u00f6s tunnetut henkil\u00f6t ovat kommentoineet Verhon julkaisua. Esimerkiksi TTK-kaudella mukana olevat t\u00e4htioppilaat <a href=\"https:\/\/www.iltalehti.fi\/henkilot\/Anni Iham\u00e4ki\" class=\"article-link-person-page\" rel=\"nofollow noopener\" target=\"_blank\">Anni Iham\u00e4ki<\/a> ja <a href=\"https:\/\/www.iltalehti.fi\/henkilot\/Johanna Puhakka\" class=\"article-link-person-page\" rel=\"nofollow noopener\" target=\"_blank\">Johanna Puhakka<\/a> sek\u00e4 tanssiopettajat <a href=\"https:\/\/www.iltalehti.fi\/henkilot\/Anssi Heikkil\u00e4\" class=\"article-link-person-page\" rel=\"nofollow noopener\" target=\"_blank\">Anssi Heikkil\u00e4<\/a> ja <a href=\"https:\/\/www.iltalehti.fi\/henkilot\/Kastanja Rauhala\" class=\"article-link-person-page\" rel=\"nofollow noopener\" target=\"_blank\">Kastanja Rauhala<\/a> ovat reagoineet liekki- ja syd\u00e4nemojein.<\/p>\n<p class=\"paragraph\">My\u00f6s Verhon juontopari Ernest Lawson hehkuttaa juontajaa.<\/p>\n<p class=\"paragraph\">\u2013 Let\u2019s go, h\u00e4n kirjoittaa liekkiemojien saattelemana.<\/p>\n<p class=\"paragraph\">My\u00f6s Verhon edelt\u00e4j\u00e4, <a href=\"https:\/\/www.iltalehti.fi\/henkilot\/Vappu Pimi\u00e4\" class=\"article-link-person-page\" rel=\"nofollow noopener\" target=\"_blank\">Vappu Pimi\u00e4<\/a> hehkuttaa uutta juontajaa.<\/p>\n<p class=\"paragraph\">\u2013 Go Vertsu! Oot best! Pimi\u00e4 kommentoi.<\/p>\n<p class=\"paragraph\">Jos julkaisu ei n\u00e4y, voit katsoa sen <a href=\"https:\/\/www.instagram.com\/p\/DcrGik3DLGj\/?hl=fi&amp;img_index=1\" rel=\"noopener nofollow\" target=\"_blank\">t\u00e4st\u00e4 linkist\u00e4<\/a>.<\/p>\n<p>Ristiriitaisia kommentteja<\/p>\n<p class=\"paragraph\">Kaikki eiv\u00e4t ole uudesta TTK-juontajasta yht\u00e4 mieliss\u00e4\u00e4n. Esimerkiksi anonyymiss\u00e4 viestipalvelu Jodelissa uusi juontaja saa my\u00f6s kritiikki\u00e4.<\/p>\n<p class=\"paragraph\">\u2013 Sori vaan, mutta Verho ei ole riitt\u00e4v\u00e4n tasokas TTK:n juontajaksi, er\u00e4s kirjoittaa.<\/p>\n<p class=\"paragraph\">\u2013 Pettymys. Mutta tanssijat pelastaa, toinen kirjoittaa.<\/p>\n<p class=\"paragraph\">\u2013 Tykk\u00e4\u00e4n Veronicasta, mutta jotenkin se ei sovi t\u00e4h\u00e4n formaattiin, kolmas toteaa.<\/p>\n<p class=\"paragraph\">\u2013 Sama ajatus. Ihan t\u00e4ydellinen tiettyihin juttuihin, mutta t\u00e4h\u00e4n formaattiin ei sovi. Tyyli jotenkin turhan erilainen, er\u00e4s komppaa.<\/p>\n<p class=\"paragraph\">\u2013 Ei ole Verholla riitt\u00e4v\u00e4\u00e4 arvokkuutta t\u00e4h\u00e4n juontopestiin, hohhoi, yksi kirjoittaa.<\/p>\n<p class=\"paragraph\">My\u00f6s osa Iltalehden lukijoista on ristiriitaisilla ajatuksilla.<\/p>\n<p class=\"paragraph\">\u2013 Uusi juontaja ei ole tarpeeksi ansioitunut, eik\u00e4 omaa riitt\u00e4v\u00e4\u00e4 karismaa teht\u00e4v\u00e4\u00e4n. Varmasti katsojaluvut tulevat laskemaan, ohjelmassa muutenkin liikaa turhia haastatteluja ja ohjelma-ajan t\u00e4ytett\u00e4. En tule seuraamaan alkavaa kautta, aiemmin katsoin satunnaisesti, <strong>Laura<\/strong> kommentoi.<\/p>\n<p class=\"paragraph\">\u2013 En aio katsoa ohjelmaa. V\u00e4\u00e4r\u00e4 valinta juontajaksi, kirjoittaa nimimerkki <strong>Mama<\/strong>.<\/p>\n<p class=\"paragraph\">Osa ihmettelee negatiivista kommentointia Verhon ymp\u00e4rill\u00e4.<\/p>\n<p class=\"paragraph\">\u2013 Ei ollut mieluisa \u201dyll\u00e4tys\u201d itselle, mutta silti empatiat Veronican suuntaan. Kiva saada t\u00e4h\u00e4n menness\u00e4 isoin pesti itselle ja vastaanotto on mit\u00e4 on, yksi kirjoittaa Jodelissa.<\/p>\n<p class=\"paragraph\">\u2013 Eip\u00e4h\u00e4n viel\u00e4 kiitet\u00e4, eik\u00e4 haukuta, kun ei ole aloittanut hommiansa, yksi kirjoittaa Facebookissa.<\/p>\n<p><script async src=\"\/\/www.instagram.com\/embed.js\"><\/script><\/p>\n","protected":false},"excerpt":{"rendered":"Veronica Verhon valinta TTK-juontajaksi puhuttaa. Veronica Verho on uusi TTK-juontaja. Saku Tiainen Uusi Tanssii t\u00e4htien kanssa -juontaja on&hellip;\n","protected":false},"author":2,"featured_media":337403,"comment_status":"","ping_status":"","sticky":false,"template":"","format":"standard","meta":{"footnotes":"","_share_on_mastodon":"0"},"categories":[130],"tags":[35,137,33,31,30,979,1999,32,2140,140,139,109],"class_list":["post-337402","post","type-post","status-publish","format-standard","has-post-thumbnail","category-viihde","tag-24h","tag-entertainment","tag-fi","tag-finland","tag-finnish","tag-sahkoinen-media","tag-suomalaiset-tv-ohjelmat","tag-suomi","tag-tosi-tv-ohjelmat","tag-tv-ja-elokuvat","tag-tv-ohjelmat","tag-viihde"],"share_on_mastodon":{"url":"https:\/\/pubeurope.com\/@fi\/117186197261563017","error":""},"_links":{"self":[{"href":"https:\/\/www.europesays.com\/fi\/wp-json\/wp\/v2\/posts\/337402","targetHints":{"allow":["GET"]}}],"collection":[{"href":"https:\/\/www.europesays.com\/fi\/wp-json\/wp\/v2\/posts"}],"about":[{"href":"https:\/\/www.europesays.com\/fi\/wp-json\/wp\/v2\/types\/post"}],"author":[{"embeddable":true,"href":"https:\/\/www.europesays.com\/fi\/wp-json\/wp\/v2\/users\/2"}],"replies":[{"embeddable":true,"href":"https:\/\/www.europesays.com\/fi\/wp-json\/wp\/v2\/comments?post=337402"}],"version-history":[{"count":0,"href":"https:\/\/www.europesays.com\/fi\/wp-json\/wp\/v2\/posts\/337402\/revisions"}],"wp:featuredmedia":[{"embeddable":true,"href":"https:\/\/www.europesays.com\/fi\/wp-json\/wp\/v2\/media\/337403"}],"wp:attachment":[{"href":"https:\/\/www.europesays.com\/fi\/wp-json\/wp\/v2\/media?parent=337402"}],"wp:term":[{"taxonomy":"category","embeddable":true,"href":"https:\/\/www.europesays.com\/fi\/wp-json\/wp\/v2\/categories?post=337402"},{"taxonomy":"post_tag","embeddable":true,"href":"https:\/\/www.europesays.com\/fi\/wp-json\/wp\/v2\/tags?post=337402"}],"curies":[{"name":"wp","href":"https:\/\/api.w.org\/{rel}","templated":true}]}}