{"id":337416,"date":"2026-08-30T20:15:15","date_gmt":"2026-08-30T20:15:15","guid":{"rendered":"https:\/\/www.europesays.com\/fi\/337416\/"},"modified":"2026-08-30T20:15:15","modified_gmt":"2026-08-30T20:15:15","slug":"suomeen-em-kultaa-veljekset-voittivat-raaan-kisan","status":"publish","type":"post","link":"https:\/\/www.europesays.com\/fi\/337416\/","title":{"rendered":"Suomeen EM-kultaa: Veljekset voittivat raa\u2019an kisan"},"content":{"rendered":"<p>Heikki ja Olli Korhonen nappasivat Euroopan mestaruuden It\u00e4vallassa.<\/p>\n<p><img decoding=\"async\" class=\"image image-show image-preview\" src=\"https:\/\/www.europesays.com\/fi\/wp-content\/uploads\/2026\/08\/5d05834abcc8e457fae520985125697fb96dbd86df99078b5b8b1700351a99c1.jpg\" alt=\"\"\/><img decoding=\"async\" class=\"image image-show\" src=\"https:\/\/www.europesays.com\/fi\/wp-content\/uploads\/2026\/08\/1788120915_345_5d05834abcc8e457fae520985125697fb96dbd86df99078b5b8b1700351a99c1.jpg\" alt=\"\"\/><\/p>\n<p>Heikki ja Olli Korhonen juhlivat Euroopan mestaruutta. Sala-Gym Lehtikangas<\/p>\n<p class=\"paragraph\">Kajaanilaisveljekset <strong>Heikki<\/strong> ja <strong>Olli Korhonen<\/strong> ovat voittaneet ultrapy\u00f6r\u00e4ilyn Euroopan mestaruuden parisarjassa It\u00e4vallassa.<\/p>\n<p class=\"paragraph\">Sala-Gym Lehtikangasta edustava kaksikko polki ykk\u00f6seksi Race Across Austria (RACA) 1000 -kilpailun huoltamattomassa parisarjassa.<\/p>\n<p class=\"paragraph\">Kilpailun reitti kulki It\u00e4vallan it\u00e4isimm\u00e4st\u00e4 pisteest\u00e4 Nickelsdorfista maan l\u00e4nsirajalle Feldkirchiin. Matkaa kertyi noin 1\u202f060 kilometri\u00e4 ja nousumetrej\u00e4 per\u00e4ti 16\u202f000.<\/p>\n<p class=\"paragraph\">Korhoset selvittiv\u00e4t urakan 47 tunnissa ja 40 minuutissa. Toiseksi sijoittuneet saksalaisveljekset <strong>Hannes<\/strong> ja <strong>Steffen Marlok<\/strong> j\u00e4iv\u00e4t suomalaisparista 57 minuutin p\u00e4\u00e4h\u00e4n.<\/p>\n<p class=\"paragraph\">Kisasivuston tilastojen mukaan Korhoset olivat liikkeell\u00e4 43 tuntia ja kolme minuuttia ja k\u00e4yttiv\u00e4t taukoihin hieman yli nelj\u00e4 tuntia. Marlokien kohdalle taukoja on merkitty nolla tuntia.<\/p>\n<p class=\"paragraph\">Korhosten mukaan kilpailu ratkesi toisena y\u00f6n\u00e4.<\/p>\n<p class=\"paragraph\">\u2013\u2009Kilpailusta muodostui heti alusta alkaen \u00e4\u00e4rimm\u00e4isen tiukka trilleri. Viime vuoden rennommasta baarissa k\u00e4yntitaktiikasta oli luovuttava, sill\u00e4 taka-alalle ei voinut antaa yht\u00e4\u00e4n tasoitusta. Lopullinen ratkaisu n\u00e4htiin vasta toisen y\u00f6n aamutunneilla, jolloin suomalaispari onnistui repim\u00e4\u00e4n tunnin kaulan kovaan saksalaiseen veljespariin, Sala-Gym Lehtikankaan tiedotteessa kerrotaan.<\/p>\n<p>Ilman unta<\/p>\n<p>Reitti tarjosi upeita maisemia. Sala-Gym Lehtikangas<\/p>\n<p class=\"paragraph\">L\u00e4hes 48 tunnin urakka ajettiin l\u00e4pi ilman unta.<\/p>\n<p class=\"paragraph\">\u2013\u2009Karvan alle 48 tuntia kest\u00e4nyt suoritus ajettiin alusta loppuun \u201dyksill\u00e4 silmill\u00e4\u201d, t\u00e4ysin ilman unia. Matkalle mahtui kaksi todella kuumaa p\u00e4iv\u00e4\u00e4 ja kaksi hyyt\u00e4v\u00e4\u00e4 y\u00f6t\u00e4. S\u00e4\u00e4 kuitenkin suosi ajajia, eik\u00e4 vett\u00e4 satanut niskaan miss\u00e4\u00e4n vaiheessa,<\/p>\n<p class=\"paragraph\">Kyseess\u00e4 oli Korhosten toinen per\u00e4kk\u00e4inen Euroopan mestaruus. Vuosi sitten veljekset voittivat kilpailun Italiassa. T\u00e4ll\u00e4 kertaa urakka oli heid\u00e4n mukaansa kuitenkin viel\u00e4 raskaampi.<\/p>\n<p class=\"paragraph\">\u2013\u2009T\u00e4ll\u00e4 kerralla nousut olivat huomattavasti jyrkempi\u00e4 ja vaativampia kuin Italiassa. Profiilista l\u00f6ytyi sellaisia seini\u00e4, ett\u00e4 varmasti osa seikkailijoista joutui jalkautumaan py\u00f6r\u00e4n p\u00e4\u00e4lt\u00e4 ty\u00f6nt\u00f6hommiin. Kun vauhti on kova ja v\u00e4symys alkaa painaa, pienilt\u00e4 pummeilta ei yksinkertaisesti voitu v\u00e4ltty\u00e4, vaikka \u00e4kki\u00e4 ne aina korjattiinkin. Kisa oli kaikkineen raaka n\u00e4ytelm\u00e4, Olli kertoi tiedotteessa.<\/p>\n<p class=\"paragraph\">My\u00f6s taukoihin kului aikaa ennen kaikkea olosuhteiden vuoksi.<\/p>\n<p class=\"paragraph\">\u2013\u2009Aikaa paloi pakostakin, sill\u00e4 Base Camp -toiminnan lis\u00e4ksi varusteita piti h\u00e4rv\u00e4t\u00e4 jatkuvasti ennen nousun huippua ja heti laskun j\u00e4lkeen. Vuoristolaskuihin oli vedett\u00e4v\u00e4 reilusti vaatetta p\u00e4\u00e4lle, ettei iske aivan j\u00e4\u00e4t\u00e4v\u00e4 horkka, ja alhaalla niit\u00e4 taas kuorittiin pois. Ja my\u00f6nnet\u00e4\u00e4n, ett\u00e4 minulla menee hieman enemm\u00e4n aikaa s\u00e4\u00e4t\u00e4miseen kuin Heikill\u00e4, Olli jatkoi.<\/p>\n<p class=\"paragraph\">Huoltamattomassa parisarjassa kilpailijat eiv\u00e4t saa k\u00e4ytt\u00e4\u00e4 huoltoautoa. Kaikki tarvittavat varusteet ja energia on kuljetettava mukana tai hankittava matkan varrelta.<\/p>\n<p>Heikki Korhoselle (oik.) ja Olli Korhoselle Europaan mestaruus oli toinen per\u00e4kk\u00e4inen. Sala-Gym Lehtikangas<\/p>\n","protected":false},"excerpt":{"rendered":"Heikki ja Olli Korhonen nappasivat Euroopan mestaruuden It\u00e4vallassa. Heikki ja Olli Korhonen juhlivat Euroopan mestaruutta. Sala-Gym Lehtikangas Kajaanilaisveljekset&hellip;\n","protected":false},"author":2,"featured_media":337417,"comment_status":"","ping_status":"","sticky":false,"template":"","format":"standard","meta":{"footnotes":"","_share_on_mastodon":"0"},"categories":[158],"tags":[35,2110,33,31,30,121,41,923,710,159,32,160],"class_list":["post-337416","post","type-post","status-publish","format-standard","has-post-thumbnail","category-urheilu","tag-24h","tag-elamantapa-ja-vapaa-aika","tag-fi","tag-finland","tag-finnish","tag-liikenne-ja-kuljetus","tag-liikunta-ja-urheilu","tag-matkustaminen","tag-saa","tag-sports","tag-suomi","tag-urheilu"],"share_on_mastodon":{"url":"https:\/\/pubeurope.com\/@fi\/117186300119505934","error":""},"_links":{"self":[{"href":"https:\/\/www.europesays.com\/fi\/wp-json\/wp\/v2\/posts\/337416","targetHints":{"allow":["GET"]}}],"collection":[{"href":"https:\/\/www.europesays.com\/fi\/wp-json\/wp\/v2\/posts"}],"about":[{"href":"https:\/\/www.europesays.com\/fi\/wp-json\/wp\/v2\/types\/post"}],"author":[{"embeddable":true,"href":"https:\/\/www.europesays.com\/fi\/wp-json\/wp\/v2\/users\/2"}],"replies":[{"embeddable":true,"href":"https:\/\/www.europesays.com\/fi\/wp-json\/wp\/v2\/comments?post=337416"}],"version-history":[{"count":0,"href":"https:\/\/www.europesays.com\/fi\/wp-json\/wp\/v2\/posts\/337416\/revisions"}],"wp:featuredmedia":[{"embeddable":true,"href":"https:\/\/www.europesays.com\/fi\/wp-json\/wp\/v2\/media\/337417"}],"wp:attachment":[{"href":"https:\/\/www.europesays.com\/fi\/wp-json\/wp\/v2\/media?parent=337416"}],"wp:term":[{"taxonomy":"category","embeddable":true,"href":"https:\/\/www.europesays.com\/fi\/wp-json\/wp\/v2\/categories?post=337416"},{"taxonomy":"post_tag","embeddable":true,"href":"https:\/\/www.europesays.com\/fi\/wp-json\/wp\/v2\/tags?post=337416"}],"curies":[{"name":"wp","href":"https:\/\/api.w.org\/{rel}","templated":true}]}}