{"id":337432,"date":"2026-08-30T20:41:12","date_gmt":"2026-08-30T20:41:12","guid":{"rendered":"https:\/\/www.europesays.com\/fi\/337432\/"},"modified":"2026-08-30T20:41:12","modified_gmt":"2026-08-30T20:41:12","slug":"kommentti-lauri-markkanen-herasi-vihdoin-susijengi-murskasi-viron-harvinaisen-rumasti","status":"publish","type":"post","link":"https:\/\/www.europesays.com\/fi\/337432\/","title":{"rendered":"Kommentti: Lauri Markkanen her\u00e4si vihdoin \u2013 Susijengi murskasi Viron harvinaisen rumasti"},"content":{"rendered":"<p>Lauri Markkanen her\u00e4si syv\u00e4st\u00e4 unesta ja johdatti Susijengin eritt\u00e4in t\u00e4rke\u00e4\u00e4n voittoon, kirjoittaa toimittaja Tony Pietil\u00e4.<\/p>\n<p class=\"article-body mb-(--paragraph-margin-b) px-nof-16\">Tallinna<\/p>\n<p>Lue tiivistelm\u00e4<\/p>\n<p class=\"article-body mb-(--paragraph-margin-b) px-nof-16 sndp-summary-bullet-point-font\">Toimittaja Tony Pietil\u00e4 kirjoittaa, kuinka Lauri Markkanen her\u00e4si Ruotsi-tappion j\u00e4lkeen ja johdatti Susijengin selv\u00e4\u00e4n 96\u201367-voittoon Virosta Tallinnassa.<\/p>\n<p class=\"article-body mb-(--paragraph-margin-b) px-nof-16 sndp-summary-bullet-point-font\">Markkanen aloitti ottelun heikosti, mutta toisen nelj\u00e4nneksen lopulla alkanut kolmonen avasi solmut ja h\u00e4n p\u00e4\u00e4tyi lopulta 21 pisteeseen.<\/p>\n<p class=\"article-body mb-(--paragraph-margin-b) px-nof-16 sndp-summary-bullet-point-font\">Susijengin puolustus parani kolmannella nelj\u00e4nneksell\u00e4 merkitt\u00e4v\u00e4sti, ja joukkue karkasi jopa 20 pisteen johtoon.<\/p>\n<p class=\"article-body mb-(--paragraph-margin-b) px-nof-16 sndp-summary-bullet-point-font\">MM-kisapaikka on Suomen omissa k\u00e4siss\u00e4 nelj\u00e4n j\u00e4ljell\u00e4 olevan karsintaottelun alla, Pietil\u00e4 toteaa.<\/p>\n<p>Viro\u2013Suomi 67\u201396<\/p>\n<p class=\"article-body mb-(--paragraph-margin-b) px-nof-16\">Kun Suomen miesten koripallomaajoukkue oli k\u00e4rsinyt torstaina n\u00f6yryytt\u00e4v\u00e4n kotitappion Ruotsille, Tallinnan sunnuntai-illassa oli lupa odottaa \u00e4rh\u00e4kk\u00e4\u00e4 ryhtiliikett\u00e4.<\/p>\n<p class=\"article-body mb-(--paragraph-margin-b) px-nof-16\">Ennen kaikkea sellaista odotettiin <a class=\"font-bold underline-offset-[0.12em] [text-decoration:var(--person-link-text-decoration)] [text-decoration-color:var(--person-link-text-decoration-color)]!\" href=\"https:\/\/www.is.fi\/haku\/?query=Lauri%20Markkaselta\" rel=\"nofollow noopener\" target=\"_blank\">Lauri Markkaselta<\/a>, joka peli torstaina yhden maajoukkueuransa heikoimmista otteluista.<\/p>\n<p class=\"article-body mb-(--paragraph-margin-b) px-nof-16\">\u00c4rh\u00e4k\u00e4sti Markkanen aloittikin. H\u00e4n kahmi ensimm\u00e4isen reilun minuutin aikana per\u00e4ti nelj\u00e4 heittoyrityst\u00e4. Kaikki ohi. Markkasen ensimm\u00e4isen nelj\u00e4nneksen saldoksi j\u00e4i v\u00e4kisin runnotut kaksi pistett\u00e4.<\/p>\n<p><img decoding=\"async\" src=\"https:\/\/www.europesays.com\/fi\/wp-content\/uploads\/2026\/08\/1788122469_783_468.jpg\" alt=\"Lauri oli kent\u00e4n kuningas.\" class=\"_Img_1rerz_1\" style=\"aspect-ratio:1920\/1280\" loading=\"eager\"\/><\/p>\n<p class=\"font-(family-name:--picture-caption-font-family) text-(length:--picture-caption-font-size) leading-(--picture-caption-leading) font-(--picture-caption-font-weight) text-(color:--picture-caption-color) picture-with-caption__caption picture-with-caption__caption--default-full\">Lauri oli kent\u00e4n kuningas. Kuva:\u00a0Mika Ranta \/ HS<\/p>\n<p class=\"article-body mb-(--paragraph-margin-b) px-nof-16\">Toisen nelj\u00e4nneksen lopulla Suomen supert\u00e4hti vihdoin her\u00e4si. Ensin h\u00e4n paini v\u00e4kisin itsens\u00e4 vapaaheittoviivalle, sitten upposi miehen t\u00e4m\u00e4n karsintaikkunan ensimm\u00e4inen kolmonen.<\/p>\n<p class=\"article-body mb-(--paragraph-margin-b) px-nof-16\">Upea, haastettu kolmonen taaksep\u00e4in askeleen j\u00e4lkeen n\u00e4ytti avaavan solmuja. Heti per\u00e4\u00e4n Markkanen harppoi nopeassa hy\u00f6kk\u00e4yksess\u00e4 komeaan korilleajoon ja viimeisteli kaksi pistett\u00e4 lis\u00e4\u00e4. Samalla Suomi nousi johtoon ottelussa, joka oli edennyt kotijoukkueen komennossa.<\/p>\n<p class=\"article-body mb-(--paragraph-margin-b) px-nof-16\">Kolmannen nelj\u00e4nneksen alussa Markkanen tarjoili aiemmilta maajoukkuekesilt\u00e4 tuttuja taikatemppuja ja paiskasi t\u00e4ysin mahdottomasta asennosta kolmosen sis\u00e4\u00e4n. Onnistumiset ruokkivat onnistumisia, ja lopulta hitaasti aloittanut Markkanen takoi taululle 21 pistett\u00e4.<\/p>\n<p class=\"article-body mb-(--paragraph-margin-b) px-nof-16\">Markkasta puolustettiin kovaa ja hakattiin armotta l\u00e4pi ottelun, mutta jyv\u00e4skyl\u00e4l\u00e4inen ei siit\u00e4 v\u00e4litt\u00e4nyt. P\u00e4\u00e4t\u00f6snelj\u00e4nneksen alussa h\u00e4n joutui hetkeksi huilaamaan jalkaan tulleen kolhun takia, mutta pystyi palaamaan my\u00f6hemmin viel\u00e4 parketille.<\/p>\n<p class=\"article-body mb-(--paragraph-margin-b) px-nof-16\">Markkasen haamukolmosesta alkoi Suomen vakuuttava riemukulku kohti \u00e4\u00e4rimm\u00e4isen t\u00e4rke\u00e4\u00e4 voittoa.<\/p>\n<p><img decoding=\"async\" src=\"https:\/\/www.europesays.com\/fi\/wp-content\/uploads\/2026\/08\/1788122470_530_468.jpg\" alt=\"\" class=\"_Img_1rerz_1\" style=\"aspect-ratio:1280\/1920\" loading=\"eager\"\/><\/p>\n<p class=\"font-(family-name:--picture-caption-font-family) text-(length:--picture-caption-font-size) leading-(--picture-caption-leading) font-(--picture-caption-font-weight) text-(color:--picture-caption-color) picture-with-caption__caption picture-with-caption__caption--default-full\">Kuva:\u00a0Mika Ranta \/ HS<\/p>\n<p><img decoding=\"async\" src=\"https:\/\/www.europesays.com\/fi\/wp-content\/uploads\/2026\/08\/1788122471_636_468.jpg\" alt=\"\" class=\"_Img_1rerz_1\" style=\"aspect-ratio:1920\/1280\" loading=\"eager\"\/><\/p>\n<p class=\"font-(family-name:--picture-caption-font-family) text-(length:--picture-caption-font-size) leading-(--picture-caption-leading) font-(--picture-caption-font-weight) text-(color:--picture-caption-color) picture-with-caption__caption picture-with-caption__caption--default-full\">Kuva:\u00a0Mika Ranta \/ HS<\/p>\n<p class=\"article-body mb-(--paragraph-margin-b) px-nof-16\">Vaikka Tallinnaan oli matkannut satoja suomalaisfaneja, \u00e4\u00e4nekk\u00e4in\u00e4 tunnetuilla susikannattajilla ei ollut mit\u00e4\u00e4n saumaa hallita Unibet-areenan \u00e4\u00e4nialaa. Intohimoiset virolaiset muodostivat m\u00f6yk\u00e4ll\u00e4\u00e4n kansainv\u00e4lisen tason hornankattilan.<\/p>\n<p class=\"article-body mb-(--paragraph-margin-b) px-nof-16\">Meteli yltyi heti alussa, kun Viro karkasi nopeaan tahtiin 10\u20132-johtoon. Suomen heittopeli on ollut yll\u00e4tt\u00e4v\u00e4n vaikeaa l\u00e4pi karsintataipaleen, ja sama meno jatkui.<\/p>\n<p class=\"article-body mb-(--paragraph-margin-b) px-nof-16\">Vain <a class=\"font-bold underline-offset-[0.12em] [text-decoration:var(--person-link-text-decoration)] [text-decoration-color:var(--person-link-text-decoration-color)]!\" href=\"https:\/\/www.is.fi\/haku\/?query=Edon%20Maxhuni\" rel=\"nofollow noopener\" target=\"_blank\">Edon Maxhuni<\/a> osui ensimm\u00e4isell\u00e4 puoliajalla kovalla prosentilla kaukaa. H\u00e4nen kolme kolmostaan pitiv\u00e4t Susijengin mukana peliss\u00e4 ensimm\u00e4isen nelj\u00e4nneksen lopussa ja toisen alussa. Maxhuni taiteili ottelussa lopulta 18 pistett\u00e4.<\/p>\n<p class=\"article-body mb-(--paragraph-margin-b) px-nof-16\">Kolmannella nelj\u00e4nneksell\u00e4 meteli ei vaimentunut, mutta Susijengi oli kuin uusi joukkue. Se puolusti yht\u00e4kki\u00e4 paremmin kuin kertaakaan t\u00e4n\u00e4 kes\u00e4n\u00e4. Viro sai kolmannella nelj\u00e4nneksell\u00e4 aikaan vaivaiset 11 pistett\u00e4.<\/p>\n<p class=\"article-body mb-(--paragraph-margin-b) px-nof-16\">My\u00f6s hy\u00f6kk\u00e4yksiss\u00e4 oli j\u00e4rke\u00e4 ja Suomi sai hyvi\u00e4 heittopaikkoja. Susijengi karkasi nopeasti jopa 20 pisteen karkumatkalle, vaikka heitti edelleen vapaita kaukoheittoja liikaa ohi. Ottelu ratkesi kolmoser\u00e4ss\u00e4 t\u00e4ysin.<\/p>\n<p class=\"article-body mb-(--paragraph-margin-b) px-nof-16\">Ottelun edetess\u00e4 yhdeksi Susijengin hahmoksi nousi takamies <a class=\"font-bold underline-offset-[0.12em] [text-decoration:var(--person-link-text-decoration)] [text-decoration-color:var(--person-link-text-decoration-color)]!\" href=\"https:\/\/www.is.fi\/haku\/?query=Miro%20Little\" rel=\"nofollow noopener\" target=\"_blank\">Miro Little<\/a>. H\u00e4n on lis\u00e4nnyt t\u00e4n\u00e4 kes\u00e4n\u00e4 selv\u00e4sti korille ajamista ja j\u00e4tti vahvoilla ajoillaan virolaiset ihmettelem\u00e4\u00e4n kerta toisensa j\u00e4lkeen. H\u00e4n tehoili ottelussa komeat 15 pistett\u00e4.<\/p>\n<p class=\"article-body mb-(--paragraph-margin-b) px-nof-16\">Voitto oli Suomelle harmillisen Ruotsi-tappion j\u00e4lkeen eritt\u00e4in t\u00e4rke\u00e4. Etenkin kun Ruotsi samaan aikaan h\u00e4visi Ranskan kes\u00e4ksi kasaan saamalle superjoukkueelle.<\/p>\n<p class=\"article-body mb-(--paragraph-margin-b) px-nof-16\">MM-kisapaikka on t\u00e4ysin omissa k\u00e4siss\u00e4, kun Suomella on j\u00e4ljell\u00e4 nelj\u00e4 karsintaottelua. Se kohtaa viel\u00e4 Ruotsin ja Viron kertaalleen ja Slovenian kahdesti.<\/p>\n<p class=\"article-body mb-(--paragraph-margin-b) px-nof-16\">MM-karsinnat jatkuvat marraskuun lopulla. Suomi kohtaa 27.11. Slovenian vieraissa ja 30.11. Viron kotonaan. Noissa otteluissa NBA-kautensa aloittanut Markkanen ei ole en\u00e4\u00e4 mukana.<\/p>\n<p><img decoding=\"async\" src=\"https:\/\/www.europesays.com\/fi\/wp-content\/uploads\/2026\/08\/1788122472_451_468.jpg\" alt=\"\" class=\"_Img_1rerz_1\" style=\"aspect-ratio:1920\/1280\" loading=\"eager\"\/><\/p>\n<p class=\"font-(family-name:--picture-caption-font-family) text-(length:--picture-caption-font-size) leading-(--picture-caption-leading) font-(--picture-caption-font-weight) text-(color:--picture-caption-color) picture-with-caption__caption picture-with-caption__caption--default-full\">Kuva:\u00a0Mika Ranta \/ HS<\/p>\n","protected":false},"excerpt":{"rendered":"Lauri Markkanen her\u00e4si syv\u00e4st\u00e4 unesta ja johdatti Susijengin eritt\u00e4in t\u00e4rke\u00e4\u00e4n voittoon, kirjoittaa toimittaja Tony Pietil\u00e4. Tallinna Lue tiivistelm\u00e4&hellip;\n","protected":false},"author":2,"featured_media":337433,"comment_status":"","ping_status":"","sticky":false,"template":"","format":"standard","meta":{"footnotes":"","_share_on_mastodon":"0"},"categories":[158],"tags":[33,31,30,34,159,32,160],"class_list":["post-337432","post","type-post","status-publish","format-standard","has-post-thumbnail","category-urheilu","tag-fi","tag-finland","tag-finnish","tag-ilta-sanomat","tag-sports","tag-suomi","tag-urheilu"],"share_on_mastodon":{"url":"https:\/\/pubeurope.com\/@fi\/117186402286134948","error":""},"_links":{"self":[{"href":"https:\/\/www.europesays.com\/fi\/wp-json\/wp\/v2\/posts\/337432","targetHints":{"allow":["GET"]}}],"collection":[{"href":"https:\/\/www.europesays.com\/fi\/wp-json\/wp\/v2\/posts"}],"about":[{"href":"https:\/\/www.europesays.com\/fi\/wp-json\/wp\/v2\/types\/post"}],"author":[{"embeddable":true,"href":"https:\/\/www.europesays.com\/fi\/wp-json\/wp\/v2\/users\/2"}],"replies":[{"embeddable":true,"href":"https:\/\/www.europesays.com\/fi\/wp-json\/wp\/v2\/comments?post=337432"}],"version-history":[{"count":0,"href":"https:\/\/www.europesays.com\/fi\/wp-json\/wp\/v2\/posts\/337432\/revisions"}],"wp:featuredmedia":[{"embeddable":true,"href":"https:\/\/www.europesays.com\/fi\/wp-json\/wp\/v2\/media\/337433"}],"wp:attachment":[{"href":"https:\/\/www.europesays.com\/fi\/wp-json\/wp\/v2\/media?parent=337432"}],"wp:term":[{"taxonomy":"category","embeddable":true,"href":"https:\/\/www.europesays.com\/fi\/wp-json\/wp\/v2\/categories?post=337432"},{"taxonomy":"post_tag","embeddable":true,"href":"https:\/\/www.europesays.com\/fi\/wp-json\/wp\/v2\/tags?post=337432"}],"curies":[{"name":"wp","href":"https:\/\/api.w.org\/{rel}","templated":true}]}}