{"id":337434,"date":"2026-08-30T20:42:14","date_gmt":"2026-08-30T20:42:14","guid":{"rendered":"https:\/\/www.europesays.com\/fi\/337434\/"},"modified":"2026-08-30T20:42:14","modified_gmt":"2026-08-30T20:42:14","slug":"prinsessa-estelle-14-ihastutti-aikuismaisessa-tyylissaan","status":"publish","type":"post","link":"https:\/\/www.europesays.com\/fi\/337434\/","title":{"rendered":"Prinsessa Estelle, 14, ihastutti aikuismaisessa tyyliss\u00e4\u00e4n"},"content":{"rendered":"<p>Prinsessa Estelle edusti \u00e4itins\u00e4 ja isovanhempiensa rinnalla.<\/p>\n<p><img decoding=\"async\" class=\"image image-show image-preview\" src=\"https:\/\/www.europesays.com\/fi\/wp-content\/uploads\/2026\/08\/068b515230a8fa7045d76266039108b346627f33c227d058a80f196b9a225eb7.jpg\" alt=\"\"\/><img decoding=\"async\" class=\"image image-show\" src=\"https:\/\/www.europesays.com\/fi\/wp-content\/uploads\/2026\/08\/1788122534_718_068b515230a8fa7045d76266039108b346627f33c227d058a80f196b9a225eb7.jpg\" alt=\"\"\/><\/p>\n<p>Prinsessa Estelle ihastutti tyylill\u00e4\u00e4n kuningatar Silvian kunniaksi j\u00e4rjestetyss\u00e4 konsertissa.  AOP<\/p>\n<p class=\"paragraph\">Kuningatar <a href=\"https:\/\/www.iltalehti.fi\/henkilot\/Silvia\" class=\"article-link-person-page\" rel=\"nofollow noopener\" target=\"_blank\">Silvian<\/a> kunniaksi j\u00e4rjestettiin 23. elokuuta konsertti Drottningholmin linnateatterissa. Konsertilla juhlittiin Silvian viitt\u00e4kymment\u00e4 vuotta kuningattarena. Konsertissa kuultiin <a href=\"https:\/\/www.iltalehti.fi\/henkilot\/Alessandro Stradella\" class=\"article-link-person-page\" rel=\"nofollow noopener\" target=\"_blank\">Alessandro Stradellan<\/a> teos San Giovanni Battista.<\/p>\n<p class=\"paragraph\">Konserttiin saapumassa kuvattiin hyv\u00e4ntuulinen prinsessa <a href=\"https:\/\/www.iltalehti.fi\/henkilot\/Estelle\" class=\"article-link-person-page\" rel=\"nofollow noopener\" target=\"_blank\">Estelle<\/a>, 14. H\u00e4n saapui \u00e4itins\u00e4, kruununprinsessa <a href=\"https:\/\/www.iltalehti.fi\/henkilot\/Victoria\" class=\"article-link-person-page\" rel=\"nofollow noopener\" target=\"_blank\">Victorian<\/a> sek\u00e4 kuningasparin seurueessa. Nelikko kuvattiin k\u00e4velem\u00e4ss\u00e4 rinta rinnan kohti konserttia<\/p>\n<p>Kaarle Kustaa, Silvia, Victoria ja Estelle saapuivat konserttiin.  AOP<\/p>\n<p class=\"paragraph\">Huomion varasti kuitenkin kes\u00e4lomilta kouluopintojensa pariin palannut Estelle. <a href=\"https:\/\/www.svenskdam.se\/kungliga-modebloggen\/estelle-stralar-bredvid-mamma-victoria-pa-kungliga-comebacken\/11573884\" target=\"_blank\" rel=\"noopener nofollow\">Svensk Damin<\/a> mukaan p\u00e4iv\u00e4n t\u00e4rkein kysymys olikin, mit\u00e4 Estellell\u00e4 olisi yll\u00e4\u00e4n. Ajan my\u00f6t\u00e4 on selvinnyt, ett\u00e4 nuori prinsessa arvostaa klassista tyyli\u00e4 nuorekkaalla otteella.<\/p>\n<p class=\"paragraph\">Yhdess\u00e4 Silvia, Victoria ja Estelle edustivat v\u00e4rikk\u00e4in\u00e4. Kuningas <a href=\"https:\/\/www.iltalehti.fi\/henkilot\/Kaarle Kustaa\" class=\"article-link-person-page\" rel=\"nofollow noopener\" target=\"_blank\">Kaarle Kustaan<\/a> vierell\u00e4 saapuneella Silvialla oli ruudullinen vaaleanpunainen Weillin boucl\u00e9-kankainen jakkupuku.<\/p>\n<p class=\"paragraph\">Victorialla puolestaan oli vaaleanpunaisesta yl\u00e4osasta helmaa kohti vihre\u00e4ksi p\u00e4\u00e4v\u00e4rilt\u00e4\u00e4n vaihtuva kes\u00e4inen mekko. H\u00e4nell\u00e4 oli upeat vihre\u00e4t korkokeng\u00e4t. Estelle tuli konserttiin vaaleankeltaisessa lyhyehk\u00f6ss\u00e4 mekossa ja mustissa sandaletti-tyyppisiss\u00e4 korkokengiss\u00e4\u00e4n. Sek\u00e4 \u00e4idill\u00e4 ett\u00e4 tytt\u00e4rell\u00e4 oli k\u00e4sivarrellaan huivi, mik\u00e4li ruotsalainen kes\u00e4ilta ei sattuisikaan olemaan kovin l\u00e4mmin.<\/p>\n<p>\u00c4iti ja tyt\u00e4r, Victoria ja Estelle edustivat yhdess\u00e4 kuningatar Silvian kunniaksi j\u00e4rjestetyss\u00e4 konsertissa.  AOP<\/p>\n<p class=\"paragraph\">Svensk Dam arveli, ett\u00e4 Estellen mekko oli uusi lis\u00e4 h\u00e4nen vaatekaappiinsa. Lehti my\u00f6s spekuloi, olivatko prinsessan korkokeng\u00e4t ensimm\u00e4iset laatuaan vuosikausien matalien <a href=\"https:\/\/www.svenskdam.se\/kungligt\/prinsessan-estelles-festkvall-har-overraskar-hon-alla\/11574082\" target=\"_blank\" rel=\"noopener nofollow\">ballerinojen k\u00e4yt\u00f6n<\/a> j\u00e4lkeen.<\/p>\n","protected":false},"excerpt":{"rendered":"Prinsessa Estelle edusti \u00e4itins\u00e4 ja isovanhempiensa rinnalla. Prinsessa Estelle ihastutti tyylill\u00e4\u00e4n kuningatar Silvian kunniaksi j\u00e4rjestetyss\u00e4 konsertissa. AOP Kuningatar&hellip;\n","protected":false},"author":2,"featured_media":337435,"comment_status":"","ping_status":"","sticky":false,"template":"","format":"standard","meta":{"footnotes":"","_share_on_mastodon":"0"},"categories":[130],"tags":[35,137,33,31,30,99,100,47,98,32,484,109],"class_list":["post-337434","post","type-post","status-publish","format-standard","has-post-thumbnail","category-viihde","tag-24h","tag-entertainment","tag-fi","tag-finland","tag-finnish","tag-lapset","tag-lapset-ja-nuoret","tag-musiikki","tag-perhe","tag-suomi","tag-taiteellinen-ilmaisu-ja-mediat","tag-viihde"],"share_on_mastodon":{"url":"https:\/\/pubeurope.com\/@fi\/117186405524760987","error":""},"_links":{"self":[{"href":"https:\/\/www.europesays.com\/fi\/wp-json\/wp\/v2\/posts\/337434","targetHints":{"allow":["GET"]}}],"collection":[{"href":"https:\/\/www.europesays.com\/fi\/wp-json\/wp\/v2\/posts"}],"about":[{"href":"https:\/\/www.europesays.com\/fi\/wp-json\/wp\/v2\/types\/post"}],"author":[{"embeddable":true,"href":"https:\/\/www.europesays.com\/fi\/wp-json\/wp\/v2\/users\/2"}],"replies":[{"embeddable":true,"href":"https:\/\/www.europesays.com\/fi\/wp-json\/wp\/v2\/comments?post=337434"}],"version-history":[{"count":0,"href":"https:\/\/www.europesays.com\/fi\/wp-json\/wp\/v2\/posts\/337434\/revisions"}],"wp:featuredmedia":[{"embeddable":true,"href":"https:\/\/www.europesays.com\/fi\/wp-json\/wp\/v2\/media\/337435"}],"wp:attachment":[{"href":"https:\/\/www.europesays.com\/fi\/wp-json\/wp\/v2\/media?parent=337434"}],"wp:term":[{"taxonomy":"category","embeddable":true,"href":"https:\/\/www.europesays.com\/fi\/wp-json\/wp\/v2\/categories?post=337434"},{"taxonomy":"post_tag","embeddable":true,"href":"https:\/\/www.europesays.com\/fi\/wp-json\/wp\/v2\/tags?post=337434"}],"curies":[{"name":"wp","href":"https:\/\/api.w.org\/{rel}","templated":true}]}}