{"id":337444,"date":"2026-08-30T20:56:43","date_gmt":"2026-08-30T20:56:43","guid":{"rendered":"https:\/\/www.europesays.com\/fi\/337444\/"},"modified":"2026-08-30T20:56:43","modified_gmt":"2026-08-30T20:56:43","slug":"oculus-riftista-tulossa-parempi-versio","status":"publish","type":"post","link":"https:\/\/www.europesays.com\/fi\/337444\/","title":{"rendered":"Oculus Riftist\u00e4 tulossa parempi versio"},"content":{"rendered":"<p><a href=\"http:\/\/www.pelit.fi\/wp-content\/uploads\/2014\/03\/oculus2.jpg\" rel=\"nofollow noopener\" target=\"_blank\"><img loading=\"lazy\" decoding=\"async\" class=\"alignnone size-medium wp-image-475\" alt=\"oculus2\" src=\"https:\/\/www.europesays.com\/fi\/wp-content\/uploads\/2026\/08\/oculus2-300x199.jpg\" width=\"300\" height=\"199\"\/><\/a><\/p>\n<p><strong style=\"line-height: 1.5em;\">Oculus VR<\/strong> ilmoitti julkaisevansa kes\u00e4ll\u00e4 <strong style=\"line-height: 1.5em;\">Oculus Rift<\/strong> -virtuaalilaseistaan uuden, parannetun version.<\/p>\n<p><strong>DK2<\/strong>:ssa on esimerkiksi nykyist\u00e4 kehitysversiota tarkempi resoluutio. Vanhassa silm\u00e4lle n\u00e4ytettiin 640*800 pikselin ruutua, mutta uudessa resoluutio nousee 960*1080:een per silm\u00e4. \u00a0Oculus VR -yhti\u00f6n mukaan uudet n\u00e4yt\u00f6t v\u00e4hent\u00e4v\u00e4t useita ensimm\u00e4isen kehitysversion ongelmia, kuten hyttysverkkoefekti\u00e4, kapeaa kuvakulmaa ja v\u00e4ri- ja kontrastivirheit\u00e4.<\/p>\n<p>DK2:ssa on my\u00f6s aikaisempaa paremmat liikesensorit. P\u00e4\u00e4n liikkeiden, sijainnin ja varsinkin asennon tunnistusta parannetaan lis\u00e4\u00e4m\u00e4ll\u00e4 DK2:een kamera.<\/p>\n<p>DK2-versio ilmestyy hein\u00e4kuussa. Veroton hinta on 350 dollaria.<\/p>\n<p>Kuten nimest\u00e4kin arvaa, Oculus Development Kit 2 ei ole tarkoitettu kuluttajaversioksi vaan nimenomaan kehitt\u00e4jille. Speksit alkavat olla hyvin l\u00e4hell\u00e4 lopullista, sill\u00e4 kaikki\u00a0DK2:ssa toimivat ohjelmat py\u00f6riv\u00e4t my\u00f6s varsinaisessa kuluttajaversiossa. Oculus Riftin kuluttajaversio ilmestynee vuodenvaihteen tienoilla.<\/p>\n","protected":false},"excerpt":{"rendered":"Oculus VR ilmoitti julkaisevansa kes\u00e4ll\u00e4 Oculus Rift -virtuaalilaseistaan uuden, parannetun version. DK2:ssa on esimerkiksi nykyist\u00e4 kehitysversiota tarkempi resoluutio.&hellip;\n","protected":false},"author":2,"featured_media":337445,"comment_status":"","ping_status":"","sticky":false,"template":"","format":"standard","meta":{"footnotes":"","_share_on_mastodon":"0"},"categories":[88],"tags":[33,31,30,32,91,92,424,422,423],"class_list":["post-337444","post","type-post","status-publish","format-standard","has-post-thumbnail","category-virtuaalitodellisuus","tag-fi","tag-finland","tag-finnish","tag-suomi","tag-technology","tag-teknologia","tag-virtuaalitodellisuus","tag-virtual-reality","tag-vr"],"share_on_mastodon":{"url":"https:\/\/pubeurope.com\/@fi\/117186461262465132","error":""},"_links":{"self":[{"href":"https:\/\/www.europesays.com\/fi\/wp-json\/wp\/v2\/posts\/337444","targetHints":{"allow":["GET"]}}],"collection":[{"href":"https:\/\/www.europesays.com\/fi\/wp-json\/wp\/v2\/posts"}],"about":[{"href":"https:\/\/www.europesays.com\/fi\/wp-json\/wp\/v2\/types\/post"}],"author":[{"embeddable":true,"href":"https:\/\/www.europesays.com\/fi\/wp-json\/wp\/v2\/users\/2"}],"replies":[{"embeddable":true,"href":"https:\/\/www.europesays.com\/fi\/wp-json\/wp\/v2\/comments?post=337444"}],"version-history":[{"count":0,"href":"https:\/\/www.europesays.com\/fi\/wp-json\/wp\/v2\/posts\/337444\/revisions"}],"wp:featuredmedia":[{"embeddable":true,"href":"https:\/\/www.europesays.com\/fi\/wp-json\/wp\/v2\/media\/337445"}],"wp:attachment":[{"href":"https:\/\/www.europesays.com\/fi\/wp-json\/wp\/v2\/media?parent=337444"}],"wp:term":[{"taxonomy":"category","embeddable":true,"href":"https:\/\/www.europesays.com\/fi\/wp-json\/wp\/v2\/categories?post=337444"},{"taxonomy":"post_tag","embeddable":true,"href":"https:\/\/www.europesays.com\/fi\/wp-json\/wp\/v2\/tags?post=337444"}],"curies":[{"name":"wp","href":"https:\/\/api.w.org\/{rel}","templated":true}]}}