{"id":337450,"date":"2026-08-30T21:12:15","date_gmt":"2026-08-30T21:12:15","guid":{"rendered":"https:\/\/www.europesays.com\/fi\/337450\/"},"modified":"2026-08-30T21:12:15","modified_gmt":"2026-08-30T21:12:15","slug":"kuningas-harald-haudataan-9-syyskuuta-uutissuomalainen","status":"publish","type":"post","link":"https:\/\/www.europesays.com\/fi\/337450\/","title":{"rendered":"Kuningas Harald haudataan 9. syyskuuta | Uutissuomalainen"},"content":{"rendered":"<p>Norjan edesmenneen kuninkaan Haraldin hautajaiset pidet\u00e4\u00e4n Oslon tuomiokirkossa keskiviikkona 9. syyskuuta, kertoi hovi sunnuntaina. Hautajaiset alkavat kello 13.<\/p>\n<p>Haraldin arkku siirret\u00e4\u00e4n maanantaina Kuninkaanlinnan salista linnan kappeliin, miss\u00e4 se on esill\u00e4 hautajaisp\u00e4iv\u00e4\u00e4n saakka.<\/p>\n<p>Linnan kappeli on avoinna yleis\u00f6lle j\u00e4\u00e4hyv\u00e4isten j\u00e4tt\u00e4mist\u00e4 varten tiistai-iltap\u00e4iv\u00e4st\u00e4 alkaen aina hautajaisia edelt\u00e4v\u00e4\u00e4n iltaan saakka.<\/p>\n<p>Hautajaiskulkue kulkee perinteen mukaisesti Kuninkaanlinnasta Oslon tuomiokirkkoon. Haraldin viimeiseksi leposijaksi tulee kuninkaallinen mausoleumi Akershusin linnankirkon alla.<\/p>\n<p>Haraldin muistojumalanpalvelus pidettiin sunnuntaina Askerin kirkossa l\u00e4hell\u00e4 Osloa. Jumalanpalvelukseen osallistui muun muassa Norjan p\u00e4\u00e4ministeri Jonas Gahr St\u00f6re sek\u00e4 kuningasperhe, poisluettuna keuhkonsiirrosta yh\u00e4 toipuva kuningatar Mette-Marit.<\/p>\n","protected":false},"excerpt":{"rendered":"Norjan edesmenneen kuninkaan Haraldin hautajaiset pidet\u00e4\u00e4n Oslon tuomiokirkossa keskiviikkona 9. syyskuuta, kertoi hovi sunnuntaina. Hautajaiset alkavat kello 13.&hellip;\n","protected":false},"author":2,"featured_media":337451,"comment_status":"","ping_status":"","sticky":false,"template":"","format":"standard","meta":{"footnotes":"","_share_on_mastodon":"0"},"categories":[14],"tags":[22,23,26,27,33,31,30,17,3674,653,652,24,25,28,29,15,5836,18,21,637,32,19,20,56,16,59,60,61],"class_list":["post-337450","post","type-post","status-publish","format-standard","has-post-thumbnail","category-ulkomaat","tag-breaking-news","tag-breakingnews","tag-featured-news","tag-featurednews","tag-fi","tag-finland","tag-finnish","tag-headlines","tag-juhla-ja-vapaapaivat","tag-julkkisperheet","tag-kuninkaalliset","tag-latest-news","tag-latestnews","tag-main-news","tag-mainnews","tag-news","tag-oslo","tag-otsikot","tag-paauutiset","tag-politiikka","tag-suomi","tag-top-stories","tag-topstories","tag-ulkomaat","tag-uutiset","tag-world","tag-world-news","tag-worldnews"],"share_on_mastodon":{"url":"https:\/\/pubeurope.com\/@fi\/117186523942467309","error":""},"_links":{"self":[{"href":"https:\/\/www.europesays.com\/fi\/wp-json\/wp\/v2\/posts\/337450","targetHints":{"allow":["GET"]}}],"collection":[{"href":"https:\/\/www.europesays.com\/fi\/wp-json\/wp\/v2\/posts"}],"about":[{"href":"https:\/\/www.europesays.com\/fi\/wp-json\/wp\/v2\/types\/post"}],"author":[{"embeddable":true,"href":"https:\/\/www.europesays.com\/fi\/wp-json\/wp\/v2\/users\/2"}],"replies":[{"embeddable":true,"href":"https:\/\/www.europesays.com\/fi\/wp-json\/wp\/v2\/comments?post=337450"}],"version-history":[{"count":0,"href":"https:\/\/www.europesays.com\/fi\/wp-json\/wp\/v2\/posts\/337450\/revisions"}],"wp:featuredmedia":[{"embeddable":true,"href":"https:\/\/www.europesays.com\/fi\/wp-json\/wp\/v2\/media\/337451"}],"wp:attachment":[{"href":"https:\/\/www.europesays.com\/fi\/wp-json\/wp\/v2\/media?parent=337450"}],"wp:term":[{"taxonomy":"category","embeddable":true,"href":"https:\/\/www.europesays.com\/fi\/wp-json\/wp\/v2\/categories?post=337450"},{"taxonomy":"post_tag","embeddable":true,"href":"https:\/\/www.europesays.com\/fi\/wp-json\/wp\/v2\/tags?post=337450"}],"curies":[{"name":"wp","href":"https:\/\/api.w.org\/{rel}","templated":true}]}}