{"id":337454,"date":"2026-08-30T21:14:13","date_gmt":"2026-08-30T21:14:13","guid":{"rendered":"https:\/\/www.europesays.com\/fi\/337454\/"},"modified":"2026-08-30T21:14:13","modified_gmt":"2026-08-30T21:14:13","slug":"sami-pajarin-voittokulku-jatkuu-kirjasi-mm-historiaa","status":"publish","type":"post","link":"https:\/\/www.europesays.com\/fi\/337454\/","title":{"rendered":"Sami Pajarin voittokulku jatkuu\u2009\u2013\u2009kirjasi MM-historiaa"},"content":{"rendered":"<p class=\"teksti\">Toyotan Sami Pajari voitti Paraguayn MM-rallin ja kavensi tallitoverinsa Elfyn Evansin johtoa MM-sarjassa. Pajari voitti Hyundain Hayden Paddonin 25,8 sekunnilla. Hyundain Adrien Fourmaux oli kolmas ja Evans nelj\u00e4s.<\/p>\n<p class=\"teksti\">Pajarille voitto on kolmas per\u00e4kk\u00e4inen MM-sarjassa, sill\u00e4 h\u00e4n oli ykk\u00f6nen my\u00f6s Virossa ja Suomessa. Pajarista tuli ensimm\u00e4inen kuljettaja, joka on ottanut kolme ensimm\u00e4ist\u00e4 MM-voittoaan per\u00e4kk\u00e4isiss\u00e4 ralleissa.<\/p>\n<p class=\"teksti\">\u2013\u2009Mahtavaa, iso kiitos tallille j\u00e4lleen kerran. Ei ollut helppo ralli, ei kuljettajille eik\u00e4 my\u00f6sk\u00e4\u00e4n talleille. N\u00e4in luotettavan auton rakentaminen on avain menestykseen, onnellinen voittaja Pajari hehkutteli MM-sarjan <a href=\"https:\/\/www.wrc.com\/en\/events\/wrc-rally-del-paraguay-2026\/live-updates-wrc-ueno-rally-del-paraguay-2026\" target=\"_blank\" rel=\"noopener nofollow\">liveseurannassa<\/a>.<\/p>\n<p>Jatkuu mainoksen j\u00e4lkeen <\/p>\n<p> Mainos p\u00e4\u00e4ttyy<\/p>\n<p class=\"teksti\">\u2013\u2009Olen niin ylpe\u00e4 ja niin iloinen. En tarkkaan tied\u00e4 miss\u00e4 menn\u00e4\u00e4n MM-pisteiss\u00e4, mutta parhaamme yritet\u00e4\u00e4n tehd\u00e4 maailmanmestaruustaistossa. Ei hassummin suju siin\u00e4k\u00e4\u00e4n t\u00e4ll\u00e4 hetkell\u00e4.<\/p>\n<p class=\"teksti\">Evansin johto Pajariin on 20 pistett\u00e4, kun se ennen Paraguayta oli 30 pistett\u00e4. Kautta on ajamatta viel\u00e4 kolme kilpailua, seuraavana ajetaan Chilen ralli 11.\u201313. syyskuuta. Lokakuun alussa ajetaan Sardinian ralli Italiassa, ja kausi on m\u00e4\u00e4r\u00e4 p\u00e4\u00e4tt\u00e4\u00e4 marraskuussa Saudi-Arabiassa.<\/p>\n<p class=\"teksti\">Vasta toista kertaa MM-rallina ajettu Paraguayn soraralli tarjosi draamaa heti avausp\u00e4iv\u00e4n\u00e4 perjantaina. Jo ensimm\u00e4isill\u00e4 erikoiskokeilla voittohaaveet karisivat niin hallitsevalta maailmanmestarilta Sebastien Ogierilta, MM-sarjassa kolmantena olleelta Takamoto Katsutalta kuin my\u00f6s Hyundai-t\u00e4hti Thierry Neuvillelta.<\/p>\n<p class=\"teksti\">P\u00e4\u00e4t\u00f6sp\u00e4iv\u00e4n\u00e4 s\u00e4ik\u00e4ytti viel\u00e4 Katsutan raju ulosajo viimeist\u00e4 edellisell\u00e4 ek:lla. Pelottavasti ilmaan sinkoutunut ja pylv\u00e4\u00e4n katkaissut auto k\u00e4rsi kovasti, mutta onneksi sek\u00e4 Katsuta ett\u00e4 kartturi Aaron Johnston selvisiv\u00e4t ryt\u00e4k\u00e4st\u00e4 tietojen mukaan kunnossa.<\/p>\n","protected":false},"excerpt":{"rendered":"Toyotan Sami Pajari voitti Paraguayn MM-rallin ja kavensi tallitoverinsa Elfyn Evansin johtoa MM-sarjassa. Pajari voitti Hyundain Hayden Paddonin&hellip;\n","protected":false},"author":2,"featured_media":337455,"comment_status":"","ping_status":"","sticky":false,"template":"","format":"standard","meta":{"footnotes":"","_share_on_mastodon":"0"},"categories":[5],"tags":[3701,22,23,26,27,33,31,30,17,24,25,28,29,15,18,21,3240,32,19,20,160,16],"class_list":["post-337454","post","type-post","status-publish","format-standard","has-post-thumbnail","category-otsikot","tag-autourheilu","tag-breaking-news","tag-breakingnews","tag-featured-news","tag-featurednews","tag-fi","tag-finland","tag-finnish","tag-headlines","tag-latest-news","tag-latestnews","tag-main-news","tag-mainnews","tag-news","tag-otsikot","tag-paauutiset","tag-ralli","tag-suomi","tag-top-stories","tag-topstories","tag-urheilu","tag-uutiset"],"share_on_mastodon":{"url":"https:\/\/pubeurope.com\/@fi\/117186531547852677","error":""},"_links":{"self":[{"href":"https:\/\/www.europesays.com\/fi\/wp-json\/wp\/v2\/posts\/337454","targetHints":{"allow":["GET"]}}],"collection":[{"href":"https:\/\/www.europesays.com\/fi\/wp-json\/wp\/v2\/posts"}],"about":[{"href":"https:\/\/www.europesays.com\/fi\/wp-json\/wp\/v2\/types\/post"}],"author":[{"embeddable":true,"href":"https:\/\/www.europesays.com\/fi\/wp-json\/wp\/v2\/users\/2"}],"replies":[{"embeddable":true,"href":"https:\/\/www.europesays.com\/fi\/wp-json\/wp\/v2\/comments?post=337454"}],"version-history":[{"count":0,"href":"https:\/\/www.europesays.com\/fi\/wp-json\/wp\/v2\/posts\/337454\/revisions"}],"wp:featuredmedia":[{"embeddable":true,"href":"https:\/\/www.europesays.com\/fi\/wp-json\/wp\/v2\/media\/337455"}],"wp:attachment":[{"href":"https:\/\/www.europesays.com\/fi\/wp-json\/wp\/v2\/media?parent=337454"}],"wp:term":[{"taxonomy":"category","embeddable":true,"href":"https:\/\/www.europesays.com\/fi\/wp-json\/wp\/v2\/categories?post=337454"},{"taxonomy":"post_tag","embeddable":true,"href":"https:\/\/www.europesays.com\/fi\/wp-json\/wp\/v2\/tags?post=337454"}],"curies":[{"name":"wp","href":"https:\/\/api.w.org\/{rel}","templated":true}]}}