{"id":337458,"date":"2026-08-30T21:33:11","date_gmt":"2026-08-30T21:33:11","guid":{"rendered":"https:\/\/www.europesays.com\/fi\/337458\/"},"modified":"2026-08-30T21:33:11","modified_gmt":"2026-08-30T21:33:11","slug":"immu-lataa-suorat-sanat-suomalaistahdelle-tyhma-muuvi","status":"publish","type":"post","link":"https:\/\/www.europesays.com\/fi\/337458\/","title":{"rendered":"Immu lataa suorat sanat suomalaist\u00e4hdelle: \u201dTyhm\u00e4 muuvi\u201d"},"content":{"rendered":"<p>Immu l\u00e4hetti terveisi\u00e4 Tugareville. <\/p>\n<p class=\"paragraph\">Immu Fight Night koki raskaan takaiskun, kun maan kirkkaimpiin vapaaottelut\u00e4htiin lukeutuva <strong>Omar Tugarev<\/strong> vet\u00e4ytyi pois illasta vajaa kuukausi ennen h-hetke\u00e4.<\/p>\n<p class=\"paragraph\">Tugarevin piti t\u00e4hditt\u00e4\u00e4 p\u00e4\u00e4ottelua Helsingin j\u00e4\u00e4hallissa 12. syyskuuta. Miehen vastus ei koskaan selvinnyt, mutta lupauksissa oli \u201dUFC-veteraani\u201d.<\/p>\n<p class=\"paragraph\">Mysteeriksi j\u00e4\u00e4neen vastustajan peruutuksen j\u00e4lkeen Tugarev teki omat johtop\u00e4\u00e4t\u00f6ksens\u00e4 ja p\u00e4\u00e4tti j\u00e4tt\u00e4\u00e4 koko tapahtuman v\u00e4liin.<\/p>\n<p class=\"paragraph\">H\u00e4n kertoo <a href=\"https:\/\/www.youtube.com\/watch?v=12GPv7AxoY0\" target=\"_blank\" rel=\"noopener nofollow\">H\u00e4kiss\u00e4-podcastin haastattelussa<\/a> kommunikoinnin olleen heikkoa IFN:n taholta. Tugarev sanoo pel\u00e4nneens\u00e4, ett\u00e4 ottelu ei koskaan toteutuisi.<\/p>\n<p class=\"paragraph\">\u2013 H\u00e4n ilmeisesti kertoo, ett\u00e4 h\u00e4n haluaa lopettaa yhteisty\u00f6n kanssani. Semmoinen pointti, ett\u00e4 h\u00e4n ei ole kertaakaan edes minun kanssani asioinut, mutta se on ihan fine. Se on h\u00e4nen valintansa, IFN-keulahahmo <strong>Mika \u201dImmu\u201d Ilm\u00e9n<\/strong> vastaa kritiikkiin.<\/p>\n<p class=\"paragraph\">Immun mukaan Tugarevin puheet ja aikeet eiv\u00e4t v\u00e4ltt\u00e4m\u00e4tt\u00e4 ole kovin hedelm\u00e4llisi\u00e4 tulevaisuutta ajatellen, vaikka 24-vuotiaan ura onkin nousukiidossa.<\/p>\n<p class=\"paragraph\">\u2013 Sill\u00e4 tavalla ehk\u00e4 tyhm\u00e4 muuvi, ett\u00e4 ei kannata polttaa siltoja ihmisiin, jos ei siihen ole mit\u00e4\u00e4n syyt\u00e4. El\u00e4m\u00e4ss\u00e4 voi tulla tilanne, ett\u00e4 niit\u00e4 taas tarvitsee.<\/p>\n<p>Paikkauksia tulossa<img decoding=\"async\" class=\"image image-show image-preview\" src=\"https:\/\/www.europesays.com\/fi\/wp-content\/uploads\/2026\/08\/805e44a136d1c5663b60eed570efbc8f399112f5c3de4144e163c714e613fad1.jpg\" alt=\"\"\/><img decoding=\"async\" class=\"image image-show\" src=\"https:\/\/www.europesays.com\/fi\/wp-content\/uploads\/2026\/08\/1788125591_108_805e44a136d1c5663b60eed570efbc8f399112f5c3de4144e163c714e613fad1.jpg\" alt=\"\"\/><\/p>\n<p>Immu lupaa vahvistuksia IFN:n kortille.  Tomi Natri<\/p>\n<p class=\"paragraph\">Heti Tugarevin j\u00e4lkeen IFN-illan kortilta poistui my\u00f6s <strong>Lemar Khan<\/strong>.<\/p>\n<p class=\"paragraph\">\u2013 Musta se on vaan osa t\u00e4t\u00e4 bisnest\u00e4, Immu kuittaa kahden kovan vapaaottelijan menett\u00e4misen.<\/p>\n<p class=\"paragraph\">\u2013 He ovat samaa tiimi\u00e4. Lemar joutui siin\u00e4 ehk\u00e4 v\u00e4h\u00e4n puun ja kuoren v\u00e4liin, kun h\u00e4n haluaa tietenkin tulla oman tiimins\u00e4 kanssa sinne otteluun. Sen takia p\u00e4\u00e4stimme h\u00e4net helpolla, ett\u00e4 hei totta kai. Tehd\u00e4\u00e4n yhteisty\u00f6t\u00e4 taas, kun on sen aika.<\/p>\n<p class=\"paragraph\">Sen Immu my\u00f6nt\u00e4\u00e4, ett\u00e4 IFN:n t\u00e4ytyy viel\u00e4 paikata menetykset.<\/p>\n<p class=\"paragraph\">\u2013 Me vastaamme siihen todella kovilla ottelupareilla. Ensi viikolla me julkistamme toisen otteluparin, mik\u00e4 vet\u00e4\u00e4 kyll\u00e4 vertoja n\u00e4ille, h\u00e4n lupaa.<\/p>\n<p>\u201dJ\u00e4\u00e4mme plussalle\u201d<\/p>\n<p class=\"paragraph\">Kamppailutapahtumien j\u00e4rjest\u00e4minen n\u00e4in isoissa puitteissa Suomessa ei ole helppoa markkinoinninkaan osalta.<\/p>\n<p class=\"paragraph\">Immu muistelee, ett\u00e4 maaliskuussa j\u00e4rjestetty IFC oli ottelup\u00e4iv\u00e4n aamuna heikommissa lipunmyyntilukemissa kuin IFN nyt.<\/p>\n<p class=\"paragraph\">Ilm\u00e9nin mukaan lippuja oli myyty perjantaiaamuun menness\u00e4 noin 2\u202f700. Toisaalta IFC onnistui loppukiriss\u00e4 ja sai houkuteltua paikalle 6\u202f000 katsojaa.<\/p>\n<p class=\"paragraph\">Taloudellisen vastuun tapahtumasta kantaa Sanoma-konsernin Nelonen Media Live.<\/p>\n<p class=\"paragraph\">\u2013 M\u00e4 olen aivan satavarma, ett\u00e4 me p\u00e4\u00e4st\u00e4\u00e4n plussalle, Immu lupaa.<\/p>\n","protected":false},"excerpt":{"rendered":"Immu l\u00e4hetti terveisi\u00e4 Tugareville. Immu Fight Night koki raskaan takaiskun, kun maan kirkkaimpiin vapaaottelut\u00e4htiin lukeutuva Omar Tugarev vet\u00e4ytyi&hellip;\n","protected":false},"author":2,"featured_media":337459,"comment_status":"","ping_status":"","sticky":false,"template":"","format":"standard","meta":{"footnotes":"","_share_on_mastodon":"0"},"categories":[158],"tags":[35,33,31,30,1511,41,1616,979,159,32,140,160],"class_list":["post-337458","post","type-post","status-publish","format-standard","has-post-thumbnail","category-urheilu","tag-24h","tag-fi","tag-finland","tag-finnish","tag-joukkoviestinta","tag-liikunta-ja-urheilu","tag-media-viestinta","tag-sahkoinen-media","tag-sports","tag-suomi","tag-tv-ja-elokuvat","tag-urheilu"],"share_on_mastodon":{"url":"https:\/\/pubeurope.com\/@fi\/117186606854751153","error":""},"_links":{"self":[{"href":"https:\/\/www.europesays.com\/fi\/wp-json\/wp\/v2\/posts\/337458","targetHints":{"allow":["GET"]}}],"collection":[{"href":"https:\/\/www.europesays.com\/fi\/wp-json\/wp\/v2\/posts"}],"about":[{"href":"https:\/\/www.europesays.com\/fi\/wp-json\/wp\/v2\/types\/post"}],"author":[{"embeddable":true,"href":"https:\/\/www.europesays.com\/fi\/wp-json\/wp\/v2\/users\/2"}],"replies":[{"embeddable":true,"href":"https:\/\/www.europesays.com\/fi\/wp-json\/wp\/v2\/comments?post=337458"}],"version-history":[{"count":0,"href":"https:\/\/www.europesays.com\/fi\/wp-json\/wp\/v2\/posts\/337458\/revisions"}],"wp:featuredmedia":[{"embeddable":true,"href":"https:\/\/www.europesays.com\/fi\/wp-json\/wp\/v2\/media\/337459"}],"wp:attachment":[{"href":"https:\/\/www.europesays.com\/fi\/wp-json\/wp\/v2\/media?parent=337458"}],"wp:term":[{"taxonomy":"category","embeddable":true,"href":"https:\/\/www.europesays.com\/fi\/wp-json\/wp\/v2\/categories?post=337458"},{"taxonomy":"post_tag","embeddable":true,"href":"https:\/\/www.europesays.com\/fi\/wp-json\/wp\/v2\/tags?post=337458"}],"curies":[{"name":"wp","href":"https:\/\/api.w.org\/{rel}","templated":true}]}}