{"id":337472,"date":"2026-08-30T21:59:14","date_gmt":"2026-08-30T21:59:14","guid":{"rendered":"https:\/\/www.europesays.com\/fi\/337472\/"},"modified":"2026-08-30T21:59:14","modified_gmt":"2026-08-30T21:59:14","slug":"otto-virtanen-sai-paikan-yhdysvaltojen-avointen-paasarjaan-urheilua-lyhyesti","status":"publish","type":"post","link":"https:\/\/www.europesays.com\/fi\/337472\/","title":{"rendered":"Otto Virtanen sai paikan Yhdysvaltojen avointen p\u00e4\u00e4sarjaan | Urheilua lyhyesti"},"content":{"rendered":"<p class=\"aw__sc-1qwuw0s-0 aw__sc-1vg2sqm-0 epAWpq ecELkD yle__article__paragraph\">Sunnuntaina turnausj\u00e4rjest\u00e4j\u00e4 tiedotti, ett\u00e4 kroatialainen Marin Cilic on vet\u00e4ytynyt turnauksesta, ja h\u00e4nen paikkansa annetaan Virtaselle.<\/p>\n<p><img decoding=\"async\" alt=\"Tenniksen kaksinpelin loppuottelu saksalaisen Diego Deduran ja Otto Virtasen v\u00e4lill\u00e4 Tampereella 26.7.2026. \" src=\"https:\/\/www.europesays.com\/fi\/wp-content\/uploads\/2026\/08\/1785068055.jpeg\" class=\"aw__sc-dklauk-0 LPzKX\"\/><\/p>\n<p>Avaa kuvien katselu<\/p>\n<p>Otto Virtanen. Arkistokuva. Kuva: Berislav Juri\u0161i\u0107 \/ Yle<\/p>\n<p class=\"aw__sc-1qwuw0s-0 aw__sc-ngllmo-0 epAWpq fzYpjk yle__article__paragraph\">Suomen tennist\u00e4hti <strong class=\"aw__sc-ngllmo-2 gdRrun yle__article__strong\">Otto Virtanen<\/strong> p\u00e4\u00e4si sittenkin Yhdysvaltojen avoimen mestaruusturnauksen p\u00e4\u00e4sarjaan.<\/p>\n<p class=\"aw__sc-1qwuw0s-0 aw__sc-ngllmo-0 epAWpq fzYpjk yle__article__paragraph\">Virtanen pelasi turnauksen karsintoja, joissa eteni finaaliin. Virtanen kuitenkin vet\u00e4ytyi ottelusta, ja Tennisliitto kertoi Virtasen k\u00e4rsineen selk\u00e4vaivoista.<\/p>\n<p class=\"aw__sc-1qwuw0s-0 aw__sc-ngllmo-0 epAWpq fzYpjk yle__article__paragraph\">Sunnuntaina turnausj\u00e4rjest\u00e4j\u00e4 tiedotti, ett\u00e4 kroatialainen <strong class=\"aw__sc-ngllmo-2 gdRrun yle__article__strong\">Marin Cilic<\/strong> on vet\u00e4ytynyt turnauksesta, ja h\u00e4nen paikkansa annetaan Virtaselle.<\/p>\n<p class=\"aw__sc-1qwuw0s-0 aw__sc-ngllmo-0 epAWpq fzYpjk yle__article__paragraph\">Vastustajaksi Virtaselle avausotteluun asettuu ven\u00e4l\u00e4inen <strong class=\"aw__sc-ngllmo-2 gdRrun yle__article__strong\">Andrei Rublev<\/strong>. Rublev on maailmanlistalla sijalla 24, ja Virtanen l\u00f6ytyy sijalta 109.<\/p>\n<p class=\"aw__sc-1qwuw0s-0 aw__sc-ngllmo-0 epAWpq fzYpjk yle__article__paragraph\">Haaste on kova, mutta Virtanen on aikaisemminkin noussut todenn\u00e4k\u00f6isyyksi\u00e4 vastaan. Wimbledonissa Virtanen yll\u00e4tti kaikki voittamalla maailmanlistan silloisen vitosen <strong class=\"aw__sc-ngllmo-2 gdRrun yle__article__strong\">Ben Sheltonin<\/strong>.<\/p>\n","protected":false},"excerpt":{"rendered":"Sunnuntaina turnausj\u00e4rjest\u00e4j\u00e4 tiedotti, ett\u00e4 kroatialainen Marin Cilic on vet\u00e4ytynyt turnauksesta, ja h\u00e4nen paikkansa annetaan Virtaselle. Avaa kuvien katselu&hellip;\n","protected":false},"author":2,"featured_media":337473,"comment_status":"","ping_status":"","sticky":false,"template":"","format":"standard","meta":{"footnotes":"","_share_on_mastodon":"0"},"categories":[158],"tags":[33,31,30,14045,159,32,5350,160,6223],"class_list":["post-337472","post","type-post","status-publish","format-standard","has-post-thumbnail","category-urheilu","tag-fi","tag-finland","tag-finnish","tag-otto-virtanen","tag-sports","tag-suomi","tag-tennis","tag-urheilu","tag-yhdysvaltain-avoin-tennisturnaus"],"share_on_mastodon":{"url":"https:\/\/pubeurope.com\/@fi\/117186708987001828","error":""},"_links":{"self":[{"href":"https:\/\/www.europesays.com\/fi\/wp-json\/wp\/v2\/posts\/337472","targetHints":{"allow":["GET"]}}],"collection":[{"href":"https:\/\/www.europesays.com\/fi\/wp-json\/wp\/v2\/posts"}],"about":[{"href":"https:\/\/www.europesays.com\/fi\/wp-json\/wp\/v2\/types\/post"}],"author":[{"embeddable":true,"href":"https:\/\/www.europesays.com\/fi\/wp-json\/wp\/v2\/users\/2"}],"replies":[{"embeddable":true,"href":"https:\/\/www.europesays.com\/fi\/wp-json\/wp\/v2\/comments?post=337472"}],"version-history":[{"count":0,"href":"https:\/\/www.europesays.com\/fi\/wp-json\/wp\/v2\/posts\/337472\/revisions"}],"wp:featuredmedia":[{"embeddable":true,"href":"https:\/\/www.europesays.com\/fi\/wp-json\/wp\/v2\/media\/337473"}],"wp:attachment":[{"href":"https:\/\/www.europesays.com\/fi\/wp-json\/wp\/v2\/media?parent=337472"}],"wp:term":[{"taxonomy":"category","embeddable":true,"href":"https:\/\/www.europesays.com\/fi\/wp-json\/wp\/v2\/categories?post=337472"},{"taxonomy":"post_tag","embeddable":true,"href":"https:\/\/www.europesays.com\/fi\/wp-json\/wp\/v2\/tags?post=337472"}],"curies":[{"name":"wp","href":"https:\/\/api.w.org\/{rel}","templated":true}]}}