{"id":337484,"date":"2026-08-30T22:26:16","date_gmt":"2026-08-30T22:26:16","guid":{"rendered":"https:\/\/www.europesays.com\/fi\/337484\/"},"modified":"2026-08-30T22:26:16","modified_gmt":"2026-08-30T22:26:16","slug":"shailene-woodley-naytteli-mary-janea-spider-manissa-mutta-hanet-leikattiin-pois-kertoo-nyt-miksi","status":"publish","type":"post","link":"https:\/\/www.europesays.com\/fi\/337484\/","title":{"rendered":"Shailene Woodley n\u00e4ytteli Mary Janea Spider-Manissa, mutta h\u00e4net leikattiin pois \u2013\u00a0Kertoo nyt miksi"},"content":{"rendered":"<p class=\"wp-block-paragraph\"><a href=\"https:\/\/www.thewrap.com\/creative-content\/movies\/shailene-woodley-explains-why-she-was-cut-from-amazing-spider-man-2\/\" rel=\"nofollow noopener\" target=\"_blank\">The Wrap<\/a> uutisoi, ett\u00e4 n\u00e4yttelij\u00e4 <strong>Shailene Woodley <\/strong>n\u00e4ytteli Mary Jane Watsonia <strong>Andrew Garfieldin<\/strong> t\u00e4hditt\u00e4m\u00e4ss\u00e4 The Amazing Spider-Man 2 -elokuvassa. H\u00e4n ehti kuvata elokuvaan kolme kohtausta.<\/p>\n<p class=\"wp-block-paragraph\">\u201dSe oli hauska puhelinsoitto. Minut roolitettiin Mary Janeksi, mik\u00e4 oli unelmani. Spider-Man on suosikkisupersankarini ja Mary Jane lempihahmoni kun kasvoin\u201d, Woodley sanoo.<\/p>\n<p class=\"wp-block-paragraph\">\u201dVuotta my\u00f6hemmin minulle kerrottiin, ett\u00e4 en ole en\u00e4\u00e4 elokuvassa. Kysyin, ett\u00e4 mit\u00e4. He sanoivat, ett\u00e4 esitteliv\u00e4t monta uutta hahmoa viimeisimm\u00e4ss\u00e4 ja heid\u00e4n pit\u00e4\u00e4 odottaa mit\u00e4 <strong>Emma Stonen<\/strong> Gewnin ja Andrew\u2019n hahmon kanssa tapahtuu.\u201d<\/p>\n<p class=\"wp-block-paragraph\">Elokuva sai ensi-iltansa vuonna 2014, mutta h\u00e4\u00e4n ei ole uskaltanut sanoa elokuvasta mit\u00e4\u00e4n n\u00e4iden vuosien aikana.<\/p>\n<p class=\"wp-block-paragraph\">\u201dOlen niin vainoharhainen. Kaikki n\u00e4m\u00e4 vuodet olen miettinyt mit\u00e4 saan tai en saa sanoa, vaikka elokuva on ollut ulkona jo 10 vuotta. He odottivat ett\u00e4 Gwen kuolee ja sitten Mary Jane voidaan esitell\u00e4. Se k\u00e4vi j\u00e4rkeen, mutta jatkoa ei sitten koskaan tullut.\u201d<\/p>\n<p>Lue my\u00f6s: <a href=\"https:\/\/www.episodi.fi\/uutiset\/jacob-tremblay-vihaa-modernia-maailmaa-katso-unabomber-elokuvan-traileri\/\" title=\"Jacob Tremblay vihaa modernia maailmaa \u2013 katso Unabomber-elokuvan traileri\" class=\"underline-custom !font-heading !font-bold !underline-offset-4 !decoration-4 !decoration-accent !text-md\" rel=\"nofollow noopener\" target=\"_blank\">Jacob Tremblay vihaa modernia maailmaa \u2013 katso Unabomber-elokuvan traileri<\/a><\/p>\n<p>Lue my\u00f6s: <a href=\"https:\/\/www.episodi.fi\/uutiset\/alan-ritchsonista-on-tulossa-hollywoodin-uusi-ykkonen-nelja-jattituotantoa-kahdessa-kuukaudessa\/\" title=\"Alan Ritchsonista on tulossa Hollywoodin uusi ykk\u00f6nen \u2013 nelj\u00e4 j\u00e4ttituotantoa kahdessa kuukaudessa\" class=\"underline-custom !font-heading !font-bold !underline-offset-4 !decoration-4 !decoration-accent !text-md\" rel=\"nofollow noopener\" target=\"_blank\">Alan Ritchsonista on tulossa Hollywoodin uusi ykk\u00f6nen \u2013 nelj\u00e4 j\u00e4ttituotantoa kahdessa kuukaudessa<\/a><\/p>\n<p>Lue my\u00f6s: <a href=\"https:\/\/www.episodi.fi\/uutiset\/muistatko-matemaattisen-lapsineron-joka-radikalisoitui-kirjepommeja-lahettavaksi-terroristiksi-russell-crowe-tahdittaa-netflixin-unabom-elokuvaa\/\" title=\"Muistatko matemaattisen lapsineron joka radikalisoitui kirjepommeja l\u00e4hett\u00e4v\u00e4ksi terroristiksi? Russell Crowe t\u00e4hditt\u00e4\u00e4 Netflixin UNABOM-elokuvaa\" class=\"underline-custom !font-heading !font-bold !underline-offset-4 !decoration-4 !decoration-accent !text-md\" rel=\"nofollow noopener\" target=\"_blank\">Muistatko matemaattisen lapsineron joka radikalisoitui kirjepommeja l\u00e4hett\u00e4v\u00e4ksi terroristiksi? Russell Crowe t\u00e4hditt\u00e4\u00e4 Netflixin UNABOM-elokuvaa<\/a><\/p>\n","protected":false},"excerpt":{"rendered":"The Wrap uutisoi, ett\u00e4 n\u00e4yttelij\u00e4 Shailene Woodley n\u00e4ytteli Mary Jane Watsonia Andrew Garfieldin t\u00e4hditt\u00e4m\u00e4ss\u00e4 The Amazing Spider-Man 2&hellip;\n","protected":false},"author":2,"featured_media":337485,"comment_status":"","ping_status":"","sticky":false,"template":"","format":"standard","meta":{"footnotes":"","_share_on_mastodon":"0"},"categories":[130],"tags":[137,33,31,30,6302,16399,4626,32,109],"class_list":["post-337484","post","type-post","status-publish","format-standard","has-post-thumbnail","category-viihde","tag-entertainment","tag-fi","tag-finland","tag-finnish","tag-ignostot","tag-shailene-woodley","tag-spider-man","tag-suomi","tag-viihde"],"share_on_mastodon":{"url":"https:\/\/pubeurope.com\/@fi\/117186814589471373","error":""},"_links":{"self":[{"href":"https:\/\/www.europesays.com\/fi\/wp-json\/wp\/v2\/posts\/337484","targetHints":{"allow":["GET"]}}],"collection":[{"href":"https:\/\/www.europesays.com\/fi\/wp-json\/wp\/v2\/posts"}],"about":[{"href":"https:\/\/www.europesays.com\/fi\/wp-json\/wp\/v2\/types\/post"}],"author":[{"embeddable":true,"href":"https:\/\/www.europesays.com\/fi\/wp-json\/wp\/v2\/users\/2"}],"replies":[{"embeddable":true,"href":"https:\/\/www.europesays.com\/fi\/wp-json\/wp\/v2\/comments?post=337484"}],"version-history":[{"count":0,"href":"https:\/\/www.europesays.com\/fi\/wp-json\/wp\/v2\/posts\/337484\/revisions"}],"wp:featuredmedia":[{"embeddable":true,"href":"https:\/\/www.europesays.com\/fi\/wp-json\/wp\/v2\/media\/337485"}],"wp:attachment":[{"href":"https:\/\/www.europesays.com\/fi\/wp-json\/wp\/v2\/media?parent=337484"}],"wp:term":[{"taxonomy":"category","embeddable":true,"href":"https:\/\/www.europesays.com\/fi\/wp-json\/wp\/v2\/categories?post=337484"},{"taxonomy":"post_tag","embeddable":true,"href":"https:\/\/www.europesays.com\/fi\/wp-json\/wp\/v2\/tags?post=337484"}],"curies":[{"name":"wp","href":"https:\/\/api.w.org\/{rel}","templated":true}]}}