{"id":337494,"date":"2026-08-30T22:51:14","date_gmt":"2026-08-30T22:51:14","guid":{"rendered":"https:\/\/www.europesays.com\/fi\/337494\/"},"modified":"2026-08-30T22:51:14","modified_gmt":"2026-08-30T22:51:14","slug":"antti-pennanen-avautui-kovista-paineista-valtaa-ei-anneta-kopin-ulkopuolelle","status":"publish","type":"post","link":"https:\/\/www.europesays.com\/fi\/337494\/","title":{"rendered":"Antti Pennanen avautui kovista paineista: \u201dValtaa ei anneta kopin ulkopuolelle\u201d"},"content":{"rendered":"<p>Mainosvideolla Pennanen kertoo, miten h\u00e4n suhtautuu koviin paineisiin.<\/p>\n<p class=\"font-(family-name:--picture-caption-font-family) text-(length:--picture-caption-font-size) leading-(--picture-caption-leading) font-(--picture-caption-font-weight) text-(color:--picture-caption-color)\">Antti Pennanen on nyt iloinen ja itsevarma<br \/>\n Video:\u00a0Janne Oivio<\/p>\n<p>30.8. 22:13<\/p>\n<p class=\"article-body mb-(--paragraph-margin-b) px-nof-16\">Suomen j\u00e4\u00e4kiekkojoukkueen p\u00e4\u00e4valmentaja <a class=\"font-bold underline-offset-[0.12em] [text-decoration:var(--person-link-text-decoration)] [text-decoration-color:var(--person-link-text-decoration-color)]!\" href=\"https:\/\/www.is.fi\/haku\/?query=Antti%20Pennanen\" rel=\"nofollow noopener\" target=\"_blank\">Antti Pennanen<\/a> on l\u00e4htenyt mukaan mielen suorituskykyyn keskittyv\u00e4\u00e4n verkkovalmennukseen.<\/p>\n<p class=\"article-body mb-(--paragraph-margin-b) px-nof-16\">Horjumaton \u2013 Mielen pelikirja -nimist\u00e4 valmennusta vet\u00e4v\u00e4t Pennasen lis\u00e4ksi entinen karhuryhm\u00e4l\u00e4inen <a class=\"font-bold underline-offset-[0.12em] [text-decoration:var(--person-link-text-decoration)] [text-decoration-color:var(--person-link-text-decoration-color)]!\" href=\"https:\/\/www.is.fi\/haku\/?query=Harri%20Gustafsberg\" rel=\"nofollow noopener\" target=\"_blank\">Harri Gustafsberg <\/a>ja henkisen suorituskyvyn valmentaja <a class=\"font-bold underline-offset-[0.12em] [text-decoration:var(--person-link-text-decoration)] [text-decoration-color:var(--person-link-text-decoration-color)]!\" href=\"https:\/\/www.is.fi\/haku\/?query=Teemu%20Karppinen\" rel=\"nofollow noopener\" target=\"_blank\">Teemu Karppinen<\/a>.<\/p>\n<p class=\"article-body mb-(--paragraph-margin-b) px-nof-16\">\u2013 Opit, miten my\u00f6s huiput palaavat vaikeissa hetkiss\u00e4 olennaiseen, k\u00e4sittelev\u00e4t tappioita ja ep\u00e4varmuutta sek\u00e4 pit\u00e4v\u00e4t kiinni omasta suunnastaan my\u00f6s silloin, kun ymp\u00e4rill\u00e4 ep\u00e4ill\u00e4\u00e4n, valmennuksen verkkosivuilla luvataan.<\/p>\n<p class=\"article-body mb-(--paragraph-margin-b) px-nof-16\">Pennanen esiintyy my\u00f6s valmennusta mainostavalla videolla.<\/p>\n<p class=\"article-body mb-(--paragraph-margin-b) px-nof-16\">\u2013 T\u00e4rkeint\u00e4 on se, ett\u00e4 kun painetta on, niin sit\u00e4 valtaa ei anneta kopin ulkopuolelle, vaan me luotetaan siihen, ett\u00e4 mit\u00e4 me ollaan tekem\u00e4ss\u00e4 ja ketk\u00e4 ovat tekem\u00e4ss\u00e4, ja uskotaan siihen, h\u00e4n sanoo.<\/p>\n<p class=\"article-body mb-(--paragraph-margin-b) px-nof-16\">Pennasen mukaan vaikeiden tunteiden kanssa voi oppia tulemaan toimeen.<\/p>\n<p class=\"article-body mb-(--paragraph-margin-b) px-nof-16\">\u2013 Tappioiden pit\u00e4\u00e4 tuntua, se on ihan selv\u00e4, mutta ettei ne tappiot alkaisi m\u00e4\u00e4rittelem\u00e4\u00e4n sit\u00e4, ett\u00e4 mihin m\u00e4 uskon, eik\u00e4 ennen kaikkea sit\u00e4, ett\u00e4 mit\u00e4 m\u00e4 olen ihmisen\u00e4.<\/p>\n<p class=\"article-body mb-(--paragraph-margin-b) px-nof-16\">Pennanen siirtyi Leijonien p\u00e4\u00e4valmentajaksi Tampereen Ilveksest\u00e4 SM-liigakauden 2023\u20132024 j\u00e4lkeen.<\/p>\n","protected":false},"excerpt":{"rendered":"Mainosvideolla Pennanen kertoo, miten h\u00e4n suhtautuu koviin paineisiin. Antti Pennanen on nyt iloinen ja itsevarma Video:\u00a0Janne Oivio 30.8.&hellip;\n","protected":false},"author":2,"featured_media":337495,"comment_status":"","ping_status":"","sticky":false,"template":"","format":"standard","meta":{"footnotes":"","_share_on_mastodon":"0"},"categories":[158],"tags":[33,31,30,34,159,32,160],"class_list":["post-337494","post","type-post","status-publish","format-standard","has-post-thumbnail","category-urheilu","tag-fi","tag-finland","tag-finnish","tag-ilta-sanomat","tag-sports","tag-suomi","tag-urheilu"],"share_on_mastodon":{"url":"https:\/\/pubeurope.com\/@fi\/117186913027736855","error":""},"_links":{"self":[{"href":"https:\/\/www.europesays.com\/fi\/wp-json\/wp\/v2\/posts\/337494","targetHints":{"allow":["GET"]}}],"collection":[{"href":"https:\/\/www.europesays.com\/fi\/wp-json\/wp\/v2\/posts"}],"about":[{"href":"https:\/\/www.europesays.com\/fi\/wp-json\/wp\/v2\/types\/post"}],"author":[{"embeddable":true,"href":"https:\/\/www.europesays.com\/fi\/wp-json\/wp\/v2\/users\/2"}],"replies":[{"embeddable":true,"href":"https:\/\/www.europesays.com\/fi\/wp-json\/wp\/v2\/comments?post=337494"}],"version-history":[{"count":0,"href":"https:\/\/www.europesays.com\/fi\/wp-json\/wp\/v2\/posts\/337494\/revisions"}],"wp:featuredmedia":[{"embeddable":true,"href":"https:\/\/www.europesays.com\/fi\/wp-json\/wp\/v2\/media\/337495"}],"wp:attachment":[{"href":"https:\/\/www.europesays.com\/fi\/wp-json\/wp\/v2\/media?parent=337494"}],"wp:term":[{"taxonomy":"category","embeddable":true,"href":"https:\/\/www.europesays.com\/fi\/wp-json\/wp\/v2\/categories?post=337494"},{"taxonomy":"post_tag","embeddable":true,"href":"https:\/\/www.europesays.com\/fi\/wp-json\/wp\/v2\/tags?post=337494"}],"curies":[{"name":"wp","href":"https:\/\/api.w.org\/{rel}","templated":true}]}}