{"id":33750,"date":"2025-09-13T11:57:07","date_gmt":"2025-09-13T11:57:07","guid":{"rendered":"https:\/\/www.europesays.com\/fi\/33750\/"},"modified":"2025-09-13T11:57:07","modified_gmt":"2025-09-13T11:57:07","slug":"trumpin-hallinto-suunnittelee-kansalliskaartin-lahettamista-louisianan-osavaltion-kaupunkikeskuksiin-uutisia-lyhyesti","status":"publish","type":"post","link":"https:\/\/www.europesays.com\/fi\/33750\/","title":{"rendered":"Trumpin hallinto suunnittelee kansalliskaartin l\u00e4hett\u00e4mist\u00e4 Louisianan osavaltion kaupunkikeskuksiin | Uutisia lyhyesti"},"content":{"rendered":"<p class=\"aw-1gybjub aw-5vja16 cmIuaG zKETg yle__article__paragraph\">Louisianan suurin kaupunki on demokraattipormestarin johtama New Orleans. <\/p>\n<p><img decoding=\"async\" alt=\"Louisianan kansalliskaartin sotilaita seisokelemassa ulkona.\" src=\"https:\/\/www.europesays.com\/fi\/wp-content\/uploads\/2025\/09\/39-152218368c5515710145.jpeg\" class=\"aw-1l9m598 hKVVvP\"\/><\/p>\n<p>Avaa kuvien katselu<\/p>\n<p>Louisianan kansalliskaartin sotilaita Union Stationin ulkopuolella Washington DC:ss\u00e4 26. elokuuta. Kuva: Jim Lo Scalzo \/ EPA<\/p>\n<p class=\"aw-1gybjub aw-1p7kakr cmIuaG fmSRng yle__article__paragraph\">Yhdysvaltain presidentti <strong class=\"aw-ak79eh KyCXm yle__article__strong\">Donald Trumpin<\/strong> hallinto on laatinut ehdotuksen Louisianan kansalliskaartin tuhannen sotilaan aktivoimiseksi lainvalvontateht\u00e4viin osavaltion kaupunkikeskuksissa, kertoo sanomalehti <a class=\"aw-iao6s4 iHOxEa yle__article__link\" href=\"https:\/\/www.washingtonpost.com\/national-security\/2025\/09\/13\/trump-national-guard-louisiana\/\" role=\"link\" rel=\"nofollow noopener\" target=\"_blank\">The Washington Post<\/a> (WP).<\/p>\n<p class=\"aw-1gybjub aw-1p7kakr cmIuaG fmSRng yle__article__paragraph\">Lehden mukaan presidentin hallinto on nyt k\u00e4\u00e4nt\u00e4nyt katseensa republikaanikuvern\u00f6\u00f6rien johtamiin osavaltioihin, jotka saattavat olla halukkaita ottamaan vastaan joukkoja p\u00e4\u00e4osin demokraattisiin kaupunkeihin \u2013 vaikka mit\u00e4\u00e4n tapahtumapohjaista h\u00e4t\u00e4tilannetta ei olisikaan.<\/p>\n<p class=\"aw-1gybjub aw-1p7kakr cmIuaG fmSRng yle__article__paragraph\">Pentagonin suunnitelman mukaan sotilaat voisivat t\u00e4ydent\u00e4\u00e4 lainvalvontaa esimerkiksi demokraattipormestarin johtamassa New Orleansissa, kunhan republikaanikuvern\u00f6\u00f6ri <strong class=\"aw-ak79eh KyCXm yle__article__strong\">Jeff Landry<\/strong> pyyt\u00e4\u00e4 liittovaltiolta t\u00e4llaista apua.<\/p>\n<p class=\"aw-1gybjub aw-1p7kakr cmIuaG fmSRng yle__article__paragraph\">Landry on ilmaissut tukensa ajatukselle, mutta Washington Postin mukaan ei ole selv\u00e4\u00e4, onko h\u00e4n esitt\u00e4nyt t\u00e4llaisen pyynn\u00f6n. Ei my\u00f6sk\u00e4\u00e4n ole selv\u00e4\u00e4, ovatko liittovaltion ja osavaltion viranomaiset hyv\u00e4ksyneet ehdotuksen.<\/p>\n<p>Memphisiss\u00e4 vastaava tilanne<\/p>\n<p class=\"aw-1gybjub aw-1p7kakr cmIuaG fmSRng yle__article__paragraph\">Eilen perjantaina <strong class=\"aw-ak79eh KyCXm yle__article__strong\">Trump<\/strong> ilmoitti aikovansa l\u00e4hett\u00e4\u00e4 kansalliskaartin Tennesseen osavaltiossa sijaitsevaan <a class=\"aw-iao6s4 iHOxEa yle__article__link\" href=\"https:\/\/yle.fi\/uutiset\" role=\"link\" rel=\"nofollow noopener\" target=\"_blank\">Memphisiin<\/a>. My\u00f6s Memphisin pormestari on demokraatti, mutta Tennesseen kuvern\u00f6\u00f6ri republikaani.<\/p>\n<p class=\"aw-1gybjub aw-1p7kakr cmIuaG fmSRng yle__article__paragraph\">Asiasta Fox Newsin haastattelussa kertoneen Trumpin mukaan tarkoitus \u201don korjata Memphis samalla tavoin kuin Washingtonille tehtiin\u201d.<\/p>\n<p class=\"aw-1gybjub aw-1p7kakr cmIuaG fmSRng yle__article__paragraph\">Washington Post on n\u00e4hnyt puolustusministeri\u00f6n Pentagon suunnitteluasiakirjat, jotka koskevat Louisianan osavaltiota. Pentagon vahvisti asiakirjojen aitouden mutta kielt\u00e4ytyi kommentoimasta niit\u00e4.<\/p>\n<p class=\"aw-1gybjub aw-1p7kakr cmIuaG fmSRng yle__article__paragraph\">\u2013 Emme keskustele n\u00e4ist\u00e4 suunnitelmista vuodettujen asiakirjojen kautta, olivat ne sitten p\u00e4\u00e4t\u00f6st\u00e4 edelt\u00e4vi\u00e4 tai muita, lausunnossa sanottiin.<\/p>\n<p class=\"aw-1gybjub aw-1p7kakr cmIuaG fmSRng yle__article__paragraph\">Reuters ei pystynyt v\u00e4litt\u00f6m\u00e4sti vahvistamaan tietoa.<\/p>\n<p>Trump l\u00e4hetti joukkoja kahteen kaupunkiin<\/p>\n<p class=\"aw-1gybjub aw-1p7kakr cmIuaG fmSRng yle__article__paragraph\">Trump m\u00e4\u00e4r\u00e4si kansalliskaartin sotilaita <a class=\"aw-iao6s4 iHOxEa yle__article__link\" href=\"https:\/\/yle.fi\/a\/74-20166414\" role=\"link\" rel=\"nofollow noopener\" target=\"_blank\">Los Angelesiin kes\u00e4kuussa<\/a> ja <a class=\"aw-iao6s4 iHOxEa yle__article__link\" href=\"https:\/\/yle.fi\/a\/74-20176929\" role=\"link\" rel=\"nofollow noopener\" target=\"_blank\">Washington D.C:hen elokuussa<\/a>. H\u00e4n on uhannut l\u00e4hett\u00e4\u00e4 joukkoja my\u00f6s <a class=\"aw-iao6s4 iHOxEa yle__article__link\" href=\"https:\/\/yle.fi\/a\/74-20179056\" role=\"link\" rel=\"nofollow noopener\" target=\"_blank\">Chicagoon<\/a>.<\/p>\n<p class=\"aw-1gybjub aw-1p7kakr cmIuaG fmSRng yle__article__paragraph\">Trump on perustellut p\u00e4\u00e4t\u00f6ksi\u00e4\u00e4n kaupunkien lis\u00e4\u00e4ntyneell\u00e4 rikollisuudella ja sen torjumisella. Washingtonin ja Chicagon poliisilaitosten mukaan rikosten m\u00e4\u00e4r\u00e4 on kuitenkin ollut laskussa.<\/p>\n<p class=\"aw-1gybjub aw-1p7kakr cmIuaG fmSRng yle__article__paragraph\">Kalifornialainen tuomari on jo todennut m\u00e4\u00e4r\u00e4yksen kansalliskaartin l\u00e4hett\u00e4misest\u00e4 <a class=\"aw-iao6s4 iHOxEa yle__article__link\" href=\"https:\/\/yle.fi\/a\/74-20180818\" role=\"link\" rel=\"nofollow noopener\" target=\"_blank\">Los Angelesiin laittomaksi<\/a>.<\/p>\n<p class=\"aw-1gybjub aw-1p7kakr cmIuaG fmSRng yle__article__paragraph\">L\u00e4hde: Reuters<\/p>\n","protected":false},"excerpt":{"rendered":"Louisianan suurin kaupunki on demokraattipormestarin johtama New Orleans. Avaa kuvien katselu Louisianan kansalliskaartin sotilaita Union Stationin ulkopuolella Washington&hellip;\n","protected":false},"author":2,"featured_media":33751,"comment_status":"","ping_status":"","sticky":false,"template":"","format":"standard","meta":{"footnotes":""},"categories":[14],"tags":[22,23,585,26,27,33,31,30,17,635,24,25,5001,28,29,9692,15,18,21,32,19,20,56,16,59,60,61,619],"class_list":{"0":"post-33750","1":"post","2":"type-post","3":"status-publish","4":"format-standard","5":"has-post-thumbnail","7":"category-ulkomaat","8":"tag-breaking-news","9":"tag-breakingnews","10":"tag-donald-trump","11":"tag-featured-news","12":"tag-featurednews","13":"tag-fi","14":"tag-finland","15":"tag-finnish","16":"tag-headlines","17":"tag-kansalliskaarti","18":"tag-latest-news","19":"tag-latestnews","20":"tag-louisiana","21":"tag-main-news","22":"tag-mainnews","23":"tag-new-orleans","24":"tag-news","25":"tag-otsikot","26":"tag-paauutiset","27":"tag-suomi","28":"tag-top-stories","29":"tag-topstories","30":"tag-ulkomaat","31":"tag-uutiset","32":"tag-world","33":"tag-world-news","34":"tag-worldnews","35":"tag-yhdysvallat"},"share_on_mastodon":{"url":"","error":""},"_links":{"self":[{"href":"https:\/\/www.europesays.com\/fi\/wp-json\/wp\/v2\/posts\/33750","targetHints":{"allow":["GET"]}}],"collection":[{"href":"https:\/\/www.europesays.com\/fi\/wp-json\/wp\/v2\/posts"}],"about":[{"href":"https:\/\/www.europesays.com\/fi\/wp-json\/wp\/v2\/types\/post"}],"author":[{"embeddable":true,"href":"https:\/\/www.europesays.com\/fi\/wp-json\/wp\/v2\/users\/2"}],"replies":[{"embeddable":true,"href":"https:\/\/www.europesays.com\/fi\/wp-json\/wp\/v2\/comments?post=33750"}],"version-history":[{"count":0,"href":"https:\/\/www.europesays.com\/fi\/wp-json\/wp\/v2\/posts\/33750\/revisions"}],"wp:featuredmedia":[{"embeddable":true,"href":"https:\/\/www.europesays.com\/fi\/wp-json\/wp\/v2\/media\/33751"}],"wp:attachment":[{"href":"https:\/\/www.europesays.com\/fi\/wp-json\/wp\/v2\/media?parent=33750"}],"wp:term":[{"taxonomy":"category","embeddable":true,"href":"https:\/\/www.europesays.com\/fi\/wp-json\/wp\/v2\/categories?post=33750"},{"taxonomy":"post_tag","embeddable":true,"href":"https:\/\/www.europesays.com\/fi\/wp-json\/wp\/v2\/tags?post=33750"}],"curies":[{"name":"wp","href":"https:\/\/api.w.org\/{rel}","templated":true}]}}