{"id":337504,"date":"2026-08-30T23:17:10","date_gmt":"2026-08-30T23:17:10","guid":{"rendered":"https:\/\/www.europesays.com\/fi\/337504\/"},"modified":"2026-08-30T23:17:10","modified_gmt":"2026-08-30T23:17:10","slug":"bruno-fernandes-takasi-man-unitedille-murskavoiton","status":"publish","type":"post","link":"https:\/\/www.europesays.com\/fi\/337504\/","title":{"rendered":"Bruno Fernandes takasi Man Unitedille murskavoiton"},"content":{"rendered":"<p class=\"wp-block-paragraph\">Manchester United kaatoi Ipswichin maalein 5\u20132, ja <strong>Bruno Fernandes<\/strong> nousi ottelun suureksi hahmoksi hattutempullaan. P\u00e4\u00e4valmentaja <strong>Michael Carrick<\/strong> oli tyytyv\u00e4inen t\u00e4htens\u00e4 esitykseen, mutta viel\u00e4 enemm\u00e4n h\u00e4nt\u00e4 ilahdutti joukkueen tapa reagoida vastoink\u00e4ymisiin.<\/p>\n<p class=\"wp-block-paragraph\">Carrickin mukaan peliss\u00e4 n\u00e4kyi jo paljon niit\u00e4 asioita, joita h\u00e4n haluaa Unitedilta n\u00e4hd\u00e4.<\/p>\n<p class=\"wp-block-paragraph\">\u2013 T\u00e4m\u00e4 oli hyv\u00e4 voitto. Lopulta todella hyv\u00e4 voitto. Pelasimme eritt\u00e4in hyv\u00e4\u00e4 jalkapalloa, Carrick sanoi\u00a0Sky Sportsille.<\/p>\n<p class=\"wp-block-paragraph\">Tulosta t\u00e4rke\u00e4mm\u00e4ksi asiaksi nousi kuitenkin joukkueen henkinen puoli.<\/p>\n<p class=\"wp-block-paragraph\">Manchester United joutui ottelun aikana k\u00e4sittelem\u00e4\u00e4n my\u00f6s vaikeita hetki\u00e4, mutta ei menett\u00e4nyt otettaan.<\/p>\n<p class=\"wp-block-paragraph\">Juuri t\u00e4m\u00e4 teki Carrickiin suurimman vaikutuksen.<\/p>\n<p class=\"wp-block-paragraph\">\u2013 Suurin asia t\u00e4n\u00e4\u00e4n oli pelaajien mentaliteetti ja se, kuinka he selviytyiv\u00e4t vastoink\u00e4ymisist\u00e4. Niit\u00e4 tulee vastaan, ja silloin ratkaisee se, miten niihin reagoi.<\/p>\n<p class=\"wp-block-paragraph\">Carrick korosti erityisesti joukkueensa periksiantamattomuutta.<\/p>\n<p class=\"wp-block-paragraph\">\u2013 Tulosta on helppo katsoa, mutta mentaliteetti ja j\u00e4\u00e4r\u00e4p\u00e4isyys miellyttiv\u00e4t minua todella paljon.<\/p>\n<p class=\"wp-block-paragraph\">llan suurimmasta henkil\u00f6kohtaisesta suorituksesta vastasi Bruno Fernandes.<\/p>\n<p class=\"wp-block-paragraph\">Portugalilaist\u00e4hti viimeisteli\u00a0hattutempun\u00a0ja johti Unitedin hy\u00f6kk\u00e4yspeli\u00e4 vakuuttavasti.<\/p>\n<p class=\"wp-block-paragraph\">\u2013 H\u00e4n osoitti t\u00e4n\u00e4\u00e4n laatunsa. Bruno teki sit\u00e4, miss\u00e4 h\u00e4n on hyv\u00e4, Carrick kehui.<\/p>\n<p><strong>LUE MY\u00d6S: <a href=\"https:\/\/urheiluareena.fi\/yleisurheilu\/suuri-suru-varjostaa-daniel-stahlin-ruotsi-ottelua\/\" target=\"_blank\" rel=\"noopener nofollow\">Suuri suru varjostaa Daniel St\u00e5hlin Ruotsi-ottelua (UrheiluAreena.fi)<\/a><\/strong><\/p>\n","protected":false},"excerpt":{"rendered":"Manchester United kaatoi Ipswichin maalein 5\u20132, ja Bruno Fernandes nousi ottelun suureksi hahmoksi hattutempullaan. P\u00e4\u00e4valmentaja Michael Carrick oli&hellip;\n","protected":false},"author":2,"featured_media":337505,"comment_status":"","ping_status":"","sticky":false,"template":"","format":"standard","meta":{"footnotes":"","_share_on_mastodon":"0"},"categories":[158],"tags":[33,31,30,159,32,160],"class_list":["post-337504","post","type-post","status-publish","format-standard","has-post-thumbnail","category-urheilu","tag-fi","tag-finland","tag-finnish","tag-sports","tag-suomi","tag-urheilu"],"share_on_mastodon":{"url":"https:\/\/pubeurope.com\/@fi\/117187015298282566","error":""},"_links":{"self":[{"href":"https:\/\/www.europesays.com\/fi\/wp-json\/wp\/v2\/posts\/337504","targetHints":{"allow":["GET"]}}],"collection":[{"href":"https:\/\/www.europesays.com\/fi\/wp-json\/wp\/v2\/posts"}],"about":[{"href":"https:\/\/www.europesays.com\/fi\/wp-json\/wp\/v2\/types\/post"}],"author":[{"embeddable":true,"href":"https:\/\/www.europesays.com\/fi\/wp-json\/wp\/v2\/users\/2"}],"replies":[{"embeddable":true,"href":"https:\/\/www.europesays.com\/fi\/wp-json\/wp\/v2\/comments?post=337504"}],"version-history":[{"count":0,"href":"https:\/\/www.europesays.com\/fi\/wp-json\/wp\/v2\/posts\/337504\/revisions"}],"wp:featuredmedia":[{"embeddable":true,"href":"https:\/\/www.europesays.com\/fi\/wp-json\/wp\/v2\/media\/337505"}],"wp:attachment":[{"href":"https:\/\/www.europesays.com\/fi\/wp-json\/wp\/v2\/media?parent=337504"}],"wp:term":[{"taxonomy":"category","embeddable":true,"href":"https:\/\/www.europesays.com\/fi\/wp-json\/wp\/v2\/categories?post=337504"},{"taxonomy":"post_tag","embeddable":true,"href":"https:\/\/www.europesays.com\/fi\/wp-json\/wp\/v2\/tags?post=337504"}],"curies":[{"name":"wp","href":"https:\/\/api.w.org\/{rel}","templated":true}]}}