{"id":337516,"date":"2026-08-30T23:43:10","date_gmt":"2026-08-30T23:43:10","guid":{"rendered":"https:\/\/www.europesays.com\/fi\/337516\/"},"modified":"2026-08-30T23:43:10","modified_gmt":"2026-08-30T23:43:10","slug":"otto-virtanen-paasi-sittenkin-yhdysvaltojen-avointen-paasarjaan-urheilu","status":"publish","type":"post","link":"https:\/\/www.europesays.com\/fi\/337516\/","title":{"rendered":"Otto Virtanen p\u00e4\u00e4si sittenkin Yhdysvaltojen avointen p\u00e4\u00e4sarjaan | Urheilu"},"content":{"rendered":"<p>Suomen tennist\u00e4hti Otto Virtanen p\u00e4\u00e4si sittenkin Yhdysvaltojen avoimen mestaruusturnauksen p\u00e4\u00e4sarjaan.<\/p>\n<p>Virtanen pelasi turnauksen karsintoja, joissa eteni finaaliin. Virtanen kuitenkin vet\u00e4ytyi ottelusta, ja <a href=\"https:\/\/www.tennis.fi\/uutiset\/viikkokatsaus-35-2026-virtanen-joutui-luovuttamaan-us-openin-karsintafinaalin-teho-finnish-tour-kausi-jatkuu-helsingissa\/\" rel=\"nofollow noopener\" target=\"_blank\">Tennisliitto<\/a> kertoi Virtasen k\u00e4rsineen selk\u00e4vaivoista.<\/p>\n<p>Sunnuntaina turnausj\u00e4rjest\u00e4j\u00e4 <a href=\"https:\/\/x.com\/usopen\/status\/2094115249603428381?gsid=4ced1739-93e2-48a4-a3a5-9a72ae402064\" rel=\"nofollow\">tiedotti<\/a>, ett\u00e4 kroatialainen Marin Cilic on vet\u00e4ytynyt turnauksesta, ja h\u00e4nen paikkansa annetaan Virtaselle.<\/p>\n<p>Vastustajaksi Virtaselle avausotteluun asettuu ven\u00e4l\u00e4inen Andrei Rublev. Rublev on maailmanlistalla sijalla 24, ja Virtanen l\u00f6ytyy sijalta 109.<\/p>\n<p>Haaste on kova, mutta Virtanen on aikaisemminkin noussut todenn\u00e4k\u00f6isyyksi\u00e4 vastaan. Wimbledonissa Virtanen yll\u00e4tti kaikki voittamalla maailmanlistan silloisen vitosen Ben Sheltonin.<\/p>\n","protected":false},"excerpt":{"rendered":"Suomen tennist\u00e4hti Otto Virtanen p\u00e4\u00e4si sittenkin Yhdysvaltojen avoimen mestaruusturnauksen p\u00e4\u00e4sarjaan. Virtanen pelasi turnauksen karsintoja, joissa eteni finaaliin. Virtanen&hellip;\n","protected":false},"author":2,"featured_media":337517,"comment_status":"","ping_status":"","sticky":false,"template":"","format":"standard","meta":{"footnotes":"","_share_on_mastodon":"0"},"categories":[158],"tags":[24445,33,31,30,41,159,32,160,161],"class_list":["post-337516","post","type-post","status-publish","format-standard","has-post-thumbnail","category-urheilu","tag-back-pain","tag-fi","tag-finland","tag-finnish","tag-liikunta-ja-urheilu","tag-sports","tag-suomi","tag-urheilu","tag-urheilutapahtumat"],"share_on_mastodon":{"url":"https:\/\/pubeurope.com\/@fi\/117187117460991463","error":""},"_links":{"self":[{"href":"https:\/\/www.europesays.com\/fi\/wp-json\/wp\/v2\/posts\/337516","targetHints":{"allow":["GET"]}}],"collection":[{"href":"https:\/\/www.europesays.com\/fi\/wp-json\/wp\/v2\/posts"}],"about":[{"href":"https:\/\/www.europesays.com\/fi\/wp-json\/wp\/v2\/types\/post"}],"author":[{"embeddable":true,"href":"https:\/\/www.europesays.com\/fi\/wp-json\/wp\/v2\/users\/2"}],"replies":[{"embeddable":true,"href":"https:\/\/www.europesays.com\/fi\/wp-json\/wp\/v2\/comments?post=337516"}],"version-history":[{"count":0,"href":"https:\/\/www.europesays.com\/fi\/wp-json\/wp\/v2\/posts\/337516\/revisions"}],"wp:featuredmedia":[{"embeddable":true,"href":"https:\/\/www.europesays.com\/fi\/wp-json\/wp\/v2\/media\/337517"}],"wp:attachment":[{"href":"https:\/\/www.europesays.com\/fi\/wp-json\/wp\/v2\/media?parent=337516"}],"wp:term":[{"taxonomy":"category","embeddable":true,"href":"https:\/\/www.europesays.com\/fi\/wp-json\/wp\/v2\/categories?post=337516"},{"taxonomy":"post_tag","embeddable":true,"href":"https:\/\/www.europesays.com\/fi\/wp-json\/wp\/v2\/tags?post=337516"}],"curies":[{"name":"wp","href":"https:\/\/api.w.org\/{rel}","templated":true}]}}