{"id":337540,"date":"2026-08-31T00:36:21","date_gmt":"2026-08-31T00:36:21","guid":{"rendered":"https:\/\/www.europesays.com\/fi\/337540\/"},"modified":"2026-08-31T00:36:21","modified_gmt":"2026-08-31T00:36:21","slug":"tanaan-poika-saunoo-riihimaen-pallonlyojat-nousi-ykkospesikseen-kanta-hame","status":"publish","type":"post","link":"https:\/\/www.europesays.com\/fi\/337540\/","title":{"rendered":"\u201dT\u00e4n\u00e4\u00e4n poika saunoo\u201d \u2013 Riihim\u00e4en Pallonly\u00f6j\u00e4t nousi ykk\u00f6spesikseen | Kanta-H\u00e4me"},"content":{"rendered":"<p class=\"aw__sc-1qwuw0s-0 aw__sc-1vg2sqm-0 epAWpq ecELkD yle__article__paragraph\">Riihim\u00e4en Pallonly\u00f6j\u00e4t varmisti nousunsa miesten pes\u00e4pallon ykk\u00f6spesikseen ratkaisuottelussa Vaasassa.<\/p>\n<p><img decoding=\"async\" alt=\"Joukko pes\u00e4palloilijoita ja valmentaja juhlii kent\u00e4ll\u00e4, ilmassa lent\u00e4\u00e4 juomaa, taustalla mainoksia.\" src=\"https:\/\/www.europesays.com\/fi\/wp-content\/uploads\/2026\/08\/1788110942.jpeg\" class=\"aw__sc-dklauk-0 LPzKX\"\/><\/p>\n<p>Avaa kuvien katselu<\/p>\n<p>Riihim\u00e4en Pallonly\u00f6j\u00e4t juhlivat sarjanousua Vaasassa sunnuntaina. Kuva: Arto Lehti \/ RPL<\/p>\n<p class=\"aw__sc-1qwuw0s-0 aw__sc-ngllmo-0 epAWpq fzYpjk yle__article__paragraph\">Riihim\u00e4en Pallonly\u00f6j\u00e4t palaa miesten pes\u00e4pallon ykk\u00f6spesikseen. Joukkueen nousu suomisarjasta ykk\u00f6spesikseen ratkesi sunnuntaina Vaasassa.<\/p>\n<p class=\"aw__sc-1qwuw0s-0 aw__sc-ngllmo-0 epAWpq fzYpjk yle__article__paragraph\">Ottelun ratkaisi joukkueen k\u00e4rkihahmoihin kuuluva <strong class=\"aw__sc-ngllmo-2 gdRrun yle__article__strong\">Joonas Tuomi<\/strong> ly\u00f6m\u00e4ll\u00e4 palloa taitavasti etenkin pelin loppuvaiheessa. Riihim\u00e4en Pallonly\u00f6j\u00e4t kukisti ratkaisevassa ottelussa Vaasan Mailan.<\/p>\n<p class=\"aw__sc-1qwuw0s-0 aw__sc-ngllmo-0 epAWpq fzYpjk yle__article__paragraph\">\u2013 Alku oli aika tahmea koko joukkueelta, mutta toisella jaksolla n\u00e4ytettiin sitten, kuka on kuka, Tuomi kertoi Vaasasta.<\/p>\n<p class=\"aw__sc-1qwuw0s-0 aw__sc-ngllmo-0 epAWpq fzYpjk yle__article__paragraph\">Voiton j\u00e4lkeen tunnelmat olivat korkealla, ja illan ohjelma oli selv\u00e4.<\/p>\n<p class=\"aw__sc-1qwuw0s-0 aw__sc-ngllmo-0 epAWpq fzYpjk yle__article__paragraph\">\u2013 Kyll\u00e4 t\u00e4n\u00e4\u00e4n juhlitaan ja poika saunoo. Se on ihan varma.<\/p>\n<p>\u201dKuokka maahan vuonna 2022\u201d<\/p>\n<p class=\"aw__sc-1qwuw0s-0 aw__sc-ngllmo-0 epAWpq fzYpjk yle__article__paragraph\">Seuran puheenjohtaja <strong class=\"aw__sc-ngllmo-2 gdRrun yle__article__strong\">Antti Lehti<\/strong> oli seuraamassa historiallista hetke\u00e4. H\u00e4nen mukaansa nousu on pitk\u00e4j\u00e4nteisen ty\u00f6n tulos. H\u00e4n muistutti, ett\u00e4 seura on ollut poissa ykk\u00f6spesiksest\u00e4 19 vuotta.<\/p>\n<p class=\"aw__sc-1qwuw0s-0 aw__sc-ngllmo-0 epAWpq fzYpjk yle__article__paragraph\">\u2013 Vuonna 2022 aloimme rakentaa t\u00e4t\u00e4 uudestaan. Olemme kehitt\u00e4neet seuraa johdonmukaisesti. Nyt saavutimme tavoitteen, Lehti sanoi.<\/p>\n<p class=\"aw__sc-1qwuw0s-0 aw__sc-ngllmo-0 epAWpq fzYpjk yle__article__paragraph\">Lehti toivoo, ett\u00e4 riihim\u00e4kel\u00e4iset ymm\u00e4rt\u00e4v\u00e4t nousun merkityksen.<\/p>\n<p class=\"aw__sc-1qwuw0s-0 aw__sc-ngllmo-0 epAWpq fzYpjk yle__article__paragraph\">\u2013 Tuomme ykk\u00f6spesiksen takaisin Riihim\u00e4elle 19 vuoden tauon j\u00e4lkeen. Toivon, ett\u00e4 riihim\u00e4kel\u00e4iset ymm\u00e4rt\u00e4v\u00e4t, kuinka hienoa t\u00e4m\u00e4 on.<\/p>\n<p class=\"aw__sc-1qwuw0s-0 aw__sc-ngllmo-0 epAWpq fzYpjk yle__article__paragraph\">Nousu ykk\u00f6spesikseen tuo mukanaan haasteita. Ykk\u00f6spesis vaatii lis\u00e4\u00e4 rahaa pelaajiin, olosuhteisiin ja seuran talouteen.<\/p>\n<p class=\"aw__sc-1qwuw0s-0 aw__sc-ngllmo-0 epAWpq fzYpjk yle__article__paragraph\">\u2013 Pit\u00e4\u00e4 tehd\u00e4 suunnitelma siit\u00e4, miten olosuhteita parannetaan.<\/p>\n<p>Pelaajahankintoja on jo valmisteltu<\/p>\n<p class=\"aw__sc-1qwuw0s-0 aw__sc-ngllmo-0 epAWpq fzYpjk yle__article__paragraph\">Lehti kertoo, ett\u00e4 pelaajahankintoja on jo viritelty tulevaisuutta ajatellen.<\/p>\n<p class=\"aw__sc-1qwuw0s-0 aw__sc-ngllmo-0 epAWpq fzYpjk yle__article__paragraph\">\u2013 Ty\u00f6 on ollut koko ajan k\u00e4ynniss\u00e4. Olemme tehneet sopimuksia pelaajien kanssa ykk\u00f6spesist\u00e4 varten. Tarvitsemme viel\u00e4 muutaman vahvistuksen. Muutama pelaaja on kertonut, ett\u00e4 ei jatkaisi.<\/p>\n<p class=\"aw__sc-1qwuw0s-0 aw__sc-ngllmo-0 epAWpq fzYpjk yle__article__paragraph\">Seuran taloutta pit\u00e4\u00e4 vahvistaa, mutta Lehti uskoo menestyksen tuovan lis\u00e4\u00e4 katsojia ja tukijoita.<\/p>\n<p class=\"aw__sc-1qwuw0s-0 aw__sc-ngllmo-0 epAWpq fzYpjk yle__article__paragraph\">\u2013 Eilen Riihim\u00e4ell\u00e4 oli yli seitsem\u00e4nsataa katsojaa Peltosaaressa, mahtava tunnelma. Toivottavasti sill\u00e4 saadaan yrityksi\u00e4 liikkeelle.<\/p>\n<p class=\"aw__sc-1qwuw0s-0 aw__sc-ngllmo-0 epAWpq fzYpjk yle__article__paragraph\">Lehti sanoo menestyksen n\u00e4kyv\u00e4n my\u00f6s juniority\u00f6ss\u00e4. Viidess\u00e4 vuodessa harrastajia on tullut paljon lis\u00e4\u00e4.<\/p>\n<p class=\"aw__sc-1qwuw0s-0 aw__sc-ngllmo-0 epAWpq fzYpjk yle__article__paragraph\">\u2013 Viisi vuotta sitten junioreita oli vain muutama, nyt seitsem\u00e4nkymment\u00e4 lasta harrastaa pes\u00e4palloa viikoittain, Lehti kertoo.<\/p>\n","protected":false},"excerpt":{"rendered":"Riihim\u00e4en Pallonly\u00f6j\u00e4t varmisti nousunsa miesten pes\u00e4pallon ykk\u00f6spesikseen ratkaisuottelussa Vaasassa. Avaa kuvien katselu Riihim\u00e4en Pallonly\u00f6j\u00e4t juhlivat sarjanousua Vaasassa sunnuntaina.&hellip;\n","protected":false},"author":2,"featured_media":337541,"comment_status":"","ping_status":"","sticky":false,"template":"","format":"standard","meta":{"footnotes":"","_share_on_mastodon":"0"},"categories":[158],"tags":[33,31,30,1794,2724,449,12828,1791,159,32,160,16,859],"class_list":["post-337540","post","type-post","status-publish","format-standard","has-post-thumbnail","category-urheilu","tag-fi","tag-finland","tag-finnish","tag-kanta-hame","tag-pesapallo","tag-pohjanmaa","tag-riihimaen-seutukunta","tag-riihimaki","tag-sports","tag-suomi","tag-urheilu","tag-uutiset","tag-vaasa"],"share_on_mastodon":{"url":"https:\/\/pubeurope.com\/@fi\/117187326307321275","error":""},"_links":{"self":[{"href":"https:\/\/www.europesays.com\/fi\/wp-json\/wp\/v2\/posts\/337540","targetHints":{"allow":["GET"]}}],"collection":[{"href":"https:\/\/www.europesays.com\/fi\/wp-json\/wp\/v2\/posts"}],"about":[{"href":"https:\/\/www.europesays.com\/fi\/wp-json\/wp\/v2\/types\/post"}],"author":[{"embeddable":true,"href":"https:\/\/www.europesays.com\/fi\/wp-json\/wp\/v2\/users\/2"}],"replies":[{"embeddable":true,"href":"https:\/\/www.europesays.com\/fi\/wp-json\/wp\/v2\/comments?post=337540"}],"version-history":[{"count":0,"href":"https:\/\/www.europesays.com\/fi\/wp-json\/wp\/v2\/posts\/337540\/revisions"}],"wp:featuredmedia":[{"embeddable":true,"href":"https:\/\/www.europesays.com\/fi\/wp-json\/wp\/v2\/media\/337541"}],"wp:attachment":[{"href":"https:\/\/www.europesays.com\/fi\/wp-json\/wp\/v2\/media?parent=337540"}],"wp:term":[{"taxonomy":"category","embeddable":true,"href":"https:\/\/www.europesays.com\/fi\/wp-json\/wp\/v2\/categories?post=337540"},{"taxonomy":"post_tag","embeddable":true,"href":"https:\/\/www.europesays.com\/fi\/wp-json\/wp\/v2\/tags?post=337540"}],"curies":[{"name":"wp","href":"https:\/\/api.w.org\/{rel}","templated":true}]}}