{"id":337552,"date":"2026-08-31T01:03:15","date_gmt":"2026-08-31T01:03:15","guid":{"rendered":"https:\/\/www.europesays.com\/fi\/337552\/"},"modified":"2026-08-31T01:03:15","modified_gmt":"2026-08-31T01:03:15","slug":"vakavasti-sairastunut-celine-dion-palasi-julkisuuteen-talta-han-nayttaa-nyt","status":"publish","type":"post","link":"https:\/\/www.europesays.com\/fi\/337552\/","title":{"rendered":"Vakavasti sairastunut C\u00e9line Dion palasi julkisuuteen: T\u00e4lt\u00e4 h\u00e4n n\u00e4ytt\u00e4\u00e4 nyt"},"content":{"rendered":"<p>            CYRIL PECQUENARD\/SIPA\/Shutterstock\/All Over Press\n        <\/p>\n<p class=\"subtitle \">C\u00e9line palaa syyskuussa lavalle Pariisissa.<\/p>\n<p class=\"article-content article-content-width !bg-background\">Laulaja , 58, on tekem\u00e4ss\u00e4 paluuta esiintymislavoille. H\u00e4nen on m\u00e4\u00e4r\u00e4 esiinty\u00e4 Pariisin pohjoispuolella sijaitsevassa <a href=\"https:\/\/paris.celinedion.com\/\" target=\"_blank\" rel=\"nofollow noopener\">Nanterressa syyskuussa<\/a>.\u00a0<\/p>\n<p class=\"font-weight-bold m-font-weight-bold article-content article-content-width !bg-background\">Video: N\u00e4ill\u00e4 Hollywood-pareilla on ik\u00e4eroa jopa vuosikymmeni\u00e4:<\/p>\n<p class=\"article-content article-content-width !bg-background\">Kanadalaist\u00e4hden edellisest\u00e4 live-esiintymisest\u00e4 on vier\u00e4ht\u00e4nyt tovi. C\u00e9line n\u00e4htiin Pariisin kes\u00e4olympialaisissa 2024, kun h\u00e4n tulkitsi tapahtuman avajaisissa \u00a0L&#8217;Hymne \u00e0 l&#8217;amour -kipaleen.\u00a0Kokonaisesta konsertista fanit sen sijaan ovat p\u00e4\u00e4sseet nauttimaan viimeksi vuonna 2020.\u00a0<\/p>\n<p class=\"article-content article-content-width !bg-background\">Syyn\u00e4 hiljaiselolle on C\u00e9linen saama vakava diagnoosi. Laulaja kertoi vuonna 2022 sairastuneensa Stiff-person oireyhtym\u00e4\u00e4n. Se on etenev\u00e4 sairaus, johon liittyy tahdonalaisten liikkeiden hitautta, lihasj\u00e4ykkyytt\u00e4 sek\u00e4 lihasten spasmioireita, <a href=\"https:\/\/neuroliitto.fi\/tieto-tuki\/tietoa-sairauksista\/harvinaiset-neurologiset-sairaudet\/diagnoosit\/stiff-person\/\" target=\"_blank\" rel=\"nofollow noopener\">kertoo Neuroliitto<\/a>.\u00a0<\/p>\n<p>Valmis esiintym\u00e4\u00e4n<\/p>\n<p class=\"article-content article-content-width !bg-background\">J\u00e4ykkyysoireyhtym\u00e4n takia C\u00e9line on joutunut pit\u00e4m\u00e4\u00e4n taukoa kiertue-el\u00e4m\u00e4st\u00e4. T\u00e4ll\u00e4 hetkell\u00e4 laulajan kunto on parempi, ja tulevat esiintymiset n\u00e4ytt\u00e4v\u00e4t toistaiseksi toteutuvan suunnitellusti.\u00a0<\/p>\n<p class=\"article-content article-content-width !bg-background\">Perjantaina 28. elokuuta C\u00e9linest\u00e4 saatiin harvinainen vilaus t\u00e4m\u00e4n saapuessa Royal Monceau -hotellille Pariisissa.\u00a0<\/p>\n<p>        <a itemprop=\"url\" href=\"https:\/\/www.seiska.fi\/ulkomaat\/vakavasti-sairastuneelta-celine-dionilta-yllatysuutinen\/2117126\" rel=\"nofollow noopener\" target=\"_blank\"><\/p>\n<p>\nVakavasti sairas C\u00e9line Dion\n<\/p>\n<p class=\"section-date\">\n        <strong class=\"article-section\" data-section=\"ulkomaat\"><br \/>\n            ulkomaat<br \/>\n        <\/strong><br \/>\n        31.3. 13:28\n    <\/p>\n<p>Vakavasti sairastuneelta C\u00e9line Dionilta yll\u00e4tysuutinen\n    <\/p>\n<p itemprop=\"description\" class=\"subtitle \">\n    Laulajat\u00e4hti julkisti yll\u00e4tt\u00e4en palaavansa lavoille.\n<\/p>\n<p>        <\/a><\/p>\n<p>                <img decoding=\"async\" src=\"https:\/\/www.europesays.com\/fi\/wp-content\/uploads\/2026\/08\/2248277.webp\" width=\"576\" height=\"720\" alt=\"C\u00e9line hymyili onnellisena saapuessaan Pariisiin ennen syyskuisia konserttejaan.\" loading=\"lazy\" \/>            <\/p>\n<p>\n            C\u00e9line hymyili onnellisena saapuessaan Pariisiin ennen syyskuisia konserttejaan.<br \/>\n            All Over Press\n        <\/p>\n<p class=\"article-content article-content-width !bg-background\">N\u00e4ytt\u00e4v\u00e4sti leikattuun beigeen trenssitakkiin ja mustiin aurinkolaseihin sonnustautunut C\u00e9line kohtasi hotellin edustalle sankoin joukoin saapuneet fanit ja kuvaajat tottuneesti. H\u00e4n vilkutteli ihmisjoukolle iloisesti ja oli silminn\u00e4hden otettu saamastaan vastaanotosta.\u00a0<\/p>\n<p class=\"article-content article-content-width !bg-background\">C\u00e9line on selv\u00e4sti odottanut paluutaan v\u00e4hint\u00e4\u00e4nkin yht\u00e4 innolla kuin ihailijansakin. Laulaja paljasti tulevat esiintymisens\u00e4 maaliskuussa, ja tuolloin h\u00e4n kuvaili kiertuetta el\u00e4m\u00e4ns\u00e4 parhaaksi syntym\u00e4p\u00e4iv\u00e4lahjaksi.\u00a0<\/p>\n<p>        <a itemprop=\"url\" href=\"https:\/\/www.seiska.fi\/ulkomaat\/vakavasti-sairas-celine-dion-riipaiseva-ulostulo\/2048315\" rel=\"nofollow noopener\" target=\"_blank\"><\/p>\n<p>\nVakavasti sairas laulaja\n<\/p>\n<p class=\"section-date\">\n        <strong class=\"article-section\" data-section=\"ulkomaat\"><br \/>\n            ulkomaat<br \/>\n        <\/strong><br \/>\n        17.1. 09:30\n    <\/p>\n<p>Vakavasti sairas C\u00e9line Dion: Riipaiseva ulostulo\n    <\/p>\n<p itemprop=\"description\" class=\"subtitle \">\n    C\u00e9line on saanut osansa el\u00e4m\u00e4n vastoink\u00e4ymisist\u00e4.\n<\/p>\n<p>        <\/a><\/p>\n<p>                <img decoding=\"async\" src=\"https:\/\/www.europesays.com\/fi\/wp-content\/uploads\/2026\/08\/2248279.webp\" width=\"576\" height=\"624\" alt=\"C\u00e9linelle on suunniteltuna konsertteja aina pitk\u00e4lle kev\u00e4\u00e4seen asti.\" loading=\"lazy\" \/>            <\/p>\n<p>\n            C\u00e9linelle on suunniteltuna konsertteja aina pitk\u00e4lle kev\u00e4\u00e4seen asti.<br \/>\n            Didier Ferey\/Shutterstock\/All Over Press\n        <\/p>\n","protected":false},"excerpt":{"rendered":"CYRIL PECQUENARD\/SIPA\/Shutterstock\/All Over Press C\u00e9line palaa syyskuussa lavalle Pariisissa. Laulaja , 58, on tekem\u00e4ss\u00e4 paluuta esiintymislavoille. H\u00e4nen on&hellip;\n","protected":false},"author":2,"featured_media":337553,"comment_status":"","ping_status":"","sticky":false,"template":"","format":"standard","meta":{"footnotes":"","_share_on_mastodon":"0"},"categories":[130],"tags":[12742,137,33,31,30,41778,3829,5231,4684,1422,3893,41779,24728,32,1667,109],"class_list":["post-337552","post","type-post","status-publish","format-standard","has-post-thumbnail","category-viihde","tag-celine-dion","tag-entertainment","tag-fi","tag-finland","tag-finnish","tag-jaykkyysoireyhtyma","tag-konsertti","tag-paluu","tag-pariisi","tag-ranska","tag-sairaus","tag-sps","tag-stiff-person-oireyhtyma","tag-suomi","tag-tapahtumat","tag-viihde"],"share_on_mastodon":{"url":"https:\/\/pubeurope.com\/@fi\/117187432317914770","error":""},"_links":{"self":[{"href":"https:\/\/www.europesays.com\/fi\/wp-json\/wp\/v2\/posts\/337552","targetHints":{"allow":["GET"]}}],"collection":[{"href":"https:\/\/www.europesays.com\/fi\/wp-json\/wp\/v2\/posts"}],"about":[{"href":"https:\/\/www.europesays.com\/fi\/wp-json\/wp\/v2\/types\/post"}],"author":[{"embeddable":true,"href":"https:\/\/www.europesays.com\/fi\/wp-json\/wp\/v2\/users\/2"}],"replies":[{"embeddable":true,"href":"https:\/\/www.europesays.com\/fi\/wp-json\/wp\/v2\/comments?post=337552"}],"version-history":[{"count":0,"href":"https:\/\/www.europesays.com\/fi\/wp-json\/wp\/v2\/posts\/337552\/revisions"}],"wp:featuredmedia":[{"embeddable":true,"href":"https:\/\/www.europesays.com\/fi\/wp-json\/wp\/v2\/media\/337553"}],"wp:attachment":[{"href":"https:\/\/www.europesays.com\/fi\/wp-json\/wp\/v2\/media?parent=337552"}],"wp:term":[{"taxonomy":"category","embeddable":true,"href":"https:\/\/www.europesays.com\/fi\/wp-json\/wp\/v2\/categories?post=337552"},{"taxonomy":"post_tag","embeddable":true,"href":"https:\/\/www.europesays.com\/fi\/wp-json\/wp\/v2\/tags?post=337552"}],"curies":[{"name":"wp","href":"https:\/\/api.w.org\/{rel}","templated":true}]}}