{"id":337560,"date":"2026-08-31T01:28:20","date_gmt":"2026-08-31T01:28:20","guid":{"rendered":"https:\/\/www.europesays.com\/fi\/337560\/"},"modified":"2026-08-31T01:28:20","modified_gmt":"2026-08-31T01:28:20","slug":"maria-45-teki-hammastyttavan-muodonmuutoksen-lyhyessa-ajassa-ero-on-valtava","status":"publish","type":"post","link":"https:\/\/www.europesays.com\/fi\/337560\/","title":{"rendered":"Maria, 45, teki h\u00e4mm\u00e4stytt\u00e4v\u00e4n muodonmuutoksen lyhyess\u00e4 ajassa: \u201dEro on valtava\u201d"},"content":{"rendered":"<p>Maria Ille on tehnyt h\u00e4mm\u00e4stytt\u00e4v\u00e4n muodonmuutoksen.<\/p>\n<p class=\"paragraph\"><strong>Maria Illelle<\/strong> her\u00e4si vuonna 2023 ajatus, ett\u00e4 h\u00e4n haluaisi tehd\u00e4 el\u00e4m\u00e4ntapamuutoksen.<\/p>\n<p class=\"paragraph\">H\u00e4nen nuorin lapsensa oli tuolloin kuusivuotias.<\/p>\n<p class=\"paragraph\">\u2013\u2009Luulen, ett\u00e4 naisille tulee aina se vimma l\u00e4hte\u00e4 tekem\u00e4\u00e4n omalle kropalle muutosta synnytyksen j\u00e4lkeen. Itse p\u00e4\u00e4tin nuorimman lapseni ollessa kaksivuotias, ett\u00e4 jotain pit\u00e4isi varmaan tehd\u00e4.<\/p>\n<p class=\"paragraph\">\u2013\u2009Olin toki koko ajan jotain harrastanut, mutta se ei ollut tavoitteellista. Enemm\u00e4n sellaista haahuilua. Jotain tein, mutta ei se n\u00e4kynyt miss\u00e4\u00e4n.<\/p>\n<p class=\"paragraph\">Juttu jatkuu kuvan j\u00e4lkeen.<\/p>\n<p><img decoding=\"async\" class=\"image image-show image-preview\" src=\"https:\/\/www.europesays.com\/fi\/wp-content\/uploads\/2026\/08\/c11eb03fbe0e960b5ba8ec0740fea37fd72d4d4310f5f65b480ee9c8f297be12.jpg\" alt=\"\"\/><img decoding=\"async\" class=\"image image-show\" src=\"https:\/\/www.europesays.com\/fi\/wp-content\/uploads\/2026\/08\/1788139700_892_c11eb03fbe0e960b5ba8ec0740fea37fd72d4d4310f5f65b480ee9c8f297be12.jpg\" alt=\"\"\/><\/p>\n","protected":false},"excerpt":{"rendered":"Maria Ille on tehnyt h\u00e4mm\u00e4stytt\u00e4v\u00e4n muodonmuutoksen. Maria Illelle her\u00e4si vuonna 2023 ajatus, ett\u00e4 h\u00e4n haluaisi tehd\u00e4 el\u00e4m\u00e4ntapamuutoksen. H\u00e4nen&hellip;\n","protected":false},"author":2,"featured_media":337561,"comment_status":"","ping_status":"","sticky":false,"template":"","format":"standard","meta":{"footnotes":"","_share_on_mastodon":"0"},"categories":[158],"tags":[35,33,31,30,2111,99,100,41,98,159,32,160],"class_list":["post-337560","post","type-post","status-publish","format-standard","has-post-thumbnail","category-urheilu","tag-24h","tag-fi","tag-finland","tag-finnish","tag-kuntourheilu","tag-lapset","tag-lapset-ja-nuoret","tag-liikunta-ja-urheilu","tag-perhe","tag-sports","tag-suomi","tag-urheilu"],"share_on_mastodon":{"url":"https:\/\/pubeurope.com\/@fi\/117187530869424806","error":""},"_links":{"self":[{"href":"https:\/\/www.europesays.com\/fi\/wp-json\/wp\/v2\/posts\/337560","targetHints":{"allow":["GET"]}}],"collection":[{"href":"https:\/\/www.europesays.com\/fi\/wp-json\/wp\/v2\/posts"}],"about":[{"href":"https:\/\/www.europesays.com\/fi\/wp-json\/wp\/v2\/types\/post"}],"author":[{"embeddable":true,"href":"https:\/\/www.europesays.com\/fi\/wp-json\/wp\/v2\/users\/2"}],"replies":[{"embeddable":true,"href":"https:\/\/www.europesays.com\/fi\/wp-json\/wp\/v2\/comments?post=337560"}],"version-history":[{"count":0,"href":"https:\/\/www.europesays.com\/fi\/wp-json\/wp\/v2\/posts\/337560\/revisions"}],"wp:featuredmedia":[{"embeddable":true,"href":"https:\/\/www.europesays.com\/fi\/wp-json\/wp\/v2\/media\/337561"}],"wp:attachment":[{"href":"https:\/\/www.europesays.com\/fi\/wp-json\/wp\/v2\/media?parent=337560"}],"wp:term":[{"taxonomy":"category","embeddable":true,"href":"https:\/\/www.europesays.com\/fi\/wp-json\/wp\/v2\/categories?post=337560"},{"taxonomy":"post_tag","embeddable":true,"href":"https:\/\/www.europesays.com\/fi\/wp-json\/wp\/v2\/tags?post=337560"}],"curies":[{"name":"wp","href":"https:\/\/api.w.org\/{rel}","templated":true}]}}