{"id":337564,"date":"2026-08-31T01:33:12","date_gmt":"2026-08-31T01:33:12","guid":{"rendered":"https:\/\/www.europesays.com\/fi\/337564\/"},"modified":"2026-08-31T01:33:12","modified_gmt":"2026-08-31T01:33:12","slug":"yhdysvallat-teki-iskuja-iraniin-ensimmaista-kertaa-kuukauteen-iran-iski-yhdysvaltalaiskohteisiin-uutissuomalainen-2","status":"publish","type":"post","link":"https:\/\/www.europesays.com\/fi\/337564\/","title":{"rendered":"Yhdysvallat teki iskuja Iraniin ensimm\u00e4ist\u00e4 kertaa kuukauteen \u2013 Iran iski yhdysvaltalaiskohteisiin | Uutissuomalainen"},"content":{"rendered":"<p>Yhdysvaltain asevoimat on tehnyt iskuja Iraniin kuuluvalle Larakin saarelle Hormuzinsalmella. Kyseess\u00e4 ovat ensimm\u00e4iset Yhdysvaltain iskut Irania vastaan sitten hein\u00e4kuun lopun.<\/p>\n<p>\u2013\u2009Iranin vallankumouskaartin joukkojen oli havaittu valmistautuvan ampumaan merimiinoilla varustettuja raketteja Hormuzinsalmeen, sanoi Yhdysvaltain laivaston kapteeni Tim Hawkins uutistoimisto AFP:n mukaan.<\/p>\n<p>Qatarilaismedia <a href=\"https:\/\/aje.news\/xxqr90?update=4901027\" rel=\"nofollow noopener\" target=\"_blank\">al-Jazeeran<\/a> mukaan Yhdysvallat on v\u00e4itt\u00e4nyt, ett\u00e4 Iran yritt\u00e4\u00e4 asettaa merimiinoja salmeen. Median mukaan Iranin vallankumouskaarti on sanonut, ett\u00e4 salmi on kaartin hallinnassa, eik\u00e4 siell\u00e4 ole merimiinoja.<\/p>\n<p><a href=\"https:\/\/aje.news\/xxqr90?update=4900930\" rel=\"nofollow noopener\" target=\"_blank\">Al-Jazeeran<\/a> ja yhdysvaltalaisen uutiskanava <a href=\"https:\/\/edition.cnn.com\/2026\/08\/30\/politics\/us-iran-strikes-larak-island\" rel=\"nofollow noopener\" target=\"_blank\">CNN:n<\/a> mukaan vallankumouskaartin edustaja kuvaili tuoreita yhdysvaltalaisiskuja strategiseksi ja tuhoisaksi virheeksi.<\/p>\n<p>\t\t\t\tIran iski sotilaskohteisiin Jordaniassa<\/p>\n<p>Iranin yleisradioyhti\u00f6 IRIB:n <a href=\"https:\/\/aje.news\/xxqr90?update=4900847\" rel=\"nofollow noopener\" target=\"_blank\">mukaan<\/a> vallankumouskaarti kertoi, ett\u00e4 Yhdysvaltain iskuissa kuoli ja haavoittui useita sotilaita ja siviilej\u00e4. Kaarti ei ole kuitenkaan kertonut tarkkoja uhrilukuja.<\/p>\n<p>Muun muassa uutistoimisto <a href=\"https:\/\/www.reuters.com\/world\/middle-east\/us-forces-strike-two-iranian-launchers-irans-larak-island-us-official-says-2026-08-30\/\" rel=\"nofollow noopener\" target=\"_blank\">Reutersin<\/a> mukaan kaarti sanoi vastaavansa iskuihin. My\u00f6hemmin kaarti ilmoitti iskeneens\u00e4 ballistisilla ohjuksilla yhdysvaltalaisiin sotilaskohteisiin Jordaniassa.<\/p>\n<p>Iranin valtiollisen television mukaan kaarti sanoi, ett\u00e4 iskut kohdistuivat kahteen Yhdysvaltain operoimaan lentotukikohtaan. Kaartin mukaan iskut aiheuttivat suuria vahinkoja.<\/p>\n<p>Pian kaartin ilmoituksen j\u00e4lkeen Jordanian asevoimat sanoi pys\u00e4ytt\u00e4neens\u00e4 kahdeksan ohjusta, jotka olivat tunkeutuneet maan ilmatilaan.<\/p>\n<p>\t\t\t\tYhdysvallat uhannut tuhota miina-alukset<\/p>\n<p>\u00d6ljynkuljetuksille t\u00e4rke\u00e4 Hormuzinsalmi on ollut Yhdysvaltojen Irania vastaan helmikuussa aloittaman sodan polttopisteess\u00e4.<\/p>\n<p>Yhdysvaltain presidentti Donald Trump <a href=\"https:\/\/truthsocial.com\/@realDonaldTrump\/posts\/117156624974445904\" rel=\"nofollow noopener\" target=\"_blank\">sanoi<\/a> viime viikolla, ett\u00e4 Yhdysvaltain asevoimat on saanut raivattua miinat kansainv\u00e4lisilt\u00e4 vesilt\u00e4 Hormuzinsalmella.<\/p>\n<p>\u2013\u2009Iranille on ilmoitettu, ett\u00e4 kaikki uusia miinoja asettavat alukset tai veneet tuhotaan v\u00e4litt\u00f6m\u00e4sti ja j\u00e4rjestelm\u00e4llisesti, Trump sanoi Truth Social -viestipalvelussaan.<\/p>\n<p>Iran on rajoittanut laivaliikennett\u00e4 salmella sodan alkamisen j\u00e4lkeen. Yhdysvallat on puolestaan saartanut Iranin satamia alueella.<\/p>\n<p>Hormuzinsalmella n\u00e4htiin aiemmin kes\u00e4ll\u00e4 lukuisia iskuja. Tilanne on ollut viime aikoina kuitenkin verrattain rauhallinen, kun Yhdysvallat on suorien sotilaallisten iskujen sijasta pyrkinyt painostamaan Irania taloudellisesti.<\/p>\n<p>Yhdysvaltojen ja Iranin v\u00e4liset neuvottelut kuusi kuukautta jatkuneen sodan p\u00e4\u00e4tt\u00e4miseksi ovat jumiutuneet. CNN:n mukaan Valkoinen talo sanoi viime viikolla, ettei maiden v\u00e4lill\u00e4 ole k\u00e4ynniss\u00e4 neuvotteluja.<\/p>\n","protected":false},"excerpt":{"rendered":"Yhdysvaltain asevoimat on tehnyt iskuja Iraniin kuuluvalle Larakin saarelle Hormuzinsalmella. Kyseess\u00e4 ovat ensimm\u00e4iset Yhdysvaltain iskut Irania vastaan sitten&hellip;\n","protected":false},"author":2,"featured_media":337565,"comment_status":"","ping_status":"","sticky":false,"template":"","format":"standard","meta":{"footnotes":"","_share_on_mastodon":"0"},"categories":[14],"tags":[722,802,804,820,22,23,2617,26,27,33,31,30,17,24,25,803,28,29,15,18,21,32,19,20,56,16,2568,59,60,61],"class_list":["post-337564","post","type-post","status-publish","format-standard","has-post-thumbnail","category-ulkomaat","tag-amerikka","tag-armeijat-ja-aseelliset-joukot","tag-aseelliset-konfliktit","tag-aseet","tag-breaking-news","tag-breakingnews","tag-cnn","tag-featured-news","tag-featurednews","tag-fi","tag-finland","tag-finnish","tag-headlines","tag-latest-news","tag-latestnews","tag-levottomuudet-ja-sodat","tag-main-news","tag-mainnews","tag-news","tag-otsikot","tag-paauutiset","tag-suomi","tag-top-stories","tag-topstories","tag-ulkomaat","tag-uutiset","tag-vesiliikenne","tag-world","tag-world-news","tag-worldnews"],"share_on_mastodon":{"url":"https:\/\/pubeurope.com\/@fi\/117187550015193424","error":""},"_links":{"self":[{"href":"https:\/\/www.europesays.com\/fi\/wp-json\/wp\/v2\/posts\/337564","targetHints":{"allow":["GET"]}}],"collection":[{"href":"https:\/\/www.europesays.com\/fi\/wp-json\/wp\/v2\/posts"}],"about":[{"href":"https:\/\/www.europesays.com\/fi\/wp-json\/wp\/v2\/types\/post"}],"author":[{"embeddable":true,"href":"https:\/\/www.europesays.com\/fi\/wp-json\/wp\/v2\/users\/2"}],"replies":[{"embeddable":true,"href":"https:\/\/www.europesays.com\/fi\/wp-json\/wp\/v2\/comments?post=337564"}],"version-history":[{"count":0,"href":"https:\/\/www.europesays.com\/fi\/wp-json\/wp\/v2\/posts\/337564\/revisions"}],"wp:featuredmedia":[{"embeddable":true,"href":"https:\/\/www.europesays.com\/fi\/wp-json\/wp\/v2\/media\/337565"}],"wp:attachment":[{"href":"https:\/\/www.europesays.com\/fi\/wp-json\/wp\/v2\/media?parent=337564"}],"wp:term":[{"taxonomy":"category","embeddable":true,"href":"https:\/\/www.europesays.com\/fi\/wp-json\/wp\/v2\/categories?post=337564"},{"taxonomy":"post_tag","embeddable":true,"href":"https:\/\/www.europesays.com\/fi\/wp-json\/wp\/v2\/tags?post=337564"}],"curies":[{"name":"wp","href":"https:\/\/api.w.org\/{rel}","templated":true}]}}