{"id":337568,"date":"2026-08-31T01:35:22","date_gmt":"2026-08-31T01:35:22","guid":{"rendered":"https:\/\/www.europesays.com\/fi\/337568\/"},"modified":"2026-08-31T01:35:22","modified_gmt":"2026-08-31T01:35:22","slug":"keltainen-varoitus-viidelle-alueelle-kohta-tulee-vetta-ja-paljon","status":"publish","type":"post","link":"https:\/\/www.europesays.com\/fi\/337568\/","title":{"rendered":"Keltainen varoitus viidelle alueelle: Kohta tulee vett\u00e4 ja paljon"},"content":{"rendered":"<p>Forecan ennusteen mukaan vett\u00e4 sataa jossain p\u00e4in maata \u201dp\u00e4ivitt\u00e4in\u201d.<\/p>\n<p><img decoding=\"async\" class=\"image image-show image-preview\" src=\"https:\/\/www.europesays.com\/fi\/wp-content\/uploads\/2026\/08\/d132c194f7904a9eba9732946b88c79e5a7436b2049a75fce54793803f623ab8.jpg\" alt=\"\"\/><img decoding=\"async\" class=\"image image-show\" src=\"https:\/\/www.europesays.com\/fi\/wp-content\/uploads\/2026\/08\/1788140120_625_d132c194f7904a9eba9732946b88c79e5a7436b2049a75fce54793803f623ab8.jpg\" alt=\"\"\/><\/p>\n<p>Sateiden v\u00e4liin mahtuu meteorologin mukaan onneksi my\u00f6s aurinkoisia ja kuivia p\u00e4ivi\u00e4. Tiia Heiskanen<\/p>\n<p class=\"paragraph\">Suomen kes\u00e4 oli vaihteleva ja monin paikoin sateinen, ja <a href=\"https:\/\/www.foreca.fi\/meteorologilta\/ptnmv0e3\" rel=\"noopener nofollow\" target=\"_blank\">Forecan mukaan<\/a> my\u00f6s syyskuu alkaa samalla tavoin.<\/p>\n<p class=\"paragraph\">Lounaasta puhaltavat ilmavirtaukset tuovat Atlantilta Suomeen jatkuvasti ep\u00e4vakaata s\u00e4\u00e4t\u00e4. Suomi on laajan matalapaineen alueella, mik\u00e4 tarkoittaa, ett\u00e4 sadealueita tulee toinen toisensa per\u00e4\u00e4n.<\/p>\n<p class=\"paragraph\">Sateiden v\u00e4liin mahtuu onneksi my\u00f6s aurinkoisia ja kuivia p\u00e4ivi\u00e4.<\/p>\n<p class=\"paragraph\">\u2013 Koko Suomen mittakaavassa sateita tulee meill\u00e4 kuitenkin p\u00e4ivitt\u00e4in ainakin jossakin p\u00e4in maata, meteorologi <strong>Joanna Rinne<\/strong> kirjoittaa.<\/p>\n<p>T\u00e4\u00e4ll\u00e4 tulee pian vett\u00e4<\/p>\n<p class=\"paragraph\">S\u00e4\u00e4ennusteen mukaan ensi viikolla sataa eniten alkuviikosta ja viikonloppuna.<\/p>\n<p class=\"paragraph\"><a href=\"https:\/\/www.ilmatieteenlaitos.fi\/varoitukset\" rel=\"noopener nofollow\" target=\"_blank\">Ilmatieteen laitoksen<\/a> sadevaroituksia on maanantaina voimassa viidell\u00e4 maa-alueella: Varsinais-Suomessa, Satakunnassa, Uudellamaalla, Kanta-H\u00e4meess\u00e4 ja Pirkanmaalla.<\/p>\n<p class=\"paragraph\">Merialueilla tuulivaroitukset ovat maanantaina voimassa Suomenlahden it\u00e4osassa, Suomenlahden l\u00e4nsiosassa sek\u00e4 Pohjois-It\u00e4meren it\u00e4osassa.<\/p>\n<p class=\"paragraph\">Lapissa saadaan viikon runsaimmat sateet, ja vett\u00e4 voi kerty\u00e4 viikon aikana jopa yli 50 millimetri\u00e4. My\u00f6s L\u00e4nsi-Suomessa sataa reippaasti, noin 20\u201330 millimetri\u00e4.<\/p>\n<p class=\"paragraph\">Kuivinta on Kaakkois-Suomessa ja it\u00e4rajan l\u00e4hell\u00e4. N\u00e4ill\u00e4 alueilla viikon kokonaissadem\u00e4\u00e4r\u00e4 j\u00e4\u00e4 alle kymmeneen millimetriin.<\/p>\n<p class=\"paragraph\">Viikko alkaa pilvisen\u00e4 koko maassa. Etel\u00e4st\u00e4 levi\u00e4\u00e4 maanantaina maan etel\u00e4- ja keskiosiin sateita, joita tulee siell\u00e4 t\u00e4\u00e4ll\u00e4, mutta my\u00f6s pohjoisessa kannattaa varautua sadekuuroihin. P\u00e4iv\u00e4ll\u00e4 l\u00e4mp\u00f6tila on enimm\u00e4kseen 15 ja 19 asteen v\u00e4lill\u00e4.<\/p>\n<p><a href=\"https:\/\/www.iltalehti.fi\/parassaa?storeCampaign=ArticleBottomBanner\" rel=\"nofollow noopener\" target=\"_blank\"><img decoding=\"async\" src=\"https:\/\/www.europesays.com\/fi\/wp-content\/uploads\/2026\/08\/1788140122_473_d0fd7860228df4fdd5fd0367e49d769aa09b08189080ddc5ccdd8c31ad63aca9.png\" alt=\"IL Paras S\u00e4\u00e4 - S\u00e4\u00e4tiedot ja s\u00e4\u00e4ennusteet\"\/><\/a><\/p>\n","protected":false},"excerpt":{"rendered":"Forecan ennusteen mukaan vett\u00e4 sataa jossain p\u00e4in maata \u201dp\u00e4ivitt\u00e4in\u201d. Sateiden v\u00e4liin mahtuu meteorologin mukaan onneksi my\u00f6s aurinkoisia ja&hellip;\n","protected":false},"author":2,"featured_media":337569,"comment_status":"","ping_status":"","sticky":false,"template":"","format":"standard","meta":{"footnotes":"","_share_on_mastodon":"0"},"categories":[5],"tags":[35,22,23,26,27,33,31,30,17,713,24,25,28,29,715,15,18,21,710,714,1942,32,19,20,16],"class_list":["post-337568","post","type-post","status-publish","format-standard","has-post-thumbnail","category-otsikot","tag-24h","tag-breaking-news","tag-breakingnews","tag-featured-news","tag-featurednews","tag-fi","tag-finland","tag-finnish","tag-headlines","tag-lampotila-saa","tag-latest-news","tag-latestnews","tag-main-news","tag-mainnews","tag-meteorologia","tag-news","tag-otsikot","tag-paauutiset","tag-saa","tag-saaennustus","tag-sateinen-saa","tag-suomi","tag-top-stories","tag-topstories","tag-uutiset"],"share_on_mastodon":{"url":"https:\/\/pubeurope.com\/@fi\/117187558350547605","error":""},"_links":{"self":[{"href":"https:\/\/www.europesays.com\/fi\/wp-json\/wp\/v2\/posts\/337568","targetHints":{"allow":["GET"]}}],"collection":[{"href":"https:\/\/www.europesays.com\/fi\/wp-json\/wp\/v2\/posts"}],"about":[{"href":"https:\/\/www.europesays.com\/fi\/wp-json\/wp\/v2\/types\/post"}],"author":[{"embeddable":true,"href":"https:\/\/www.europesays.com\/fi\/wp-json\/wp\/v2\/users\/2"}],"replies":[{"embeddable":true,"href":"https:\/\/www.europesays.com\/fi\/wp-json\/wp\/v2\/comments?post=337568"}],"version-history":[{"count":0,"href":"https:\/\/www.europesays.com\/fi\/wp-json\/wp\/v2\/posts\/337568\/revisions"}],"wp:featuredmedia":[{"embeddable":true,"href":"https:\/\/www.europesays.com\/fi\/wp-json\/wp\/v2\/media\/337569"}],"wp:attachment":[{"href":"https:\/\/www.europesays.com\/fi\/wp-json\/wp\/v2\/media?parent=337568"}],"wp:term":[{"taxonomy":"category","embeddable":true,"href":"https:\/\/www.europesays.com\/fi\/wp-json\/wp\/v2\/categories?post=337568"},{"taxonomy":"post_tag","embeddable":true,"href":"https:\/\/www.europesays.com\/fi\/wp-json\/wp\/v2\/tags?post=337568"}],"curies":[{"name":"wp","href":"https:\/\/api.w.org\/{rel}","templated":true}]}}