{"id":337590,"date":"2026-08-31T02:45:12","date_gmt":"2026-08-31T02:45:12","guid":{"rendered":"https:\/\/www.europesays.com\/fi\/337590\/"},"modified":"2026-08-31T02:45:12","modified_gmt":"2026-08-31T02:45:12","slug":"alzheimerin-tauti-riitta-66-haluaisi-yha-festareille","status":"publish","type":"post","link":"https:\/\/www.europesays.com\/fi\/337590\/","title":{"rendered":"Alzheimerin tauti: Riitta, 66, haluaisi yh\u00e4 festareille"},"content":{"rendered":"<p class=\"sc-e683d47a-0 dzYyoM is-block has-drop-cap is-body-m\">R<strong>iitta Karvonen<\/strong>, 66, pahoittelee, ettei ole laittautunut valo\u00adkuvausta varten. H\u00e4n ei muistanut koko asiaa. Pit\u00e4isik\u00f6 vaihtaa vaatteet tai ainakin punata huulet? Toisaalta onko kuvaaminen edes tarpeellista, h\u00e4n ihmettelee.<\/p>\n<p class=\"sc-e683d47a-0 dzYyoM is-block is-body-m\">\u2013 \u00c4iti, sin\u00e4h\u00e4n sytyt kameran edess\u00e4 kuin filmit\u00e4hti. Muutut valovoimaiseksi kuin sinut olisi luotu parrasvaloihin, tyt\u00e4r <strong>Tuulia Virhi\u00e4<\/strong>, 46, huudahtaa.<\/p>\n<p class=\"sc-e683d47a-0 dzYyoM is-block is-body-m\">Tuulia tiet\u00e4\u00e4, mist\u00e4 puhuu, sill\u00e4 h\u00e4n kuvaa \u00e4iti\u00e4\u00e4n t\u00e4m\u00e4n suositulle Insta\u00adgram-tilille. Tili kantaa nime\u00e4 dior.riitta. Se viittaa Riitan entiseen ty\u00f6h\u00f6n Christian Diorin konsulenttina. H\u00e4net tunnettiin laajasti Diorin Riittana, ja monet ihmiset halusivat juuri h\u00e4nen palveltavakseen.<\/p>\n<p class=\"sc-e683d47a-0 dzYyoM is-block is-body-m\">\u2013 Kohotin heid\u00e4n itsetuntoaan tekem\u00e4ll\u00e4 heist\u00e4 kauniimpia, Riitta kertoo.<\/p>\n<p class=\"sc-e683d47a-0 dzYyoM is-block is-body-m\">Instagram-tilill\u00e4 ei kuitenkaan keskityt\u00e4 kauneudenhoitoon, vaan se kertoo el\u00e4m\u00e4st\u00e4 Alzheimerin taudin kanssa. Riitta Karvonen sai diagnoosin kes\u00e4kuussa 2025.<\/p>\n<p class=\"sc-e683d47a-0 dzYyoM is-block is-body-m\">Sit\u00e4 on \u00e4kkiselt\u00e4\u00e4n vaikea uskoa, sill\u00e4 sairaus ei n\u00e4y ulosp\u00e4in. Se ei my\u00f6sk\u00e4\u00e4n juuri kuulu, sill\u00e4 Riitta vastailee kysymyksiin loogisesti. Jonkin asian h\u00e4n saattaa kertoa useampaan kertaan, mutta kuten h\u00e4n itse sanoo:<\/p>\n<p class=\"sc-e683d47a-0 dzYyoM is-block is-body-m\">\u2013 Parempi kertoa asia kolmesti kuin ei laisinkaan. Tulen ainakin kuulluksi.<\/p>\n","protected":false},"excerpt":{"rendered":"Riitta Karvonen, 66, pahoittelee, ettei ole laittautunut valo\u00adkuvausta varten. H\u00e4n ei muistanut koko asiaa. Pit\u00e4isik\u00f6 vaihtaa vaatteet tai&hellip;\n","protected":false},"author":2,"featured_media":337591,"comment_status":"","ping_status":"","sticky":false,"template":"","format":"standard","meta":{"footnotes":"","_share_on_mastodon":"0"},"categories":[165],"tags":[38752,6867,33,31,30,166,440,3396,4402,41780,32,167,480],"class_list":["post-337590","post","type-post","status-publish","format-standard","has-post-thumbnail","category-terveys","tag-alzheimer","tag-dementia","tag-fi","tag-finland","tag-finnish","tag-health","tag-ihmiset","tag-muisti","tag-muistisairaudet","tag-selviytymistarinat","tag-suomi","tag-terveys","tag-tilaajille"],"share_on_mastodon":{"url":"https:\/\/pubeurope.com\/@fi\/117187833136605468","error":""},"_links":{"self":[{"href":"https:\/\/www.europesays.com\/fi\/wp-json\/wp\/v2\/posts\/337590","targetHints":{"allow":["GET"]}}],"collection":[{"href":"https:\/\/www.europesays.com\/fi\/wp-json\/wp\/v2\/posts"}],"about":[{"href":"https:\/\/www.europesays.com\/fi\/wp-json\/wp\/v2\/types\/post"}],"author":[{"embeddable":true,"href":"https:\/\/www.europesays.com\/fi\/wp-json\/wp\/v2\/users\/2"}],"replies":[{"embeddable":true,"href":"https:\/\/www.europesays.com\/fi\/wp-json\/wp\/v2\/comments?post=337590"}],"version-history":[{"count":0,"href":"https:\/\/www.europesays.com\/fi\/wp-json\/wp\/v2\/posts\/337590\/revisions"}],"wp:featuredmedia":[{"embeddable":true,"href":"https:\/\/www.europesays.com\/fi\/wp-json\/wp\/v2\/media\/337591"}],"wp:attachment":[{"href":"https:\/\/www.europesays.com\/fi\/wp-json\/wp\/v2\/media?parent=337590"}],"wp:term":[{"taxonomy":"category","embeddable":true,"href":"https:\/\/www.europesays.com\/fi\/wp-json\/wp\/v2\/categories?post=337590"},{"taxonomy":"post_tag","embeddable":true,"href":"https:\/\/www.europesays.com\/fi\/wp-json\/wp\/v2\/tags?post=337590"}],"curies":[{"name":"wp","href":"https:\/\/api.w.org\/{rel}","templated":true}]}}