{"id":337594,"date":"2026-08-31T02:47:16","date_gmt":"2026-08-31T02:47:16","guid":{"rendered":"https:\/\/www.europesays.com\/fi\/337594\/"},"modified":"2026-08-31T02:47:16","modified_gmt":"2026-08-31T02:47:16","slug":"turun-konserttitalon-viimeinen-syksy-kaynnistyy-juhlatunnelmissa-ja-uteliaisuus-heraa-ts-fi","status":"publish","type":"post","link":"https:\/\/www.europesays.com\/fi\/337594\/","title":{"rendered":"Turun konserttitalon viimeinen syksy k\u00e4ynnistyy juhlatunnelmissa \u2013 ja uteliaisuus her\u00e4\u00e4 &#8211; ts.fi"},"content":{"rendered":"<ol>\n<li><a href=\"https:\/\/news.google.com\/rss\/articles\/CBMiQEFVX3lxTFBQRFE0RzVDRDRwNUdLODk0cHB5Vkw4OTczcFJ0WFdjdTQxc3gzTlBtZm5jSnRid1lvT3BBWHpoT3M?oc=5\" target=\"_blank\" rel=\"nofollow noopener\">Turun konserttitalon viimeinen syksy k\u00e4ynnistyy juhlatunnelmissa \u2013 ja uteliaisuus her\u00e4\u00e4<\/a>&nbsp;&nbsp;ts.fi<\/li>\n<li><a href=\"https:\/\/news.google.com\/rss\/articles\/CBMiQEFVX3lxTFB3N05Eel9yR1RIT21KNllSejk3TkxJbnpkS3ZwWERUbWhSMDV3OW9mYmNka0hxa3htc25ONnU5b3I?oc=5\" target=\"_blank\" rel=\"nofollow noopener\">S\u00e4hk\u00f6potkulauta syttyi palamaan varastossa Raisiossa<\/a>&nbsp;&nbsp;ts.fi<\/li>\n<li><a href=\"https:\/\/news.google.com\/rss\/articles\/CBMiQEFVX3lxTE1Xc21hY1ZFTnUzOEVFZ3FRWUdDRDdid1JtT0thTDFqSWtxYkFYMFJ5VEJqYUtjQ215VFpmeDR6Ung?oc=5\" target=\"_blank\" rel=\"nofollow noopener\">Ilotulitukset leiskuivat EM-mitalistien kunniaksi \u2013 naiset ottelujohdossa, miehet per\u00e4ss\u00e4<\/a>&nbsp;&nbsp;ts.fi<\/li>\n<li><a href=\"https:\/\/news.google.com\/rss\/articles\/CBMiQEFVX3lxTE5RM2JCYVp1YU53dkdDZzBNT1ZWb3A1VTlOeFdGODdEVlBuZi1YMGR2UjFoeXZDdm1oX2lTMTRnVkg?oc=5\" target=\"_blank\" rel=\"nofollow noopener\">Kommentti | Iines Toivonen: Opintolainaa kannattaa l\u00e4hesty\u00e4 kuin 5 op -kurssia<\/a>&nbsp;&nbsp;ts.fi<\/li>\n<li><a href=\"https:\/\/news.google.com\/rss\/articles\/CBMiQEFVX3lxTFBIMHdVZk5iUldUb2Y5cjZLbGZJc2R1RWJBY1p2QmlZS0hBNWlOUmdVcEo5Tkk3STA3MWxLdHc0MWo?oc=5\" target=\"_blank\" rel=\"nofollow noopener\">Kommentti | Jenna Simpanen: Olisipa yhteis\u00f6llisyys aina t\u00e4ll\u00e4 tasolla<\/a>&nbsp;&nbsp;ts.fi<\/li>\n<\/ol>\n","protected":false},"excerpt":{"rendered":"Turun konserttitalon viimeinen syksy k\u00e4ynnistyy juhlatunnelmissa \u2013 ja uteliaisuus her\u00e4\u00e4&nbsp;&nbsp;ts.fi S\u00e4hk\u00f6potkulauta syttyi palamaan varastossa Raisiossa&nbsp;&nbsp;ts.fi Ilotulitukset leiskuivat EM-mitalistien&hellip;\n","protected":false},"author":2,"featured_media":337595,"comment_status":"","ping_status":"","sticky":false,"template":"","format":"standard","meta":{"footnotes":"","_share_on_mastodon":"0"},"categories":[130],"tags":[623,137,33,31,30,3525,41782,108,22165,6886,28702,32,29399,30250,662,109,41781],"class_list":["post-337594","post","type-post","status-publish","format-standard","has-post-thumbnail","category-viihde","tag-elokuva","tag-entertainment","tag-fi","tag-finland","tag-finnish","tag-konsertit","tag-konserttitalo","tag-kulttuuri","tag-logomo","tag-metallimusiikki","tag-paikalliset","tag-suomi","tag-taiteen-talo","tag-tfo","tag-turku","tag-viihde","tag-viikon-muistilista"],"share_on_mastodon":{"url":"https:\/\/pubeurope.com\/@fi\/117187841012818861","error":""},"_links":{"self":[{"href":"https:\/\/www.europesays.com\/fi\/wp-json\/wp\/v2\/posts\/337594","targetHints":{"allow":["GET"]}}],"collection":[{"href":"https:\/\/www.europesays.com\/fi\/wp-json\/wp\/v2\/posts"}],"about":[{"href":"https:\/\/www.europesays.com\/fi\/wp-json\/wp\/v2\/types\/post"}],"author":[{"embeddable":true,"href":"https:\/\/www.europesays.com\/fi\/wp-json\/wp\/v2\/users\/2"}],"replies":[{"embeddable":true,"href":"https:\/\/www.europesays.com\/fi\/wp-json\/wp\/v2\/comments?post=337594"}],"version-history":[{"count":0,"href":"https:\/\/www.europesays.com\/fi\/wp-json\/wp\/v2\/posts\/337594\/revisions"}],"wp:featuredmedia":[{"embeddable":true,"href":"https:\/\/www.europesays.com\/fi\/wp-json\/wp\/v2\/media\/337595"}],"wp:attachment":[{"href":"https:\/\/www.europesays.com\/fi\/wp-json\/wp\/v2\/media?parent=337594"}],"wp:term":[{"taxonomy":"category","embeddable":true,"href":"https:\/\/www.europesays.com\/fi\/wp-json\/wp\/v2\/categories?post=337594"},{"taxonomy":"post_tag","embeddable":true,"href":"https:\/\/www.europesays.com\/fi\/wp-json\/wp\/v2\/tags?post=337594"}],"curies":[{"name":"wp","href":"https:\/\/api.w.org\/{rel}","templated":true}]}}