{"id":337604,"date":"2026-08-31T02:54:11","date_gmt":"2026-08-31T02:54:11","guid":{"rendered":"https:\/\/www.europesays.com\/fi\/337604\/"},"modified":"2026-08-31T02:54:11","modified_gmt":"2026-08-31T02:54:11","slug":"luonto-herrakunta-saa-yhteisollisen-hyotypuutarhan-talkoisiin-paasee-jo-mukaan-paikalliset","status":"publish","type":"post","link":"https:\/\/www.europesays.com\/fi\/337604\/","title":{"rendered":"Luonto | Herrakunta saa yhteis\u00f6llisen hy\u00f6typuutarhan \u2013 talkoisiin p\u00e4\u00e4see jo mukaan | Paikalliset"},"content":{"rendered":"<p>Vihdin Herrakunnalle suunnitellaan yhteis\u00f6llisen hy\u00f6typuutarhan perustamista. Herrakuntatalossa pidettiin 25.\u2009elokuuta esittelytilaisuus talkoilla toteutettavan puutarhan rakentamisesta.<\/p>\n<p>Hanketta vet\u00e4\u00e4 El\u00e4m\u00e4nitu ry puheenjohtajansa <strong>Mira Ter\u00e4v\u00e4isen <\/strong>johtamana. Mukana toimii Herrakunnan kyl\u00e4yhdistys. Puutarhahankkeesta kertoo El\u00e4m\u00e4nitu tiedotteessaan.<\/p>\n<p><strong class=\"diks-storyline__impact\">Tarkoitus<\/strong> on, ett\u00e4 mahdollisimman moni innostuu yhteis\u00f6llisest\u00e4 hy\u00f6typuutarhasta ja osallistuu talkoihin mahdollisuuksiensa ja kiinnostuksensa mukaan. Hanketta rahoittaa Microsoftin Suomen hankerahasto.<\/p>\n<p>Hankkeen my\u00f6t\u00e4 Herrakunnan kyl\u00e4talon pihalle perustetaan yhteis\u00f6llinen hy\u00f6typuutarha, jossa kaikki taloa ja sen ymp\u00e4rist\u00f6\u00e4 k\u00e4ytt\u00e4v\u00e4t voivat virkist\u00e4yty\u00e4, osallistua mielekk\u00e4\u00e4seen toimintaan puutarhan perustamisessa ja hoidossa, sek\u00e4 nauttia tulevaisuudessa puutarhan antimista.<\/p>\n<p><strong class=\"diks-storyline__impact\">Hy\u00f6tytarhaan<\/strong> istutetaan talkoovoimin omena- ja p\u00e4\u00e4ryn\u00e4puita, viinimarjapensaita, raparperia, mansikoita, monivuotisia yrttej\u00e4 ja perustetaan kasvimaa.<\/p>\n<p>Puutarhassa huomioidaan p\u00f6lytt\u00e4j\u00e4yst\u00e4v\u00e4llisyys, siilien ja sisiliskojen elinymp\u00e4rist\u00f6n tukeminen ja linnuille laitetaan p\u00f6ntt\u00f6j\u00e4.<\/p>\n<p>Puutarha perustetaan pient\u00e4 kasvimaata lukuun ottamatta monivuotisista hy\u00f6tykasveista.<\/p>\n<p><strong class=\"diks-storyline__impact\">Paikkaan <\/strong>tulee mukava oleskelualue, jossa voi kokoontua ja j\u00e4rjest\u00e4\u00e4 pieni\u00e4 tapahtumia. Hankerahoituksen avulla siis perustetaan hy\u00f6typuutarha, josta hy\u00f6tyv\u00e4t kaikki, niin ihmiset kuin ymp\u00e4rist\u00f6kin.<\/p>\n<p><strong class=\"diks-storyline__impact\">Ensimm\u00e4iset<\/strong> talkoot pidet\u00e4\u00e4n torstaina 3.\u2009syyskuuta kello 15\u201319 Herrakuntatalon pihalla, osoitteessa Kauppilantie 21. Kaikki kiinnostuneet ovat tervetulleita.<\/p>\n<p>Talkoita j\u00e4rjestet\u00e4\u00e4n ensin syys- ja lokakuun ajan ja jatketaan kev\u00e4\u00e4ll\u00e4 2027.<\/p>\n","protected":false},"excerpt":{"rendered":"Vihdin Herrakunnalle suunnitellaan yhteis\u00f6llisen hy\u00f6typuutarhan perustamista. Herrakuntatalossa pidettiin 25.\u2009elokuuta esittelytilaisuus talkoilla toteutettavan puutarhan rakentamisesta. Hanketta vet\u00e4\u00e4 El\u00e4m\u00e4nitu ry&hellip;\n","protected":false},"author":2,"featured_media":337605,"comment_status":"","ping_status":"","sticky":false,"template":"","format":"standard","meta":{"footnotes":"","_share_on_mastodon":"0"},"categories":[117],"tags":[404,33,31,30,72,476,2369,900,118,32,119,477,534],"class_list":["post-337604","post","type-post","status-publish","format-standard","has-post-thumbnail","category-luonto","tag-elaimet","tag-fi","tag-finland","tag-finnish","tag-luonto","tag-nature","tag-puutarha","tag-ruoka","tag-science","tag-suomi","tag-tiede","tag-wildlife","tag-ymparisto-ja-luonto"],"share_on_mastodon":{"url":"https:\/\/pubeurope.com\/@fi\/117187868555261894","error":""},"_links":{"self":[{"href":"https:\/\/www.europesays.com\/fi\/wp-json\/wp\/v2\/posts\/337604","targetHints":{"allow":["GET"]}}],"collection":[{"href":"https:\/\/www.europesays.com\/fi\/wp-json\/wp\/v2\/posts"}],"about":[{"href":"https:\/\/www.europesays.com\/fi\/wp-json\/wp\/v2\/types\/post"}],"author":[{"embeddable":true,"href":"https:\/\/www.europesays.com\/fi\/wp-json\/wp\/v2\/users\/2"}],"replies":[{"embeddable":true,"href":"https:\/\/www.europesays.com\/fi\/wp-json\/wp\/v2\/comments?post=337604"}],"version-history":[{"count":0,"href":"https:\/\/www.europesays.com\/fi\/wp-json\/wp\/v2\/posts\/337604\/revisions"}],"wp:featuredmedia":[{"embeddable":true,"href":"https:\/\/www.europesays.com\/fi\/wp-json\/wp\/v2\/media\/337605"}],"wp:attachment":[{"href":"https:\/\/www.europesays.com\/fi\/wp-json\/wp\/v2\/media?parent=337604"}],"wp:term":[{"taxonomy":"category","embeddable":true,"href":"https:\/\/www.europesays.com\/fi\/wp-json\/wp\/v2\/categories?post=337604"},{"taxonomy":"post_tag","embeddable":true,"href":"https:\/\/www.europesays.com\/fi\/wp-json\/wp\/v2\/tags?post=337604"}],"curies":[{"name":"wp","href":"https:\/\/api.w.org\/{rel}","templated":true}]}}