{"id":337648,"date":"2026-08-31T04:12:10","date_gmt":"2026-08-31T04:12:10","guid":{"rendered":"https:\/\/www.europesays.com\/fi\/337648\/"},"modified":"2026-08-31T04:12:10","modified_gmt":"2026-08-31T04:12:10","slug":"hovioikeus-antaa-tuomionsa-venalaisen-voislav-tordenin-sotarikossyytteista-uutisia-lyhyesti","status":"publish","type":"post","link":"https:\/\/www.europesays.com\/fi\/337648\/","title":{"rendered":"Hovioikeus antaa tuomionsa ven\u00e4l\u00e4isen Voislav Tordenin sotarikossyytteist\u00e4 | Uutisia lyhyesti"},"content":{"rendered":"<p class=\"aw__sc-1qwuw0s-0 aw__sc-ngllmo-0 epAWpq fzYpjk yle__article__paragraph\">Helsingin hovioikeus antaa t\u00e4n\u00e4\u00e4n tuomionsa It\u00e4-Ukrainassa syyskuussa 2014 tapahtuneista ep\u00e4illyist\u00e4 sotarikoksista. Syytteiss\u00e4 on kyse Luhanskin alueella tehdyst\u00e4 v\u00e4ijytyksest\u00e4 ja sen j\u00e4lkeisist\u00e4 tapahtumista, joissa tapettiin 22 ukrainalaissotilasta.<\/p>\n<p class=\"aw__sc-1qwuw0s-0 aw__sc-ngllmo-0 epAWpq fzYpjk yle__article__paragraph\">K\u00e4r\u00e4j\u00e4oikeus tuomitsi aiemmin ven\u00e4l\u00e4isen <strong class=\"aw__sc-ngllmo-2 gdRrun yle__article__strong\">Voislav Tordenin<\/strong> nelj\u00e4st\u00e4 sotarikoksesta elinkautiseen vankeuteen. Oikeuden mukaan Torden kuului Rusitsh-taistelijaryhm\u00e4\u00e4n, joka osallistui aseelliseen hy\u00f6kk\u00e4ykseen ukrainalaissotilaita vastaan.<\/p>\n<p class=\"aw__sc-1qwuw0s-0 aw__sc-ngllmo-0 epAWpq fzYpjk yle__article__paragraph\">Syytt\u00e4j\u00e4t vaativat my\u00f6s hovissa Tordenille elinkautista. Torden kiist\u00e4\u00e4 kaikki syytteet.<\/p>\n","protected":false},"excerpt":{"rendered":"Helsingin hovioikeus antaa t\u00e4n\u00e4\u00e4n tuomionsa It\u00e4-Ukrainassa syyskuussa 2014 tapahtuneista ep\u00e4illyist\u00e4 sotarikoksista. Syytteiss\u00e4 on kyse Luhanskin alueella tehdyst\u00e4 v\u00e4ijytyksest\u00e4&hellip;\n","protected":false},"author":2,"featured_media":337649,"comment_status":"","ping_status":"","sticky":false,"template":"","format":"standard","meta":{"footnotes":"","_share_on_mastodon":"0"},"categories":[5],"tags":[22,23,16920,26,27,33,31,30,17,8792,71,24,25,15049,28,29,15,2098,18,21,581,4716,32,19,20,1727,1303,16,8170],"class_list":["post-337648","post","type-post","status-publish","format-standard","has-post-thumbnail","category-otsikot","tag-breaking-news","tag-breakingnews","tag-elinkautinen-vankeus","tag-featured-news","tag-featurednews","tag-fi","tag-finland","tag-finnish","tag-headlines","tag-helsingin-hovioikeus","tag-kotimaa","tag-latest-news","tag-latestnews","tag-luhanskin-alue","tag-main-news","tag-mainnews","tag-news","tag-oikeudenkaynnit","tag-otsikot","tag-paauutiset","tag-rikokset","tag-sotarikokset","tag-suomi","tag-top-stories","tag-topstories","tag-tuomiot","tag-ukraina","tag-uutiset","tag-vankeus"],"share_on_mastodon":{"url":"https:\/\/pubeurope.com\/@fi\/117188175098702047","error":""},"_links":{"self":[{"href":"https:\/\/www.europesays.com\/fi\/wp-json\/wp\/v2\/posts\/337648","targetHints":{"allow":["GET"]}}],"collection":[{"href":"https:\/\/www.europesays.com\/fi\/wp-json\/wp\/v2\/posts"}],"about":[{"href":"https:\/\/www.europesays.com\/fi\/wp-json\/wp\/v2\/types\/post"}],"author":[{"embeddable":true,"href":"https:\/\/www.europesays.com\/fi\/wp-json\/wp\/v2\/users\/2"}],"replies":[{"embeddable":true,"href":"https:\/\/www.europesays.com\/fi\/wp-json\/wp\/v2\/comments?post=337648"}],"version-history":[{"count":0,"href":"https:\/\/www.europesays.com\/fi\/wp-json\/wp\/v2\/posts\/337648\/revisions"}],"wp:featuredmedia":[{"embeddable":true,"href":"https:\/\/www.europesays.com\/fi\/wp-json\/wp\/v2\/media\/337649"}],"wp:attachment":[{"href":"https:\/\/www.europesays.com\/fi\/wp-json\/wp\/v2\/media?parent=337648"}],"wp:term":[{"taxonomy":"category","embeddable":true,"href":"https:\/\/www.europesays.com\/fi\/wp-json\/wp\/v2\/categories?post=337648"},{"taxonomy":"post_tag","embeddable":true,"href":"https:\/\/www.europesays.com\/fi\/wp-json\/wp\/v2\/tags?post=337648"}],"curies":[{"name":"wp","href":"https:\/\/api.w.org\/{rel}","templated":true}]}}