{"id":337662,"date":"2026-08-31T04:43:16","date_gmt":"2026-08-31T04:43:16","guid":{"rendered":"https:\/\/www.europesays.com\/fi\/337662\/"},"modified":"2026-08-31T04:43:16","modified_gmt":"2026-08-31T04:43:16","slug":"maastopaloihin-varaudutaan-euroopassa-entista-paremmin-mutta-siita-seuraa-uusi-ongelma-palot-ovat-entista-pahempia-ulkomaat","status":"publish","type":"post","link":"https:\/\/www.europesays.com\/fi\/337662\/","title":{"rendered":"Maastopaloihin varaudutaan Euroopassa entist\u00e4 paremmin, mutta siit\u00e4 seuraa uusi ongelma: palot ovat entist\u00e4 pahempia | Ulkomaat"},"content":{"rendered":"<ul class=\"aw__sc-1yb43iq-0 gFXHv yle__article__list yle__article__list--ul\">\n<li class=\"aw__sc-1yb43iq-1 gVAzbt\">Maastopalojen polttama alue Euroopassa kasvaa t\u00e4ll\u00e4 vuosisadalla v\u00e4hint\u00e4\u00e4n 39 prosenttia ilmastonmuutoksen vuoksi, kertoo tuore tutkimus.<\/li>\n<li class=\"aw__sc-1yb43iq-1 gVAzbt\">Etel\u00e4-Euroopassa paloja on v\u00e4hemm\u00e4n kuin ennen, mutta ne kasvavat herkemmin tuhoisiksi. Syyn\u00e4 on paloalttiuden kasvaminen yhdistettyn\u00e4 suureen palokuormaan.<\/li>\n<li class=\"aw__sc-1yb43iq-1 gVAzbt\">Suomessakin riskit laajoille, tuhoisille maastopaloille kasvavat. Palonhallinta ei voi korvata ilmastonmuutoksen hillint\u00e4\u00e4.<\/li>\n<\/ul>\n<p class=\"aw__sc-1qwuw0s-0 aw__sc-ngllmo-0 epAWpq fzYpjk yle__article__paragraph\">Eurooppaa ovat viime vuosina koetelleet <a class=\"aw__sc-ngllmo-1 bTDnwX yle__article__link\" href=\"https:\/\/yle.fi\/a\/74-20241079\" role=\"link\" rel=\"nofollow noopener\" target=\"_blank\">laajimmat maastopalot<\/a> pariin vuosikymmeneen. Kuluneen kes\u00e4n palot ovat kolmanneksi laajimmat 21 vuoteen, suurimmat koettiin viime vuonna.<\/p>\n<p class=\"aw__sc-1qwuw0s-0 aw__sc-ngllmo-0 epAWpq fzYpjk yle__article__paragraph\">Ilmastonmuutoksen seurauksena maastopalojen vuosittain polttama alue Euroopassa kasvaa t\u00e4ll\u00e4 vuosisadalla ainakin 39 prosenttia nykyisest\u00e4, ennustaa elokuun loppupuolella <a class=\"aw__sc-ngllmo-1 bTDnwX yle__article__link\" href=\"https:\/\/onlinelibrary.wiley.com\/doi\/10.1111\/gcb.71043\" role=\"link\" rel=\"nofollow noopener\" target=\"_blank\">Global Change Biology -tiedejulkaisussa<\/a> julkaistu tutkimus.<\/p>\n<p><img decoding=\"async\" alt=\"Suuri mets\u00e4palo roihuaa mets\u00e4n keskell\u00e4, liekit ja savu t\u00e4ytt\u00e4v\u00e4t taivaan.\" src=\"https:\/\/www.europesays.com\/fi\/wp-content\/uploads\/2026\/08\/1787914858.jpeg\" loading=\"lazy\" class=\"aw__sc-dklauk-0 LPzKX\"\/><\/p>\n<p>Avaa kuvien katselu<\/p>\n<p>Suuri mets\u00e4palo roihusi l\u00e4hell\u00e4 Kroatian Spliti\u00e4 14. elokuuta. Kuva: Miroslav Lelas \/ AFP<\/p>\n<p class=\"aw__sc-1qwuw0s-0 aw__sc-ngllmo-0 epAWpq fzYpjk yle__article__paragraph\">Tutkimuksen mukaan paloista koituvia vahinkoja voidaan v\u00e4hent\u00e4\u00e4, jos paremman varautumisen lis\u00e4ksi samaan aikaan tehd\u00e4\u00e4n tehokkaita ilmastotoimia.<\/p>\n<p class=\"aw__sc-1qwuw0s-0 aw__sc-ngllmo-0 epAWpq fzYpjk yle__article__paragraph\">\u2013 Satsaukset palonhallintaan voivat auttaa tiettyyn pisteeseen asti, mutta suuret p\u00e4\u00e4st\u00f6t johtavat maastopalojen suureen kasvuun, sanoo tutkimusta johtanut saksalaisen ilmastotutkimuslaitoksen tutkija <strong class=\"aw__sc-ngllmo-2 gdRrun yle__article__strong\">Maik Billing<\/strong> <a class=\"aw__sc-ngllmo-1 bTDnwX yle__article__link\" href=\"https:\/\/www.theguardian.com\/world\/2026\/aug\/20\/wildfires-europe-increase-climate-scenario-study\" role=\"link\" rel=\"nofollow noopener\" target=\"_blank\">The Guardian -lehdelle<\/a>.<\/p>\n<p class=\"aw__sc-1qwuw0s-0 aw__sc-ngllmo-0 epAWpq fzYpjk yle__article__paragraph\"><strong class=\"aw__sc-ngllmo-2 gdRrun yle__article__strong\">Grafiikka n\u00e4ytt\u00e4\u00e4, miten paljon maastoa EU:ssa on t\u00e4h\u00e4n menness\u00e4 t\u00e4t\u00e4 vuotta palanut verrattuna edellisten 20 vuoden kumulatiiviseen keskiarvoon.<\/strong><\/p>\n<p class=\"aw__sc-1qwuw0s-0 aw__sc-ngllmo-0 epAWpq fzYpjk yle__article__paragraph\">Varjostettu alue n\u00e4ytt\u00e4\u00e4, ett\u00e4 vaihtelu on eri vuosina ollut suurta. Eniten maastoa on palanut vuonna 2025, toiseksi eniten 2022, ja v\u00e4hiten 2008.<\/p>\n<p>Paloja on v\u00e4hemm\u00e4n, mutta ne ovat tuhoisampia<\/p>\n<p class=\"aw__sc-1qwuw0s-0 aw__sc-ngllmo-0 epAWpq fzYpjk yle__article__paragraph\">Hein\u00e4kuun lopulla toinen, <a class=\"aw__sc-ngllmo-1 bTDnwX yle__article__link\" href=\"https:\/\/www.nature.com\/articles\/s41598-026-61756-4\" role=\"link\" rel=\"nofollow noopener\" target=\"_blank\">Scientific Reports -tiedejulkaisussa<\/a> julkaistu tutkimus analysoi maastopalodataa useissa Etel\u00e4-Euroopan maissa pidemm\u00e4lt\u00e4 aikav\u00e4lilt\u00e4, vuosilta 1981\u20132025.<\/p>\n<p class=\"aw__sc-1qwuw0s-0 aw__sc-ngllmo-0 epAWpq fzYpjk yle__article__paragraph\">Tutkimuksen mukaan maastopaloille alttiiden kes\u00e4p\u00e4ivien m\u00e4\u00e4r\u00e4 on t\u00e4ll\u00e4 ajanjaksolla yli kaksinkertaistunut ilmastonmuutoksen seurauksena.<\/p>\n<p class=\"aw__sc-1qwuw0s-0 aw__sc-ngllmo-0 epAWpq fzYpjk yle__article__paragraph\">Paloja on kuitenkin ollut viime vuosina keskim\u00e4\u00e4rin v\u00e4hemm\u00e4n kuin aikav\u00e4lill\u00e4 1981\u20132010.<\/p>\n<p class=\"aw__sc-1qwuw0s-0 aw__sc-ngllmo-0 epAWpq fzYpjk yle__article__paragraph\">Syyksi tutkimuksessa nimet\u00e4\u00e4n se, ett\u00e4 paloihin osataan varautua aiempaa paremmin ja niit\u00e4 osataan torjua entist\u00e4 tehokkaammin.<\/p>\n<p>Maastopalot roihusivat ymp\u00e4ri Espanjaa hein\u00e4kuun lopulla.<\/p>\n<p class=\"aw__sc-1qwuw0s-0 aw__sc-ngllmo-0 epAWpq fzYpjk yle__article__paragraph\">P\u00e4\u00e4telm\u00e4 kuulostaa uskottavalta Ilmatieteen laitoksen meteorologi <strong class=\"aw__sc-ngllmo-2 gdRrun yle__article__strong\">Ilari Lehtosesta<\/strong>, joka on tutkinut maastopaloja ja niille altistavia ilmastotekij\u00f6it\u00e4.<\/p>\n<p class=\"aw__sc-1qwuw0s-0 aw__sc-ngllmo-0 epAWpq fzYpjk yle__article__paragraph\">\u2013 Etel\u00e4-Euroopassa palojen m\u00e4\u00e4r\u00e4 on todenn\u00e4k\u00f6isesti laskenut siksi, ett\u00e4 tilanne on koettu ongelmaksi ja siell\u00e4 on kiinnitetty aiempaa enemm\u00e4n huomiota varautumiseen ja ihmisten tietoisuuden lis\u00e4\u00e4miseen, Lehtonen sanoo Ylelle.<\/p>\n<p class=\"aw__sc-1qwuw0s-0 aw__sc-ngllmo-0 epAWpq fzYpjk yle__article__paragraph\">Ilmastonmuutoksen vuoksi olosuhteet ovat kuitenkin samaan aikaan muuttuneet entist\u00e4 vaikeammiksi.<\/p>\n<p class=\"aw__sc-1qwuw0s-0 aw__sc-ngllmo-0 epAWpq fzYpjk yle__article__paragraph\">\u2013 Sen vuoksi nyky\u00e4\u00e4n on enemm\u00e4n hallitsemattomia, nopeasti etenevi\u00e4 ja suureksi kasvavia paloja, vaikka kokonaism\u00e4\u00e4r\u00e4 olisikin pienempi.<\/p>\n<p>Tuhoisat maastopalot riehuivat Ranskassa Bordeaux&#8217;n l\u00e4hell\u00e4 hein\u00e4kuun lopulla.<\/p>\n<p class=\"aw__sc-1qwuw0s-0 aw__sc-ngllmo-0 epAWpq fzYpjk yle__article__paragraph\">Koska maata palaa tehostuneen palonhallinnan vuoksi v\u00e4hemm\u00e4n, maastoon ehtii kasvaa paljon palokuormaa eli palavaa ainesta.<\/p>\n<p class=\"aw__sc-1qwuw0s-0 aw__sc-ngllmo-0 epAWpq fzYpjk yle__article__paragraph\">Kun viel\u00e4 ilmastonmuutos kasvattaa paloalttiiden p\u00e4ivien m\u00e4\u00e4r\u00e4\u00e4, maasto roihuaa paljon aiempaa voimakkaammin ja tuhoisammin.<\/p>\n<p class=\"aw__sc-1qwuw0s-0 aw__sc-ngllmo-0 epAWpq fzYpjk yle__article__paragraph\">\u2013 T\u00e4m\u00e4 \u201dtukahduttamisparadoksi\u201d luo olosuhteet, joissa maastopaloja syttyy harvemmin, mutta ne kasvavat herkemmin tuhoisiksi suurpaloiksi, Scientific Reportsissa julkaistussa tutkimuksessa kirjoitetaan.<\/p>\n<p class=\"aw__sc-1qwuw0s-0 aw__sc-ngllmo-0 epAWpq fzYpjk yle__article__paragraph\">Tutkijat suosittelevat osana varautumista, ett\u00e4 pienempien palojen annetaan palaa hallitusti.<\/p>\n<p><img decoding=\"async\" alt=\"Suuri mets\u00e4palo roihuaa mets\u00e4n keskell\u00e4, liekit ja savu t\u00e4ytt\u00e4v\u00e4t taivaan.\" src=\"https:\/\/www.europesays.com\/fi\/wp-content\/uploads\/2026\/08\/1787914859.jpeg\" loading=\"lazy\" class=\"aw__sc-dklauk-0 LPzKX\"\/><\/p>\n<p>Avaa kuvien katselu<\/p>\n<p>Palomiehet sammuttivat maastopaloa Luoteis-Espanjassa 18. elokuuta. Kuva: Pedro Pascual Garcia \/ AOPSuomessa maastopalojen m\u00e4\u00e4r\u00e4 pysynyt vakaana<\/p>\n<p class=\"aw__sc-1qwuw0s-0 aw__sc-ngllmo-0 epAWpq fzYpjk yle__article__paragraph\">Lehtonen oli mukana Ilmatieteen laitoksen taannoisessa <a class=\"aw__sc-ngllmo-1 bTDnwX yle__article__link\" href=\"https:\/\/helda.helsinki.fi\/items\/962003d1-c603-4361-8e31-56dac0e09c1a\" role=\"link\" rel=\"nofollow noopener\" target=\"_blank\">hankkeessa, jossa tutkittiin<\/a> ilmastonmuutoksen ja mets\u00e4nhoidon vaikutuksia maastopaloihin Suomessa ja l\u00e4hialueilla.<\/p>\n<p class=\"aw__sc-1qwuw0s-0 aw__sc-ngllmo-0 epAWpq fzYpjk yle__article__paragraph\">Suomessa maastopalojen laajuus on pysynyt viime vuosikymmenet keskim\u00e4\u00e4rin samalla, suhteellisen alhaisella tasolla.<\/p>\n<p class=\"aw__sc-1qwuw0s-0 aw__sc-ngllmo-0 epAWpq fzYpjk yle__article__paragraph\">Lehtosen mukaan ilmasto-olosuhteet eiv\u00e4t ole viel\u00e4 Suomessa muuttuneet yht\u00e4 merkitt\u00e4v\u00e4sti kuin Etel\u00e4-Euroopassa. Toisaalta maastopaloihin varautuminen on h\u00e4nen mukaansa ollut Suomessa tasaisen hyv\u00e4ll\u00e4 tasolla.<\/p>\n<p class=\"aw__sc-1qwuw0s-0 aw__sc-ngllmo-0 epAWpq fzYpjk yle__article__paragraph\">Lehtonen muistuttaa, miten jopa Yhdysvaltain presidentti <strong class=\"aw__sc-ngllmo-2 gdRrun yle__article__strong\">Donald Trump<\/strong> ihasteli ensimm\u00e4isell\u00e4 kaudellaan suomalaista mets\u00e4nhoitoa. H\u00e4n kehui, miten Suomessa <a class=\"aw__sc-ngllmo-1 bTDnwX yle__article__link\" href=\"https:\/\/yle.fi\/a\/3-10513657\" role=\"link\" rel=\"nofollow noopener\" target=\"_blank\">\u201dharavoidaan ja siivotaan metsi\u00e4\u201d<\/a> maastopalojen ehk\u00e4isemiseksi.<\/p>\n<p class=\"aw__sc-1qwuw0s-0 aw__sc-ngllmo-0 epAWpq fzYpjk yle__article__paragraph\">\u2013 Trump viittasi siihen, ett\u00e4 mets\u00e4\u00e4n ei j\u00e4tet\u00e4 ylim\u00e4\u00e4r\u00e4ist\u00e4 palavaa materiaalia ja hakkuut\u00e4hteit\u00e4. H\u00e4nell\u00e4 oli siin\u00e4 oma pointtinsa, vaikka terminologia ei ollut ihan t\u00e4sm\u00e4llist\u00e4, Lehtonen sanoo.<\/p>\n<p><img decoding=\"async\" alt=\"Palomies seisoo savuisella pellolla sammuttamassa korkeita liekkej\u00e4, taustalla puita ja sakeaa savua.\" src=\"https:\/\/www.europesays.com\/fi\/wp-content\/uploads\/2026\/08\/1787914847.jpeg\" loading=\"lazy\" class=\"aw__sc-dklauk-0 LPzKX\"\/><\/p>\n<p>Avaa kuvien katselu<\/p>\n<p>Maastopaloa yritettiin sammutta Ateenan l\u00e4hell\u00e4 Kreikassa 2. elokuuta. Kuva: Aris Oikonomou \/ AFP<\/p>\n<p class=\"aw__sc-1qwuw0s-0 aw__sc-ngllmo-0 epAWpq fzYpjk yle__article__paragraph\">Suomessa pienet, paikalliset palontorjuntayksik\u00f6t ja vapaapalokunnat mahdollistavat Lehtosen mukaan osaltaan sen, ett\u00e4 alkaviin maastopaloihin pystyt\u00e4\u00e4n reagoimaan nopeasti.<\/p>\n<p class=\"aw__sc-1qwuw0s-0 aw__sc-ngllmo-0 epAWpq fzYpjk yle__article__paragraph\">\u2013 Kriittisint\u00e4 maastopalojen hallinnassa on se, kuinka nopeasti syttymisen j\u00e4lkeen palopaikalle p\u00e4\u00e4st\u00e4\u00e4n. Kaikki palot ovat alkuvaiheessa pieni\u00e4, ja jos ne pystyt\u00e4\u00e4n sammuttamaan silloin, ne eiv\u00e4t p\u00e4\u00e4se kasvamaan laajoiksi, Lehtonen sanoo.<\/p>\n<p class=\"aw__sc-1qwuw0s-0 aw__sc-ngllmo-0 epAWpq fzYpjk yle__article__paragraph\">Pidemm\u00e4ll\u00e4 aikav\u00e4lill\u00e4, kun Suomen maaseudun v\u00e4kim\u00e4\u00e4r\u00e4 jatkaa v\u00e4henemist\u00e4\u00e4n, nykyisenkaltaista paikallistason varautumista ei Lehtosen mukaan en\u00e4\u00e4 pystyt\u00e4 v\u00e4ltt\u00e4m\u00e4tt\u00e4 yll\u00e4pit\u00e4m\u00e4\u00e4n. T\u00e4m\u00e4 voi hidastaa reagointia maastopaloihin.<\/p>\n<p class=\"aw__sc-1qwuw0s-0 aw__sc-ngllmo-0 epAWpq fzYpjk yle__article__paragraph\">Samaan aikaan ilmastonmuutos muokkaa olosuhteita Suomessakin suuntaan, joka kohottaa tuhoisien maastopalojen riski\u00e4.<\/p>\n<p><img decoding=\"async\" alt=\"Palomies seisoo savuisella mets\u00e4aukiolla k\u00e4dess\u00e4\u00e4n radiopuhelin ja laite, taustalla n\u00e4kyy puita.\" src=\"https:\/\/www.europesays.com\/fi\/wp-content\/uploads\/2026\/08\/1788151396_820_1787914847.jpeg\" loading=\"lazy\" class=\"aw__sc-dklauk-0 LPzKX\"\/><\/p>\n<p>Avaa kuvien katselu<\/p>\n<p>Maasto savusi Vallonian alueella Belgiassa 18. elokuuta. Kuva: John Thys \/ AFPSuomelle oppia Etel\u00e4-Euroopasta<\/p>\n<p class=\"aw__sc-1qwuw0s-0 aw__sc-ngllmo-0 epAWpq fzYpjk yle__article__paragraph\">Viimeksi Suomessa koettiin laaja ja tuhoisa maastopalo <a class=\"aw__sc-ngllmo-1 bTDnwX yle__article__link\" href=\"https:\/\/yle.fi\/a\/3-12044893\" role=\"link\" rel=\"nofollow noopener\" target=\"_blank\">Kalajoella kes\u00e4ll\u00e4 2021<\/a>. Yksi sen syist\u00e4 oli Lehtosen mukaan ojitettu turvemaa, joka on Suomessa yleist\u00e4 ja joka kuivana kes\u00e4n\u00e4 palaa eritt\u00e4in herk\u00e4sti.<\/p>\n<p class=\"aw__sc-1qwuw0s-0 aw__sc-ngllmo-0 epAWpq fzYpjk yle__article__paragraph\">\u2013 Tulevaisuudessa on kasvava riski, ett\u00e4 kuivina kesin\u00e4 ojitetuista turvemaista voi tulla hyvin paloalttiita kohteita, joita on todella vaikea sammuttaa, h\u00e4n sanoo.<\/p>\n<p class=\"aw__sc-1qwuw0s-0 aw__sc-ngllmo-0 epAWpq fzYpjk yle__article__paragraph\">Suomesta on jo <a class=\"aw__sc-ngllmo-1 bTDnwX yle__article__link\" href=\"https:\/\/yle.fi\/a\/74-20240281\" role=\"link\" rel=\"nofollow noopener\" target=\"_blank\">haettu maastopalojen torjuntaan oppia Etel\u00e4-Euroopasta<\/a>, jossa on viime vuosina ollut kova tarve kehitt\u00e4\u00e4 uusia varautumismenetelmi\u00e4.<\/p>\n<p class=\"aw__sc-1qwuw0s-0 aw__sc-ngllmo-0 epAWpq fzYpjk yle__article__paragraph\">Lehtonen pit\u00e4\u00e4 selv\u00e4n\u00e4, ett\u00e4 olosuhteiden heikentyess\u00e4 ty\u00f6sarkaa riitt\u00e4\u00e4 ymp\u00e4ri Eurooppaa.<\/p>\n<p class=\"aw__sc-1qwuw0s-0 aw__sc-ngllmo-0 epAWpq fzYpjk yle__article__paragraph\">\u2013 Varautuminen ei selv\u00e4sti ole riitt\u00e4v\u00e4ll\u00e4 tasolla, jos ajattelee sit\u00e4, millaisia uutisia t\u00e4n\u00e4kin kes\u00e4n\u00e4 on n\u00e4ist\u00e4 maista ollut.<\/p>\n","protected":false},"excerpt":{"rendered":"Maastopalojen polttama alue Euroopassa kasvaa t\u00e4ll\u00e4 vuosisadalla v\u00e4hint\u00e4\u00e4n 39 prosenttia ilmastonmuutoksen vuoksi, kertoo tuore tutkimus. Etel\u00e4-Euroopassa paloja on&hellip;\n","protected":false},"author":2,"featured_media":337663,"comment_status":"","ping_status":"","sticky":false,"template":"","format":"standard","meta":{"footnotes":"","_share_on_mastodon":"0"},"categories":[113],"tags":[446,1617,2267,33,31,30,1096,1776,6017,72,3350,27165,823,837,710,118,32,119,1265,56,447],"class_list":["post-337662","post","type-post","status-publish","format-standard","has-post-thumbnail","category-ymparisto","tag-environment","tag-euroopan-unioni","tag-eurooppa","tag-fi","tag-finland","tag-finnish","tag-ilmasto","tag-ilmastonmuutos","tag-kuivuus","tag-luonto","tag-maastopalot","tag-metsapalot","tag-metsat","tag-onnettomuudet","tag-saa","tag-science","tag-suomi","tag-tiede","tag-tulipalot","tag-ulkomaat","tag-ymparisto"],"share_on_mastodon":{"url":"https:\/\/pubeurope.com\/@fi\/117188297383286583","error":""},"_links":{"self":[{"href":"https:\/\/www.europesays.com\/fi\/wp-json\/wp\/v2\/posts\/337662","targetHints":{"allow":["GET"]}}],"collection":[{"href":"https:\/\/www.europesays.com\/fi\/wp-json\/wp\/v2\/posts"}],"about":[{"href":"https:\/\/www.europesays.com\/fi\/wp-json\/wp\/v2\/types\/post"}],"author":[{"embeddable":true,"href":"https:\/\/www.europesays.com\/fi\/wp-json\/wp\/v2\/users\/2"}],"replies":[{"embeddable":true,"href":"https:\/\/www.europesays.com\/fi\/wp-json\/wp\/v2\/comments?post=337662"}],"version-history":[{"count":0,"href":"https:\/\/www.europesays.com\/fi\/wp-json\/wp\/v2\/posts\/337662\/revisions"}],"wp:featuredmedia":[{"embeddable":true,"href":"https:\/\/www.europesays.com\/fi\/wp-json\/wp\/v2\/media\/337663"}],"wp:attachment":[{"href":"https:\/\/www.europesays.com\/fi\/wp-json\/wp\/v2\/media?parent=337662"}],"wp:term":[{"taxonomy":"category","embeddable":true,"href":"https:\/\/www.europesays.com\/fi\/wp-json\/wp\/v2\/categories?post=337662"},{"taxonomy":"post_tag","embeddable":true,"href":"https:\/\/www.europesays.com\/fi\/wp-json\/wp\/v2\/tags?post=337662"}],"curies":[{"name":"wp","href":"https:\/\/api.w.org\/{rel}","templated":true}]}}