{"id":337666,"date":"2026-08-31T04:53:11","date_gmt":"2026-08-31T04:53:11","guid":{"rendered":"https:\/\/www.europesays.com\/fi\/337666\/"},"modified":"2026-08-31T04:53:11","modified_gmt":"2026-08-31T04:53:11","slug":"veronica-verho-on-uusi-ttk-juontaja-uutissuomalainen","status":"publish","type":"post","link":"https:\/\/www.europesays.com\/fi\/337666\/","title":{"rendered":"Veronica Verho on uusi TTK-juontaja | Uutissuomalainen"},"content":{"rendered":"<p>Tv:st\u00e4 ja radiosta tuttu<strong> Veronica Verho <\/strong>on uusi Tanssii T\u00e4htien Kanssa -ohjelman juontaja, MTV paljastaa.<\/p>\n<p>H\u00e4n tulee juontamaan yhdess\u00e4 <strong>Ernest Lawsonin<\/strong> kanssa tulevan kauden, joka alkaa ensi sunnuntaina 6. syyskuuta. Ohjelman juontajakonkari <strong>Vappu Pimi\u00e4<\/strong> j\u00e4tti TTK:n viime syksyn\u00e4, mink\u00e4 j\u00e4lkeen spekulaatiot uudesta juontajasta kiihtyiv\u00e4t.<\/p>\n<p>Verho on innoissaan tulevasta juontopestist\u00e4.<\/p>\n<p>\u2013\u2009TTK:ssa aloittaminen tuntuu todella hyv\u00e4lt\u00e4! Olen innoissani, koska olen unelmoinut t\u00e4st\u00e4. Juontajan paikka on ollut pitk\u00e4\u00e4n salaisella toivelistallani, Verho kertoo MTV:n tiedotteessa.<\/p>\n<p>Verho osallistui itse TTK:n 12. kaudelle t\u00e4htioppilaana.<\/p>\n<p>\u2013\u2009Pystyn samaistumaan siihen kihelm\u00f6iv\u00e4\u00e4n j\u00e4nnitykseen, ja on ihanaa seurata t\u00e4htioppilaiden kehityskaarta. Ekassa livess\u00e4 kaikki ovat ensimm\u00e4ist\u00e4 kertaa \u2013 min\u00e4kin, ja p\u00e4\u00e4semme jakamaan yhdess\u00e4 sen mielett\u00f6m\u00e4n kokemuksen.<\/p>\n<p>Verho ty\u00f6skentelee t\u00e4ll\u00e4 hetkell\u00e4 Radio Novan iltap\u00e4iv\u00e4ss\u00e4 ja juontaa TTK:n lis\u00e4ksi MTV:n Koko Suomi Leipoo -ohjelmaa.<\/p>\n","protected":false},"excerpt":{"rendered":"Tv:st\u00e4 ja radiosta tuttu Veronica Verho on uusi Tanssii T\u00e4htien Kanssa -ohjelman juontaja, MTV paljastaa. H\u00e4n tulee juontamaan&hellip;\n","protected":false},"author":2,"featured_media":337667,"comment_status":"","ping_status":"","sticky":false,"template":"","format":"standard","meta":{"footnotes":"","_share_on_mastodon":"0"},"categories":[133],"tags":[137,33,31,30,6048,979,1999,32,206,2140,140,139,2581,156,109],"class_list":["post-337666","post","type-post","status-publish","format-standard","has-post-thumbnail","category-televisiot","tag-entertainment","tag-fi","tag-finland","tag-finnish","tag-juontaja","tag-sahkoinen-media","tag-suomalaiset-tv-ohjelmat","tag-suomi","tag-televisiot","tag-tosi-tv-ohjelmat","tag-tv-ja-elokuvat","tag-tv-ohjelmat","tag-tv-2010-luku","tag-tv","tag-viihde"],"share_on_mastodon":{"url":"https:\/\/pubeurope.com\/@fi\/117188336363529942","error":""},"_links":{"self":[{"href":"https:\/\/www.europesays.com\/fi\/wp-json\/wp\/v2\/posts\/337666","targetHints":{"allow":["GET"]}}],"collection":[{"href":"https:\/\/www.europesays.com\/fi\/wp-json\/wp\/v2\/posts"}],"about":[{"href":"https:\/\/www.europesays.com\/fi\/wp-json\/wp\/v2\/types\/post"}],"author":[{"embeddable":true,"href":"https:\/\/www.europesays.com\/fi\/wp-json\/wp\/v2\/users\/2"}],"replies":[{"embeddable":true,"href":"https:\/\/www.europesays.com\/fi\/wp-json\/wp\/v2\/comments?post=337666"}],"version-history":[{"count":0,"href":"https:\/\/www.europesays.com\/fi\/wp-json\/wp\/v2\/posts\/337666\/revisions"}],"wp:featuredmedia":[{"embeddable":true,"href":"https:\/\/www.europesays.com\/fi\/wp-json\/wp\/v2\/media\/337667"}],"wp:attachment":[{"href":"https:\/\/www.europesays.com\/fi\/wp-json\/wp\/v2\/media?parent=337666"}],"wp:term":[{"taxonomy":"category","embeddable":true,"href":"https:\/\/www.europesays.com\/fi\/wp-json\/wp\/v2\/categories?post=337666"},{"taxonomy":"post_tag","embeddable":true,"href":"https:\/\/www.europesays.com\/fi\/wp-json\/wp\/v2\/tags?post=337666"}],"curies":[{"name":"wp","href":"https:\/\/api.w.org\/{rel}","templated":true}]}}