{"id":337682,"date":"2026-08-31T05:09:09","date_gmt":"2026-08-31T05:09:09","guid":{"rendered":"https:\/\/www.europesays.com\/fi\/337682\/"},"modified":"2026-08-31T05:09:09","modified_gmt":"2026-08-31T05:09:09","slug":"ymparisto-uusi-kosteikko-parantaa-valkjarven-vedenlaatua-nurmijarvella-tyo-jarven-hyvaksi-jatkuu-paikalliset","status":"publish","type":"post","link":"https:\/\/www.europesays.com\/fi\/337682\/","title":{"rendered":"Ymp\u00e4rist\u00f6 | Uusi kosteikko parantaa Valkj\u00e4rven vedenlaatua Nurmij\u00e4rvell\u00e4 \u2013 ty\u00f6 j\u00e4rven hyv\u00e4ksi jatkuu | Paikalliset"},"content":{"rendered":"<p>Nurmij\u00e4rven Valkj\u00e4rven l\u00e4nsipuolelle Puokkaan on rakennettu uusi, 2,4 hehtaarin laajuinen kosteikko, jonka tavoitteena on parantaa Valkj\u00e4rven vedenlaatua. Kosteikko valmistui hein\u00e4kuussa, kertoo Keski-Uudenmaan Ymp\u00e4rist\u00f6keskus tiedotteessaan.<\/p>\n<p>Kosteikko hidastaa valuma-alueelta tulevan veden virtausta ja pid\u00e4tt\u00e4\u00e4 kiintoainesta sek\u00e4 ravinteita, mik\u00e4 v\u00e4hent\u00e4\u00e4 j\u00e4rveen kohdistuvaa kuormitusta.<\/p>\n<p>Alueen valuma-alueesta puolet on peltoa, ja kosteikon koko suhteessa valuma-alueeseen mahdollistaa tehokkaan veden puhdistumisen.<\/p>\n<p><strong class=\"diks-storyline__impact\">Kosteikossa vesi <\/strong>virtaa hitaasti ja mutkitellen, mik\u00e4 edist\u00e4\u00e4 kiintoaineksen laskeutumista ja fosforin sitoutumista pohjasedimenttiin. Rakenteisiin kuuluvat kivipadot tasaavat virtaamia ja antavat vedelle enemm\u00e4n aikaa puhdistua luonnollisesti.<\/p>\n<p>Kosteikon eri syvyiset alueet luovat monipuolisia elinymp\u00e4rist\u00f6j\u00e4 kasveille ja el\u00e4imille.<\/p>\n<p>Puokan kosteikko on osa laajempaa Valkj\u00e4rven kunnostushanketta, jonka tavoitteena on v\u00e4hent\u00e4\u00e4 j\u00e4rveen kohdistuvaa ulkoista kuormitusta ja parantaa sen ekologista tilaa. Hanketta on rahoittanut ymp\u00e4rist\u00f6ministeri\u00f6.<\/p>\n<p>Vaikka nykyinen hanke p\u00e4\u00e4ttyy syksyll\u00e4 2026, Valkj\u00e4rven hyv\u00e4ksi teht\u00e4v\u00e4 ty\u00f6 Keski-Uudenmaan ymp\u00e4rist\u00f6keskuksessa ja Nurmij\u00e4rven kunnassa jatkuu, tiedotteessa todetaan.<\/p>\n<p>Valkj\u00e4rven ekologinen tila on t\u00e4ll\u00e4 hetkell\u00e4 tyydytt\u00e4v\u00e4.<\/p>\n","protected":false},"excerpt":{"rendered":"Nurmij\u00e4rven Valkj\u00e4rven l\u00e4nsipuolelle Puokkaan on rakennettu uusi, 2,4 hehtaarin laajuinen kosteikko, jonka tavoitteena on parantaa Valkj\u00e4rven vedenlaatua. Kosteikko&hellip;\n","protected":false},"author":2,"featured_media":337683,"comment_status":"","ping_status":"","sticky":false,"template":"","format":"standard","meta":{"footnotes":"","_share_on_mastodon":"0"},"categories":[113],"tags":[29949,446,33,31,30,403,405,72,401,402,118,32,119,447,534],"class_list":["post-337682","post","type-post","status-publish","format-standard","has-post-thumbnail","category-ymparisto","tag-ai-uutiset","tag-environment","tag-fi","tag-finland","tag-finnish","tag-helsingin-seutu","tag-helsingin-seutukunta","tag-luonto","tag-nurmijarvi","tag-rakentaminen-kiinteistot","tag-science","tag-suomi","tag-tiede","tag-ymparisto","tag-ymparisto-ja-luonto"],"share_on_mastodon":{"url":"https:\/\/pubeurope.com\/@fi\/117188399342889353","error":""},"_links":{"self":[{"href":"https:\/\/www.europesays.com\/fi\/wp-json\/wp\/v2\/posts\/337682","targetHints":{"allow":["GET"]}}],"collection":[{"href":"https:\/\/www.europesays.com\/fi\/wp-json\/wp\/v2\/posts"}],"about":[{"href":"https:\/\/www.europesays.com\/fi\/wp-json\/wp\/v2\/types\/post"}],"author":[{"embeddable":true,"href":"https:\/\/www.europesays.com\/fi\/wp-json\/wp\/v2\/users\/2"}],"replies":[{"embeddable":true,"href":"https:\/\/www.europesays.com\/fi\/wp-json\/wp\/v2\/comments?post=337682"}],"version-history":[{"count":0,"href":"https:\/\/www.europesays.com\/fi\/wp-json\/wp\/v2\/posts\/337682\/revisions"}],"wp:featuredmedia":[{"embeddable":true,"href":"https:\/\/www.europesays.com\/fi\/wp-json\/wp\/v2\/media\/337683"}],"wp:attachment":[{"href":"https:\/\/www.europesays.com\/fi\/wp-json\/wp\/v2\/media?parent=337682"}],"wp:term":[{"taxonomy":"category","embeddable":true,"href":"https:\/\/www.europesays.com\/fi\/wp-json\/wp\/v2\/categories?post=337682"},{"taxonomy":"post_tag","embeddable":true,"href":"https:\/\/www.europesays.com\/fi\/wp-json\/wp\/v2\/tags?post=337682"}],"curies":[{"name":"wp","href":"https:\/\/api.w.org\/{rel}","templated":true}]}}