{"id":337688,"date":"2026-08-31T05:24:11","date_gmt":"2026-08-31T05:24:11","guid":{"rendered":"https:\/\/www.europesays.com\/fi\/337688\/"},"modified":"2026-08-31T05:24:11","modified_gmt":"2026-08-31T05:24:11","slug":"ylen-ohjelman-juontaja-vaihtuu-taas","status":"publish","type":"post","link":"https:\/\/www.europesays.com\/fi\/337688\/","title":{"rendered":"Ylen ohjelman juontaja vaihtuu taas"},"content":{"rendered":"<p>Efter nio jatkuu kes\u00e4tauon j\u00e4lkeen.<\/p>\n<p><img decoding=\"async\" class=\"image image-show image-preview\" src=\"https:\/\/www.europesays.com\/fi\/wp-content\/uploads\/2026\/08\/974cd805c02b35c3661082df89fdfc27cb1bdfa81643c568721e096435d2387a.jpg\" alt=\"\"\/><img decoding=\"async\" class=\"image image-show\" src=\"https:\/\/www.europesays.com\/fi\/wp-content\/uploads\/2026\/08\/1788153851_146_974cd805c02b35c3661082df89fdfc27cb1bdfa81643c568721e096435d2387a.jpg\" alt=\"\"\/><\/p>\n<p>Janne Gr\u00f6nroos juonsi alkuvuoden Efter nioa Eva Kelan (oik.) kanssa. Nyt pari vaihtuu vanhaan tuttuun Sonja Kailassaareen. Frida L\u00f6nnroos, Yle<\/p>\n<p class=\"paragraph\">Kaksikielinen keskusteluohjelma Efter nio palaa ohjelmistoon kes\u00e4tauon j\u00e4lkeen. Samalla toinen juontajista vaihtuu.<\/p>\n<p class=\"paragraph\"><strong>Janne Gr\u00f6nroosin<\/strong> rinnalla n\u00e4hd\u00e4\u00e4n taas <a href=\"https:\/\/www.iltalehti.fi\/henkilot\/Sonja Kailassaari\" class=\"article-link-person-page\" rel=\"nofollow noopener\" target=\"_blank\">Sonja Kailassaari<\/a>. H\u00e4n tekee paluun melkein kahdeksan kuukauden j\u00e4lkeen. <a href=\"https:\/\/www.iltalehti.fi\/viihdeuutiset\/bf17c8a6-a83a-420a-ac3c-e58540088b31\" rel=\"nofollow noopener\" target=\"_blank\">H\u00e4n ilmoitti alkuvuodesta j\u00e4\u00e4v\u00e4ns\u00e4 hoitovapaalle<\/a>. Kailassaarella on kolmevuotias lapsi <strong>Aku Hirviniemen<\/strong> kanssa.<\/p>\n<p class=\"paragraph\">Paussin aikana tv-ruudussa n\u00e4htiin <a href=\"https:\/\/www.iltalehti.fi\/henkilot\/Eva Kela\" class=\"article-link-person-page\" rel=\"nofollow noopener\" target=\"_blank\">Eva Kela<\/a>, joka on tuurannut Kailassaarta my\u00f6s aiemmin. Vuonna 2023 Kailassaari oli vanhempainvapaalla.<\/p>\n<p class=\"paragraph\">Gr\u00f6nroos ja Kailassaari ovat n\u00e4hneet toisiaan ty\u00f6n ulkopuolella hoitovapaan aikanakin. Ensin mainitulla lienee siis jonkinlainen aavistus siit\u00e4, miten kollegan suunnitelmien k\u00e4vi. Ennen tv:st\u00e4 pois j\u00e4\u00e4mist\u00e4\u00e4n Kailassaaren tarkoitus oli pyhitt\u00e4\u00e4 aikaa lukemiselle ja liikunnan harrastamiselle. Lis\u00e4ksi h\u00e4n aikoi aloittaa opiskelun ja hankkia silm\u00e4lasit. Mik\u00e4\u00e4n n\u00e4ist\u00e4 ei kuitenkaan toteutunut.<\/p>\n<p class=\"paragraph\">Paluuseensa Kailassaari suhtautuu my\u00f6nteisesti.<\/p>\n<p class=\"paragraph\">\u2013\u2009Kiva olla takasin. Toivottavasti t\u00e4m\u00e4 l\u00e4htee taas t\u00e4st\u00e4. Pit\u00e4isih\u00e4n sen l\u00e4hte\u00e4. Olen tehnyt t\u00e4t\u00e4 aiemminkin. Vaikka taidan ollakin v\u00e4h\u00e4n ruosteessa, Kailassaari ep\u00e4ilee tv:ss\u00e4.<\/p>\n<p class=\"paragraph\">\u2013\u2009Mutta luotan sinuun, h\u00e4n lausuu Gr\u00f6nroosille.<\/p>\n<p class=\"paragraph\">Gr\u00f6nroosista ja Kailassaaresta tuli juontajapari alun perin vuonna 2021, kun <strong>M\u00e5rten Svartstr\u00f6m<\/strong> j\u00e4tti ohjelman.<\/p>\n<p class=\"paragraph\">Efter nio t\u00e4n\u00e4\u00e4n Teemalla &amp; Femill\u00e4 kello 21.00 &amp; Areenassa. <a href=\"https:\/\/www.iltalehti.fi\/telkku\/\" rel=\"nofollow noopener\" target=\"_blank\">Katso kaikki\u00a0TV-ohjelmat ja l\u00e4hetysajat Telkun TV-oppaasta<\/a>.<\/p>\n","protected":false},"excerpt":{"rendered":"Efter nio jatkuu kes\u00e4tauon j\u00e4lkeen. Janne Gr\u00f6nroos juonsi alkuvuoden Efter nioa Eva Kelan (oik.) kanssa. Nyt pari vaihtuu&hellip;\n","protected":false},"author":2,"featured_media":337689,"comment_status":"","ping_status":"","sticky":false,"template":"","format":"standard","meta":{"footnotes":"","_share_on_mastodon":"0"},"categories":[130],"tags":[35,137,33,31,30,99,100,98,32,140,139,109],"class_list":["post-337688","post","type-post","status-publish","format-standard","has-post-thumbnail","category-viihde","tag-24h","tag-entertainment","tag-fi","tag-finland","tag-finnish","tag-lapset","tag-lapset-ja-nuoret","tag-perhe","tag-suomi","tag-tv-ja-elokuvat","tag-tv-ohjelmat","tag-viihde"],"share_on_mastodon":{"url":"https:\/\/pubeurope.com\/@fi\/117188458183179829","error":""},"_links":{"self":[{"href":"https:\/\/www.europesays.com\/fi\/wp-json\/wp\/v2\/posts\/337688","targetHints":{"allow":["GET"]}}],"collection":[{"href":"https:\/\/www.europesays.com\/fi\/wp-json\/wp\/v2\/posts"}],"about":[{"href":"https:\/\/www.europesays.com\/fi\/wp-json\/wp\/v2\/types\/post"}],"author":[{"embeddable":true,"href":"https:\/\/www.europesays.com\/fi\/wp-json\/wp\/v2\/users\/2"}],"replies":[{"embeddable":true,"href":"https:\/\/www.europesays.com\/fi\/wp-json\/wp\/v2\/comments?post=337688"}],"version-history":[{"count":0,"href":"https:\/\/www.europesays.com\/fi\/wp-json\/wp\/v2\/posts\/337688\/revisions"}],"wp:featuredmedia":[{"embeddable":true,"href":"https:\/\/www.europesays.com\/fi\/wp-json\/wp\/v2\/media\/337689"}],"wp:attachment":[{"href":"https:\/\/www.europesays.com\/fi\/wp-json\/wp\/v2\/media?parent=337688"}],"wp:term":[{"taxonomy":"category","embeddable":true,"href":"https:\/\/www.europesays.com\/fi\/wp-json\/wp\/v2\/categories?post=337688"},{"taxonomy":"post_tag","embeddable":true,"href":"https:\/\/www.europesays.com\/fi\/wp-json\/wp\/v2\/tags?post=337688"}],"curies":[{"name":"wp","href":"https:\/\/api.w.org\/{rel}","templated":true}]}}