{"id":337714,"date":"2026-08-31T06:01:26","date_gmt":"2026-08-31T06:01:26","guid":{"rendered":"https:\/\/www.europesays.com\/fi\/337714\/"},"modified":"2026-08-31T06:01:26","modified_gmt":"2026-08-31T06:01:26","slug":"tammerkosken-luontopolku-tampereen-kaupunki-luonto-ja-ymparisto-luonnossa-liikkuminen","status":"publish","type":"post","link":"https:\/\/www.europesays.com\/fi\/337714\/","title":{"rendered":"Tammerkosken luontopolku [Tampereen kaupunki &#8211; Luonto ja ymp\u00e4rist\u00f6 &#8211; Luonnossa liikkuminen"},"content":{"rendered":"<p>                                                                  Tammerkosken luontopolku kiert\u00e4\u00e4 keskustassa Tammerkosken rannalta Herrainm\u00e4elle ja Wilhelm von Nottbeckin puiston kautta N\u00e4sinpuistoon. Reitin pituus on noin 2,6 kilometri\u00e4 ja sen varrella olevista opastauluista saa tietoa niin linnuista, kasveista, hy\u00f6nteisist\u00e4, kaloista kuin lepakoistakin. Opasteissa kerrotaan my\u00f6s ihmisen vaikutuksesta luontoon. Reitti alkaa museokeskus Vapriikin sis\u00e4pihalta, mutta sit\u00e4 voi l\u00e4hte\u00e4 seuraamaan mist\u00e4 kohtaa vain. Reitill\u00e4 on paikoitellen m\u00e4ki\u00e4 ja portaita N\u00e4sinpuistossa sek\u00e4 Herrainm\u00e4ess\u00e4, mik\u00e4 kannattaa huomioida kulkua suunnitellessa. Huomioithan my\u00f6s talvella liikkuessasi, ett\u00e4 reitti ei ole kaikilta osin talvikunnossapidetty.\n                                                  <\/p>\n<p>P\u00e4ivitetty 23.7.2026<\/p>\n","protected":false},"excerpt":{"rendered":"Tammerkosken luontopolku kiert\u00e4\u00e4 keskustassa Tammerkosken rannalta Herrainm\u00e4elle ja Wilhelm von Nottbeckin puiston kautta N\u00e4sinpuistoon. Reitin pituus on noin&hellip;\n","protected":false},"author":2,"featured_media":337715,"comment_status":"","ping_status":"","sticky":false,"template":"","format":"standard","meta":{"footnotes":"","_share_on_mastodon":"0"},"categories":[113],"tags":[446,33,31,30,118,32,119,447],"class_list":["post-337714","post","type-post","status-publish","format-standard","has-post-thumbnail","category-ymparisto","tag-environment","tag-fi","tag-finland","tag-finnish","tag-science","tag-suomi","tag-tiede","tag-ymparisto"],"share_on_mastodon":{"url":"https:\/\/pubeurope.com\/@fi\/117188603577130874","error":""},"_links":{"self":[{"href":"https:\/\/www.europesays.com\/fi\/wp-json\/wp\/v2\/posts\/337714","targetHints":{"allow":["GET"]}}],"collection":[{"href":"https:\/\/www.europesays.com\/fi\/wp-json\/wp\/v2\/posts"}],"about":[{"href":"https:\/\/www.europesays.com\/fi\/wp-json\/wp\/v2\/types\/post"}],"author":[{"embeddable":true,"href":"https:\/\/www.europesays.com\/fi\/wp-json\/wp\/v2\/users\/2"}],"replies":[{"embeddable":true,"href":"https:\/\/www.europesays.com\/fi\/wp-json\/wp\/v2\/comments?post=337714"}],"version-history":[{"count":0,"href":"https:\/\/www.europesays.com\/fi\/wp-json\/wp\/v2\/posts\/337714\/revisions"}],"wp:featuredmedia":[{"embeddable":true,"href":"https:\/\/www.europesays.com\/fi\/wp-json\/wp\/v2\/media\/337715"}],"wp:attachment":[{"href":"https:\/\/www.europesays.com\/fi\/wp-json\/wp\/v2\/media?parent=337714"}],"wp:term":[{"taxonomy":"category","embeddable":true,"href":"https:\/\/www.europesays.com\/fi\/wp-json\/wp\/v2\/categories?post=337714"},{"taxonomy":"post_tag","embeddable":true,"href":"https:\/\/www.europesays.com\/fi\/wp-json\/wp\/v2\/tags?post=337714"}],"curies":[{"name":"wp","href":"https:\/\/api.w.org\/{rel}","templated":true}]}}