{"id":337716,"date":"2026-08-31T06:11:11","date_gmt":"2026-08-31T06:11:11","guid":{"rendered":"https:\/\/www.europesays.com\/fi\/337716\/"},"modified":"2026-08-31T06:11:11","modified_gmt":"2026-08-31T06:11:11","slug":"selviytyjat-suomi-kaarme-puree-kahta-kilpailijaa","status":"publish","type":"post","link":"https:\/\/www.europesays.com\/fi\/337716\/","title":{"rendered":"Selviytyj\u00e4t Suomi: K\u00e4\u00e4rme puree kahta kilpailijaa"},"content":{"rendered":"<p>\u2013\u2009Her\u00e4sin siihen, ett\u00e4 sattui sikana, Selviytyj\u00e4t-kilpailija sanoo heimolaisilleen tulevassa jaksossa.<\/p>\n<p class=\"article-body mb-(--paragraph-margin-b) px-nof-16\">Selviytyj\u00e4t Suomen tuoreella kaudella kilpailevat jo aiemmin ohjelmassa n\u00e4hdyt kasvot. Malesiassa kuvatun kauden tulevassa jaksossa kaksi kilpailijaa joutuvat hurjaan tilanteeseen. Jakso on jo katsottavissa Ruutu+-palvelussa.<\/p>\n<p class=\"article-body mb-(--paragraph-margin-b) px-nof-16\">Varo juonipaljastuksia!<\/p>\n<p class=\"article-body mb-(--paragraph-margin-b) px-nof-16\">Kabila-heimossa n\u00e4yttelij\u00e4 <a class=\"font-bold underline-offset-[0.12em] [text-decoration:var(--person-link-text-decoration)] [text-decoration-color:var(--person-link-text-decoration-color)]!\" href=\"https:\/\/www.is.fi\/haku\/?query=Eino%20Heiskanen\" rel=\"nofollow noopener\" target=\"_blank\">Eino Heiskanen<\/a> kertoo, ett\u00e4 uusi p\u00e4iv\u00e4 on valjennut kauniina saarelle, mutta edelt\u00e4v\u00e4n y\u00f6n aikana on tapahtunut erikoisia asioita.<\/p>\n<p class=\"article-body mb-(--paragraph-margin-b) px-nof-16\">\u2013\u2009Kahta meid\u00e4n leiril\u00e4ist\u00e4 purtiin y\u00f6ll\u00e4. Emme voi tiet\u00e4\u00e4, mik\u00e4 puri, Heiskanen sanoo.<\/p>\n<p class=\"article-body mb-(--paragraph-margin-b) px-nof-16\">Tuntematon el\u00e4in puri juristi <a class=\"font-bold underline-offset-[0.12em] [text-decoration:var(--person-link-text-decoration)] [text-decoration-color:var(--person-link-text-decoration-color)]!\" href=\"https:\/\/www.is.fi\/haku\/?query=Kasperi%20Kauppista\" rel=\"nofollow noopener\" target=\"_blank\">Kasperi Kauppista<\/a> ja tubettaja<a class=\"font-bold underline-offset-[0.12em] [text-decoration:var(--person-link-text-decoration)] [text-decoration-color:var(--person-link-text-decoration-color)]!\" href=\"https:\/\/www.is.fi\/haku\/?query=%20Roope%20Rannistoa\" rel=\"nofollow noopener\" target=\"_blank\"> Roope Rannistoa<\/a>.<\/p>\n<p class=\"article-body mb-(--paragraph-margin-b) px-nof-16\">\u2013\u2009M\u00e4 her\u00e4sin siihen, ett\u00e4 mua sattui ihan sikana t\u00e4h\u00e4n, Kauppinen n\u00e4ytt\u00e4\u00e4 otsaansa muille kisaajille.<\/p>\n<p class=\"article-body mb-(--paragraph-margin-b) px-nof-16\">Rannistoa el\u00e4in puri vatsaan. Kumpikaan heist\u00e4 ei n\u00e4hnyt heit\u00e4 purrutta el\u00e4int\u00e4.<\/p>\n<p><img decoding=\"async\" src=\"https:\/\/www.europesays.com\/fi\/wp-content\/uploads\/2026\/08\/1788156671_730_468.jpg\" alt=\"Juristi Kasperi Kauppinen n\u00e4ytti strategisia kykyj\u00e4\u00e4n jo ensimm\u00e4isess\u00e4 jaksossa.\" class=\"_Img_1rerz_1\" style=\"aspect-ratio:1920\/1279\" loading=\"eager\"\/><\/p>\n<p class=\"font-(family-name:--picture-caption-font-family) text-(length:--picture-caption-font-size) leading-(--picture-caption-leading) font-(--picture-caption-font-weight) text-(color:--picture-caption-color) picture-with-caption__caption picture-with-caption__caption--default-full\">Juristi Kasperi Kauppinen n\u00e4ytti strategisia kykyj\u00e4\u00e4n jo ensimm\u00e4isess\u00e4 jaksossa.<\/p>\n<p><img decoding=\"async\" src=\"https:\/\/www.europesays.com\/fi\/wp-content\/uploads\/2026\/08\/1788156671_287_468.jpg\" alt=\"Roope Rannisto putosi vuonna 2023 Selviytyjist\u00e4 tuotantokauden alkupuolella. Nyt h\u00e4n on uudestaan kisaamassa ohjelmassa.\" class=\"_Img_1rerz_1\" style=\"aspect-ratio:1920\/1278\" loading=\"eager\"\/><\/p>\n<p class=\"font-(family-name:--picture-caption-font-family) text-(length:--picture-caption-font-size) leading-(--picture-caption-leading) font-(--picture-caption-font-weight) text-(color:--picture-caption-color) picture-with-caption__caption picture-with-caption__caption--default-full\">Roope Rannisto putosi vuonna 2023 Selviytyjist\u00e4 tuotantokauden alkupuolella. Nyt h\u00e4n on uudestaan kisaamassa ohjelmassa.<\/p>\n<p class=\"article-body mb-(--paragraph-margin-b) px-nof-16\">L\u00e4\u00e4k\u00e4ri saapuu jututtamaan kaksikkoa.<\/p>\n<p class=\"article-body mb-(--paragraph-margin-b) px-nof-16\">\u2013\u2009Ajattelemme, ett\u00e4 se saattoi olla k\u00e4\u00e4rmeenpurema. Haluaisimme vied\u00e4 teid\u00e4t tutkimuksiin sairaalaan, l\u00e4\u00e4k\u00e4ri sanoo englanniksi.<\/p>\n<p class=\"article-body mb-(--paragraph-margin-b) px-nof-16\">Kaksikko vied\u00e4\u00e4nkin sairaalaan, jossa heid\u00e4n oloaan valvotaan ja heit\u00e4 tutkitaan, sill\u00e4 myrkytysoireet eiv\u00e4t v\u00e4ltt\u00e4m\u00e4tt\u00e4 n\u00e4y heti.<\/p>\n<p class=\"article-body mb-(--paragraph-margin-b) px-nof-16\">\u2013\u2009Selviytyjist\u00e4 saa olla poissa 24 tuntia ilman, ett\u00e4 joutuu pois kilpailusta, <a class=\"font-bold underline-offset-[0.12em] [text-decoration:var(--person-link-text-decoration)] [text-decoration-color:var(--person-link-text-decoration-color)]!\" href=\"https:\/\/www.is.fi\/haku\/?query=Tommi%20Manninen\" rel=\"nofollow noopener\" target=\"_blank\">Tommi Manninen<\/a> sanoo muille.<\/p>\n<p class=\"article-body mb-(--paragraph-margin-b) px-nof-16\">Muiden iloksi Rannisto ja Kauppinen palaavat my\u00f6hemmin leiriin. Aiemmin kahdeksannella kaudella kisannut Rannisto kertoo, ett\u00e4 kyseess\u00e4 oli k\u00e4\u00e4rme.<\/p>\n<p class=\"article-body mb-(--paragraph-margin-b) px-nof-16\">\u2013\u2009Se saattoi olla my\u00f6s myrkyllinen k\u00e4\u00e4rme, mutta mit\u00e4\u00e4n myrkky\u00e4 ei meist\u00e4 ollut havaittavissa. Olemme k\u00e4\u00e4rmeveljeksi\u00e4 nyt Kasperin kanssa, Rannisto sanailee.<\/p>\n<p class=\"article-body mb-(--paragraph-margin-b) px-nof-16\">My\u00f6s vuonna 2019 niin sanotulla Tavikset vastaan julkkikset -kaudella n\u00e4hty Kauppinen toteaa, ett\u00e4 yhteinen sairaalareissu l\u00e4hensi h\u00e4nt\u00e4 ja Rannistoa kilpailussa.<\/p>\n<p class=\"article-body mb-(--paragraph-margin-b) px-nof-16\">Kabila \u00e4\u00e4nesti ensimm\u00e4isess\u00e4 jaksossa ulos <a class=\"font-bold underline-offset-[0.12em] [text-decoration:var(--person-link-text-decoration)] [text-decoration-color:var(--person-link-text-decoration-color)]!\" href=\"https:\/\/www.is.fi\/haku\/?query=Vivi%20Wahlstr%C3%B6min\" rel=\"nofollow noopener\" target=\"_blank\">Vivi Wahlstr\u00f6min<\/a>, joka oli pudonnut ensimm\u00e4isen\u00e4 my\u00f6s edellisell\u00e4 kaudella.<\/p>\n<p class=\"article-body mb-(--paragraph-margin-b) px-nof-16\">Muut Kabilan j\u00e4senet aiemmin mainittujen lis\u00e4ksi ovat <a class=\"font-bold underline-offset-[0.12em] [text-decoration:var(--person-link-text-decoration)] [text-decoration-color:var(--person-link-text-decoration-color)]!\" href=\"https:\/\/www.is.fi\/haku\/?query=Pinja%20Sanaksenaho\" rel=\"nofollow noopener\" target=\"_blank\">Pinja Sanaksenaho<\/a>, <a class=\"font-bold underline-offset-[0.12em] [text-decoration:var(--person-link-text-decoration)] [text-decoration-color:var(--person-link-text-decoration-color)]!\" href=\"https:\/\/www.is.fi\/haku\/?query=Linnea%20Vihonen\" rel=\"nofollow noopener\" target=\"_blank\">Linnea Vihonen<\/a> ja <a class=\"font-bold underline-offset-[0.12em] [text-decoration:var(--person-link-text-decoration)] [text-decoration-color:var(--person-link-text-decoration-color)]!\" href=\"https:\/\/www.is.fi\/haku\/?query=Heidi%20Suomi\" rel=\"nofollow noopener\" target=\"_blank\">Heidi Suomi<\/a>. Toisessa heimossa eli Ramaissa kisaavat <a class=\"font-bold underline-offset-[0.12em] [text-decoration:var(--person-link-text-decoration)] [text-decoration-color:var(--person-link-text-decoration-color)]!\" href=\"https:\/\/www.is.fi\/haku\/?query=Juhana%20Helmenkalastaja,%20Alma%20H%C3%A4t%C3%B6nen,%20Heikki%20Sorsa,%20Jon-Jon%20Geitel,%20Emmi%20Suuronen,%20Sabina%20S%C3%A4rkk%C3%A4,%20Ville%20L%C3%A5ng\" rel=\"nofollow noopener\" target=\"_blank\">Juhana Helmenkalastaja, Alma H\u00e4t\u00f6nen, Heikki Sorsa, Jon-Jon Geitel, Emmi Suuronen, Sabina S\u00e4rkk\u00e4, Ville L\u00e5ng<\/a> ja <a class=\"font-bold underline-offset-[0.12em] [text-decoration:var(--person-link-text-decoration)] [text-decoration-color:var(--person-link-text-decoration-color)]!\" href=\"https:\/\/www.is.fi\/haku\/?query=Kerttu%20Rissanen\" rel=\"nofollow noopener\" target=\"_blank\">Kerttu Rissanen<\/a>.<\/p>\n<p class=\"nof-ui-body-medium break-words mb-(--paragraph-margin-b) px-nof-16\">Ilta-Sanomat, Nelonen ja Ruutu kuuluvat samaan Sanoma-konserniin.<\/p>\n<p class=\"nof-ui-body-medium break-words mb-(--paragraph-margin-b) px-nof-16\">Selviytyj\u00e4t Suomi klo 19.30 sunnuntaisin 30.8. l\u00e4htien &amp; Ruutu+-palvelussa jaksot viikon etuk\u00e4teen.<\/p>\n","protected":false},"excerpt":{"rendered":"\u2013\u2009Her\u00e4sin siihen, ett\u00e4 sattui sikana, Selviytyj\u00e4t-kilpailija sanoo heimolaisilleen tulevassa jaksossa. Selviytyj\u00e4t Suomen tuoreella kaudella kilpailevat jo aiemmin ohjelmassa&hellip;\n","protected":false},"author":2,"featured_media":337717,"comment_status":"","ping_status":"","sticky":false,"template":"","format":"standard","meta":{"footnotes":"","_share_on_mastodon":"0"},"categories":[133],"tags":[137,33,31,30,34,32,206,156,109],"class_list":["post-337716","post","type-post","status-publish","format-standard","has-post-thumbnail","category-televisiot","tag-entertainment","tag-fi","tag-finland","tag-finnish","tag-ilta-sanomat","tag-suomi","tag-televisiot","tag-tv","tag-viihde"],"share_on_mastodon":{"url":"https:\/\/pubeurope.com\/@fi\/117188643650049070","error":""},"_links":{"self":[{"href":"https:\/\/www.europesays.com\/fi\/wp-json\/wp\/v2\/posts\/337716","targetHints":{"allow":["GET"]}}],"collection":[{"href":"https:\/\/www.europesays.com\/fi\/wp-json\/wp\/v2\/posts"}],"about":[{"href":"https:\/\/www.europesays.com\/fi\/wp-json\/wp\/v2\/types\/post"}],"author":[{"embeddable":true,"href":"https:\/\/www.europesays.com\/fi\/wp-json\/wp\/v2\/users\/2"}],"replies":[{"embeddable":true,"href":"https:\/\/www.europesays.com\/fi\/wp-json\/wp\/v2\/comments?post=337716"}],"version-history":[{"count":0,"href":"https:\/\/www.europesays.com\/fi\/wp-json\/wp\/v2\/posts\/337716\/revisions"}],"wp:featuredmedia":[{"embeddable":true,"href":"https:\/\/www.europesays.com\/fi\/wp-json\/wp\/v2\/media\/337717"}],"wp:attachment":[{"href":"https:\/\/www.europesays.com\/fi\/wp-json\/wp\/v2\/media?parent=337716"}],"wp:term":[{"taxonomy":"category","embeddable":true,"href":"https:\/\/www.europesays.com\/fi\/wp-json\/wp\/v2\/categories?post=337716"},{"taxonomy":"post_tag","embeddable":true,"href":"https:\/\/www.europesays.com\/fi\/wp-json\/wp\/v2\/tags?post=337716"}],"curies":[{"name":"wp","href":"https:\/\/api.w.org\/{rel}","templated":true}]}}