{"id":337722,"date":"2026-08-31T06:16:17","date_gmt":"2026-08-31T06:16:17","guid":{"rendered":"https:\/\/www.europesays.com\/fi\/337722\/"},"modified":"2026-08-31T06:16:17","modified_gmt":"2026-08-31T06:16:17","slug":"john-cleese-vastaa-miriam-margolyesin-haukkuihin-emme-olleet-koskaan-tavanneet-yhta-royhkeaa-ja-vulgaaria-ihmista","status":"publish","type":"post","link":"https:\/\/www.europesays.com\/fi\/337722\/","title":{"rendered":"John Cleese vastaa Miriam Margolyesin haukkuihin: &#8221;Emme olleet koskaan tavanneet yht\u00e4 r\u00f6yhke\u00e4\u00e4 ja vulgaaria ihmist\u00e4&#8221;"},"content":{"rendered":"<p class=\"wp-block-paragraph\">Suorapuheinen n\u00e4yttelij\u00e4 <strong>Miriam Margolyes<\/strong> on haukkunut monia kollegojaan. Muun muassa <strong>Steve Martin, Arnold Schwarzenegger <\/strong>ja<strong> John Cleese<\/strong> ovat joutuneet tulilinjalle.<\/p>\n<p class=\"wp-block-paragraph\">Margolyes tunsi Cleesen jo kouluaikana.<\/p>\n<p class=\"wp-block-paragraph\">\u201dJohn Cleese ja <strong>Graham Chapman<\/strong> olivat erityisen myrkyllisi\u00e4. Heid\u00e4n k\u00e4yt\u00f6ksens\u00e4 haavoitti minua valtavasti, eik\u00e4 minua kutsuttu juhlimaan muiden n\u00e4yttelij\u00f6iden kanssa esitysten loppua. Valitin ja menin juhliin, mutta en ole koskaan antaneet heille anteeksi\u201d, Margolyes sanoo.<\/p>\n<p class=\"wp-block-paragraph\">Cleese puolustautui sosiaalisessa mediassa, <a href=\"https:\/\/www.independent.co.uk\/arts-entertainment\/tv\/news\/john-cleese-miriam-margolyes-feud-reason-cambridge-b3041398.html\" rel=\"nofollow noopener\" target=\"_blank\">Independent<\/a> uutisoi.<\/p>\n<p class=\"wp-block-paragraph\">\u201dUseat meist\u00e4, melko tukahdutetut ja sosiaalisesti oppimattomat alemman yhteiskuntaluokan pojat, eiv\u00e4t koskaan olleet tavanneet yht\u00e4 r\u00f6yhke\u00e4\u00e4 ja vulgaaria ihmist\u00e4. Emme olleet mit\u00e4\u00e4n h\u00e4nen rinnallaan\u201d, Cleese sanoo.<\/p>\n<p class=\"wp-block-paragraph\">\u201dEmme kiusanneet tai mit\u00e4\u00e4n, pysyimme vain poissa h\u00e4nen tielt\u00e4\u00e4n. Vastik\u00e4\u00e4n Miriam syytti my\u00f6s <strong>Bill Oddieta<\/strong> huonosta k\u00e4yt\u00f6ksest\u00e4.  H\u00e4n ei ollut edes n\u00e4ytelm\u00e4ss\u00e4 sin\u00e4 vuonna. 64 vuotta sitten. Kuinka aika kulkee\u2026\u201d<\/p>\n<p>Lue my\u00f6s: <a href=\"https:\/\/www.episodi.fi\/uutiset\/miriam-margolyes-syyttaa-steve-martinia-vakivallasta-pienen-kauhukaupan-kuvauksissa\/\" title=\"Miriam Margolyes syytt\u00e4\u00e4 Steve Martinia v\u00e4kivallasta Pienen kauhukaupan kuvauksissa\" class=\"underline-custom !font-heading !font-bold !underline-offset-4 !decoration-4 !decoration-accent !text-md\" rel=\"nofollow noopener\" target=\"_blank\">Miriam Margolyes syytt\u00e4\u00e4 Steve Martinia v\u00e4kivallasta Pienen kauhukaupan kuvauksissa<\/a><\/p>\n<p>Lue my\u00f6s: <a href=\"https:\/\/www.episodi.fi\/uutiset\/harry-potter-nayttelija-miriam-margolyes-aikuisista-potter-faneista-kasvakaa-jo-aikuisiksi-se-on-tarkoitettu-lapsille\/\" title=\"Harry Potter -n\u00e4yttelij\u00e4 Miriam Margolyes aikuisista Potter-faneista: \u201dKasvakaa jo aikuisiksi, se on tarkoitettu lapsille.\u201d\" class=\"underline-custom !font-heading !font-bold !underline-offset-4 !decoration-4 !decoration-accent !text-md\" rel=\"nofollow noopener\" target=\"_blank\">Harry Potter -n\u00e4yttelij\u00e4 Miriam Margolyes aikuisista Potter-faneista: \u201dKasvakaa jo aikuisiksi, se on tarkoitettu lapsille.\u201d<\/a><\/p>\n<p>Lue my\u00f6s: <a href=\"https:\/\/www.episodi.fi\/uutiset\/miriam-margoyles-ei-anna-schwarzeneggerille-anteeksi-iso-arska-vaansi-leijat-nayttelijattaren-naamalle\/\" title=\"Miriam Margoyles ei anna Schwarzeneggerille anteeksi \u2013 Iso-Arska v\u00e4\u00e4nsi leijat n\u00e4yttelij\u00e4tt\u00e4ren naamalle\" class=\"underline-custom !font-heading !font-bold !underline-offset-4 !decoration-4 !decoration-accent !text-md\" rel=\"nofollow noopener\" target=\"_blank\">Miriam Margoyles ei anna Schwarzeneggerille anteeksi \u2013 Iso-Arska v\u00e4\u00e4nsi leijat n\u00e4yttelij\u00e4tt\u00e4ren naamalle<\/a><\/p>\n","protected":false},"excerpt":{"rendered":"Suorapuheinen n\u00e4yttelij\u00e4 Miriam Margolyes on haukkunut monia kollegojaan. Muun muassa Steve Martin, Arnold Schwarzenegger ja John Cleese ovat&hellip;\n","protected":false},"author":2,"featured_media":337723,"comment_status":"","ping_status":"","sticky":false,"template":"","format":"standard","meta":{"footnotes":"","_share_on_mastodon":"0"},"categories":[130],"tags":[137,33,31,30,6302,38915,6783,32,109],"class_list":["post-337722","post","type-post","status-publish","format-standard","has-post-thumbnail","category-viihde","tag-entertainment","tag-fi","tag-finland","tag-finnish","tag-ignostot","tag-john-cleese","tag-miriam-margolyes","tag-suomi","tag-viihde"],"share_on_mastodon":{"url":"https:\/\/pubeurope.com\/@fi\/117188662749096264","error":""},"_links":{"self":[{"href":"https:\/\/www.europesays.com\/fi\/wp-json\/wp\/v2\/posts\/337722","targetHints":{"allow":["GET"]}}],"collection":[{"href":"https:\/\/www.europesays.com\/fi\/wp-json\/wp\/v2\/posts"}],"about":[{"href":"https:\/\/www.europesays.com\/fi\/wp-json\/wp\/v2\/types\/post"}],"author":[{"embeddable":true,"href":"https:\/\/www.europesays.com\/fi\/wp-json\/wp\/v2\/users\/2"}],"replies":[{"embeddable":true,"href":"https:\/\/www.europesays.com\/fi\/wp-json\/wp\/v2\/comments?post=337722"}],"version-history":[{"count":0,"href":"https:\/\/www.europesays.com\/fi\/wp-json\/wp\/v2\/posts\/337722\/revisions"}],"wp:featuredmedia":[{"embeddable":true,"href":"https:\/\/www.europesays.com\/fi\/wp-json\/wp\/v2\/media\/337723"}],"wp:attachment":[{"href":"https:\/\/www.europesays.com\/fi\/wp-json\/wp\/v2\/media?parent=337722"}],"wp:term":[{"taxonomy":"category","embeddable":true,"href":"https:\/\/www.europesays.com\/fi\/wp-json\/wp\/v2\/categories?post=337722"},{"taxonomy":"post_tag","embeddable":true,"href":"https:\/\/www.europesays.com\/fi\/wp-json\/wp\/v2\/tags?post=337722"}],"curies":[{"name":"wp","href":"https:\/\/api.w.org\/{rel}","templated":true}]}}