{"id":337726,"date":"2026-08-31T06:20:08","date_gmt":"2026-08-31T06:20:08","guid":{"rendered":"https:\/\/www.europesays.com\/fi\/337726\/"},"modified":"2026-08-31T06:20:08","modified_gmt":"2026-08-31T06:20:08","slug":"suomessa-vain-2772-katsojaa-kerannyt-elokuva-oli-hbo-maxin-suosituin-melkein-koko-elokuun-ajan","status":"publish","type":"post","link":"https:\/\/www.europesays.com\/fi\/337726\/","title":{"rendered":"Suomessa vain 2772 katsojaa ker\u00e4nnyt elokuva oli HBO Maxin suosituin melkein koko elokuun ajan"},"content":{"rendered":"<p>Greenland 2: Migration saapui HBO Maxiin hein\u00e4kuun lopulla ja onnistui pysyttelem\u00e4\u00e4n l\u00e4hes koko elokuun ajan palvelun katsotuimpana elokuvana.<\/p>\n<p>Alkuvuodesta ensi-iltansa saanut <a href=\"https:\/\/muropaketti.com\/avainsana\/greenland-2-migration\/\" rel=\"nofollow noopener\" target=\"_blank\">Greenland 2: Migration<\/a> ker\u00e4si Suomen teattereissa vaivaiset 2772 katsojaa, mutta HBO Maxin my\u00f6t\u00e4 silm\u00e4parien m\u00e4\u00e4r\u00e4 on oletettavasti moninkertaistunut. <\/p>\n<p>Tarkkoja katsojam\u00e4\u00e4ri\u00e4 ei tiedet\u00e4, sill\u00e4 HBO Max ei niist\u00e4 pukahda.<\/p>\n<p>Gerard Butlerin seikkailu maailmanlopun j\u00e4lkeisess\u00e4 maailmassa onnistui pysym\u00e4\u00e4n HBO Maxin TOP 10 -listan k\u00e4rjess\u00e4 melkein koko elokuun ajan, mutta viikonloppuna tie nousi lopulta pystyyn. Ruotsalaistrilleri Tohtori Glas (Doctor Glas, 2026) ja komedia The Trouble with Jessica (2023) loikkasivat Greenland 2:n edelle, ja kestohitti joutui tyytym\u00e4\u00e4n en\u00e4\u00e4 kolmanteen sijaan.<\/p>\n<p>Uuden viikon alkaessa HBO Maxin elokuvapuolen TOP 10 n\u00e4ytt\u00e4\u00e4 t\u00e4lt\u00e4:<\/p>\n<ol class=\"wp-block-list\">\n<li>Tohtori Glas <\/li>\n<li>The Trouble with Jessica <\/li>\n<li>Greenland 2: Migration <\/li>\n<li>Stand Your Ground <\/li>\n<li>Legend <\/li>\n<li>Anyone But You<\/li>\n<li>Mortal Kombat 2 <\/li>\n<li>Kalevala: Kullervon tarina <\/li>\n<li>The Silent Hour <\/li>\n<li>Green Lantern<\/li>\n<\/ol>\n<p>Ric Roman Waughin ohjaamassa\u00a0Greenland 2: Migrationissa\u00a0maailmanlopusta selvinnyt Garrityn perhe joutuu j\u00e4tt\u00e4m\u00e4\u00e4n Gr\u00f6nlannin bunkkerin ja sen antaman turvan ja l\u00e4hte\u00e4 vaaralliselle matkalle halki tuhotun, j\u00e4\u00e4tik\u00f6ityneen Euroopan er\u00e4maan etsi\u00e4kseen uuden kodin.<\/p>\n<p>Ensimm\u00e4inen Greenland (2020) l\u00f6ytyy suoratoistona Prime Videosta, Viaplaysta, MTV Katsomosta ja HBO Maxista..<\/p>\n","protected":false},"excerpt":{"rendered":"Greenland 2: Migration saapui HBO Maxiin hein\u00e4kuun lopulla ja onnistui pysyttelem\u00e4\u00e4n l\u00e4hes koko elokuun ajan palvelun katsotuimpana elokuvana.&hellip;\n","protected":false},"author":2,"featured_media":337727,"comment_status":"","ping_status":"","sticky":false,"template":"","format":"standard","meta":{"footnotes":"","_share_on_mastodon":"0"},"categories":[14],"tags":[22,23,26,27,33,31,30,11740,11686,280,17,24,25,28,29,15,18,21,32,19,20,56,16,59,60,61],"class_list":["post-337726","post","type-post","status-publish","format-standard","has-post-thumbnail","category-ulkomaat","tag-breaking-news","tag-breakingnews","tag-featured-news","tag-featurednews","tag-fi","tag-finland","tag-finnish","tag-greenland","tag-greenland-2-migration","tag-hbo-max","tag-headlines","tag-latest-news","tag-latestnews","tag-main-news","tag-mainnews","tag-news","tag-otsikot","tag-paauutiset","tag-suomi","tag-top-stories","tag-topstories","tag-ulkomaat","tag-uutiset","tag-world","tag-world-news","tag-worldnews"],"share_on_mastodon":{"url":"https:\/\/pubeurope.com\/@fi\/117188678582640480","error":""},"_links":{"self":[{"href":"https:\/\/www.europesays.com\/fi\/wp-json\/wp\/v2\/posts\/337726","targetHints":{"allow":["GET"]}}],"collection":[{"href":"https:\/\/www.europesays.com\/fi\/wp-json\/wp\/v2\/posts"}],"about":[{"href":"https:\/\/www.europesays.com\/fi\/wp-json\/wp\/v2\/types\/post"}],"author":[{"embeddable":true,"href":"https:\/\/www.europesays.com\/fi\/wp-json\/wp\/v2\/users\/2"}],"replies":[{"embeddable":true,"href":"https:\/\/www.europesays.com\/fi\/wp-json\/wp\/v2\/comments?post=337726"}],"version-history":[{"count":0,"href":"https:\/\/www.europesays.com\/fi\/wp-json\/wp\/v2\/posts\/337726\/revisions"}],"wp:featuredmedia":[{"embeddable":true,"href":"https:\/\/www.europesays.com\/fi\/wp-json\/wp\/v2\/media\/337727"}],"wp:attachment":[{"href":"https:\/\/www.europesays.com\/fi\/wp-json\/wp\/v2\/media?parent=337726"}],"wp:term":[{"taxonomy":"category","embeddable":true,"href":"https:\/\/www.europesays.com\/fi\/wp-json\/wp\/v2\/categories?post=337726"},{"taxonomy":"post_tag","embeddable":true,"href":"https:\/\/www.europesays.com\/fi\/wp-json\/wp\/v2\/tags?post=337726"}],"curies":[{"name":"wp","href":"https:\/\/api.w.org\/{rel}","templated":true}]}}