{"id":337748,"date":"2026-08-31T07:03:12","date_gmt":"2026-08-31T07:03:12","guid":{"rendered":"https:\/\/www.europesays.com\/fi\/337748\/"},"modified":"2026-08-31T07:03:12","modified_gmt":"2026-08-31T07:03:12","slug":"selviytyjat-putoajalta-suorat-sanat-kanssakilpailijoiden-tempusta-pikkumaista-ja-jopa-vahan-kiusaamista-mtvuutiset-fi","status":"publish","type":"post","link":"https:\/\/www.europesays.com\/fi\/337748\/","title":{"rendered":"Selviytyj\u00e4t-putoajalta suorat sanat kanssakilpailijoiden tempusta: &quot;Pikkumaista ja jopa v\u00e4h\u00e4n kiusaamista&quot; &#8211; mtvuutiset.fi"},"content":{"rendered":"<ol>\n<li><a href=\"https:\/\/news.google.com\/rss\/articles\/CBMi4AFBVV95cUxPSjhDT2drQ204UlhlMnRJYklvWnpqbWhKeVBxejVSZnRodkJYZmxtcktaeVMzeDVYdzZJc0xPOXNHSElIdjFWeWM0WEVWVUl5SmRYb3RPLWpTaEVDQ0JIMl9tM0FiZmZBNWNVWWQ4eVZzbktobFRodjNtOC0waklXUU9uTDJteDZSWUpzVkZMLXlQV0NPU3JnSTlwOWJoUkF3cnljWFdNeWo5cEtuUEVHUTEydFg5ZklIS2xEaGg5Q1ZEeUdJc0NzdkxLYWxoZ3k3TE5YejdEUWw4OTU5dXlNZg?oc=5\" target=\"_blank\" rel=\"nofollow noopener\">Selviytyj\u00e4t-putoajalta suorat sanat kanssakilpailijoiden tempusta: &#8221;Pikkumaista ja jopa v\u00e4h\u00e4n kiusaamista&#8221;<\/a>&nbsp;&nbsp;mtvuutiset.fi<\/li>\n<li><a href=\"https:\/\/news.google.com\/rss\/articles\/CBMiZkFVX3lxTE1WTDhpU0RjRHpGYjZYcW9ZcENUSlVzNE1JeGxRTEV1MDBQSVUxUkVYZkh4T21aaERaN2JuYW5rUW8yMjN6dG5pNkl6X1ZtQjlTalYwWVZYV003NXZqMWpMc09NbkF0UQ?oc=5\" target=\"_blank\" rel=\"nofollow noopener\">Historiallinen pudotus j\u00e4rkytti Selviytyj\u00e4t Suomessa: \u201dPahin painajaiseni\u201d<\/a>&nbsp;&nbsp;Ilta-Sanomat<\/li>\n<li><a href=\"https:\/\/news.google.com\/rss\/articles\/CBMiggFBVV95cUxQSnFvMjlqQ3ZYNkplQk9QVWFhbWpVcmZGYy1EMVhqX2JyMXZiSkRvZXdtZ0JGYlBVWVViVEhhMHZHVVUtZG9fb0w3UVRoTFduUFNHcU9fa3BvSXBYRmhXT1dIMy04T1Ytc3BfSTJha2dxaC1ZSW05azFEN0xjRVA5dWh3?oc=5\" target=\"_blank\" rel=\"nofollow noopener\">H\u00e4n putosi ensimm\u00e4isen\u00e4 Selviytyjist\u00e4: \u201dT\u00e4m\u00e4 oli pahin painajaiseni\u201d<\/a>&nbsp;&nbsp;Iltalehti<\/li>\n<li><a href=\"https:\/\/news.google.com\/rss\/articles\/CBMiowFBVV95cUxQX3lkdE81RG1JT3Rrcy0zUDUxMHFabHVleHdVMWZRMXp2TndRdDRZdEh5bEZGNnQzVGM1dnFrRnVGZlJpWEtTVTZGTElJeThEa0kzd2hrbTIzZVExdjRWSWF6N09PaEZaMlE5djE3YlpnV0x6SlZMbW5KNGJEbGxkVFcyRnFSak1Bd25fWkZYWTdHX1ZXTzVvdUtVcU5waDRnVUhZ?oc=5\" target=\"_blank\" rel=\"nofollow noopener\">Selviytyj\u00e4t-Kasperi punoi julman juonen \u2013 karkotettu romahti t\u00e4ysin<\/a>&nbsp;&nbsp;Seiska.fi<\/li>\n<li><a href=\"https:\/\/news.google.com\/rss\/articles\/CBMiwgFBVV95cUxOelZ2ekl0R2x0bldXemZuS3BEUDRhX1BWRmZRZkFIdWp1MGdTZzlJa0lQbnJjMVlkSGhwVHBCM3NnNXZCUjR2OTV3RGRwSDR0bVdqWW5JM1d1Q2UyZ2hoTkdCbTIwaV9YN3hTTkdxUkJKQ3hDam1BcHpFc01YRWlROVFHV080LTFMMXhKY0pXbmRUNTlVbjdMYWljLU1lajg5UjRMUnV4eEhiLUVWM3VJSzVDUzhwSUc1Zkt0VG13cUk4Zw?oc=5\" target=\"_blank\" rel=\"nofollow noopener\">Selviytyj\u00e4t kisaajat kismitt\u00e4v\u00e4t &#8211; Etenkin yksi saa tyly\u00e4 teksti\u00e4: &#8221;Miksi h\u00e4n \u00e4nkee joka ohjelmaan?&#8221;<\/a>&nbsp;&nbsp;Suomi24<\/li>\n<\/ol>\n","protected":false},"excerpt":{"rendered":"Selviytyj\u00e4t-putoajalta suorat sanat kanssakilpailijoiden tempusta: &#8221;Pikkumaista ja jopa v\u00e4h\u00e4n kiusaamista&#8221;&nbsp;&nbsp;mtvuutiset.fi Historiallinen pudotus j\u00e4rkytti Selviytyj\u00e4t Suomessa: \u201dPahin painajaiseni\u201d&nbsp;&nbsp;Ilta-Sanomat H\u00e4n&hellip;\n","protected":false},"author":2,"featured_media":337749,"comment_status":"","ping_status":"","sticky":false,"template":"","format":"standard","meta":{"footnotes":"","_share_on_mastodon":"0"},"categories":[133],"tags":[137,33,31,30,32,206,156,109],"class_list":["post-337748","post","type-post","status-publish","format-standard","has-post-thumbnail","category-televisiot","tag-entertainment","tag-fi","tag-finland","tag-finnish","tag-suomi","tag-televisiot","tag-tv","tag-viihde"],"share_on_mastodon":{"url":"https:\/\/pubeurope.com\/@fi\/117188847488393911","error":""},"_links":{"self":[{"href":"https:\/\/www.europesays.com\/fi\/wp-json\/wp\/v2\/posts\/337748","targetHints":{"allow":["GET"]}}],"collection":[{"href":"https:\/\/www.europesays.com\/fi\/wp-json\/wp\/v2\/posts"}],"about":[{"href":"https:\/\/www.europesays.com\/fi\/wp-json\/wp\/v2\/types\/post"}],"author":[{"embeddable":true,"href":"https:\/\/www.europesays.com\/fi\/wp-json\/wp\/v2\/users\/2"}],"replies":[{"embeddable":true,"href":"https:\/\/www.europesays.com\/fi\/wp-json\/wp\/v2\/comments?post=337748"}],"version-history":[{"count":0,"href":"https:\/\/www.europesays.com\/fi\/wp-json\/wp\/v2\/posts\/337748\/revisions"}],"wp:featuredmedia":[{"embeddable":true,"href":"https:\/\/www.europesays.com\/fi\/wp-json\/wp\/v2\/media\/337749"}],"wp:attachment":[{"href":"https:\/\/www.europesays.com\/fi\/wp-json\/wp\/v2\/media?parent=337748"}],"wp:term":[{"taxonomy":"category","embeddable":true,"href":"https:\/\/www.europesays.com\/fi\/wp-json\/wp\/v2\/categories?post=337748"},{"taxonomy":"post_tag","embeddable":true,"href":"https:\/\/www.europesays.com\/fi\/wp-json\/wp\/v2\/tags?post=337748"}],"curies":[{"name":"wp","href":"https:\/\/api.w.org\/{rel}","templated":true}]}}