{"id":33777,"date":"2025-09-13T12:39:14","date_gmt":"2025-09-13T12:39:14","guid":{"rendered":"https:\/\/www.europesays.com\/fi\/33777\/"},"modified":"2025-09-13T12:39:14","modified_gmt":"2025-09-13T12:39:14","slug":"lukukuntoon-haaste-lisasi-lukuintoa-ja-yhteisollisyytta-oulun-suomalaisen-yhteiskoulun-lukiossa-mun-oulu","status":"publish","type":"post","link":"https:\/\/www.europesays.com\/fi\/33777\/","title":{"rendered":"Lukukuntoon-haaste lis\u00e4si lukuintoa ja yhteis\u00f6llisyytt\u00e4 Oulun Suomalaisen Yhteiskoulun lukiossa \u2013 Mun Oulu"},"content":{"rendered":"<p>Lukukuntoon-haasteen my\u00f6t\u00e4 lukiolla on innostuttu her\u00e4ttelem\u00e4\u00e4n aiemmin tauolle j\u00e4\u00e4nytt\u00e4 Silent Book Club OSYK -toimintaa.<\/p>\n<p>\u201cKyseess\u00e4 on matalan kynnyksen lukuhetki, rauhallinen tauko, jota ty\u00f6p\u00e4iv\u00e4n lomassa kaipaa\u201d, Kuuluvainen kuvailee. Silent Book Clubiin saa osallistua valitsemallaan kirjalla ja keskitty\u00e4 lukemaan omassa rauhassa \u2013 kuitenkin samassa tilassa yhdess\u00e4 muiden kanssa.<\/p>\n<p>Yhteis\u00f6llisen lukemisen malli kannustaa<\/p>\n<p>Lukemista rummutettiin OSYK:lla koko Lukukuntoon-tempauksen ajan ja haasteeseen osallistuneiden kesken arvottiin WSOY:n lahjoittamat kirjapalkinnot.<\/p>\n<p>\u201dHaaste oli paljon esill\u00e4 koulun arjessa ja sai n\u00e4kyvyytt\u00e4 esimerkiksi koulun Instagram-tilill\u00e4. Uskon, ett\u00e4 se on lis\u00e4nnyt lukuintoa varmasti my\u00f6s sellaisten opiskelijoiden keskuudessa, jotka eiv\u00e4t vapaa-ajallaan helposti tartu kirjaan\u201d, Kuuluvainen iloitsee.<\/p>\n<p>Lukiokuraattori uskoo yhdess\u00e4 lukemisen yhteis\u00f6llisyytt\u00e4 lis\u00e4\u00e4v\u00e4\u00e4n voimaan.<\/p>\n<p>\u201dT\u00e4llainen yhteinen juttu on aina hyv\u00e4 yhteis\u00f6llisyytt\u00e4 edist\u00e4v\u00e4 asia ja innostaa tempaisemaan, vaikka yhteisen lukupiirin tai kirjavinkkauksia.\u201d<\/p>\n<p>Kuuluvainen haluaa kannustaa kaikkia yhteis\u00f6j\u00e4 tarttumaan Lukukuntoon-haasteeseen.<\/p>\n<p>\u201dVoisin mieluusti haastaa ne Oulun lukiot, jotka eiv\u00e4t ole viel\u00e4 haasteeseen tarttuneet! T\u00e4m\u00e4n haasteen tavoite on hurjan t\u00e4rke\u00e4. Kirjan \u00e4\u00e4reen rauhoittuminen ei ole aina aivan helppoa, ja minusta on hienoa, ett\u00e4 t\u00e4ss\u00e4 haasteessa tsempattiin juuri lukukunnon parantamista\u201d, Kuuluvainen summaa-<\/p>\n<p>Lukukuntoon-haaste on osa Euroopan lukevin kulttuurip\u00e4\u00e4kaupunki -ohjelmaa, joka tukee oululaisten monilukutaitoja. Oulun kaupungin tavoitteena on olla Euroopan lukevin kulttuurip\u00e4\u00e4kaupunki vuonna 2026. Kohti yhteist\u00e4 p\u00e4\u00e4m\u00e4\u00e4r\u00e4\u00e4 matkataan Lukevin kaupunni -kampanjan avulla.<\/p>\n<p>\u00a0<\/p>\n","protected":false},"excerpt":{"rendered":"Lukukuntoon-haasteen my\u00f6t\u00e4 lukiolla on innostuttu her\u00e4ttelem\u00e4\u00e4n aiemmin tauolle j\u00e4\u00e4nytt\u00e4 Silent Book Club OSYK -toimintaa. \u201cKyseess\u00e4 on matalan kynnyksen&hellip;\n","protected":false},"author":2,"featured_media":33778,"comment_status":"","ping_status":"","sticky":false,"template":"","format":"standard","meta":{"footnotes":""},"categories":[134],"tags":[377,137,33,31,30,378,32,109],"class_list":{"0":"post-33777","1":"post","2":"type-post","3":"status-publish","4":"format-standard","5":"has-post-thumbnail","7":"category-kirjat","8":"tag-books","9":"tag-entertainment","10":"tag-fi","11":"tag-finland","12":"tag-finnish","13":"tag-kirjat","14":"tag-suomi","15":"tag-viihde"},"share_on_mastodon":{"url":"","error":""},"_links":{"self":[{"href":"https:\/\/www.europesays.com\/fi\/wp-json\/wp\/v2\/posts\/33777","targetHints":{"allow":["GET"]}}],"collection":[{"href":"https:\/\/www.europesays.com\/fi\/wp-json\/wp\/v2\/posts"}],"about":[{"href":"https:\/\/www.europesays.com\/fi\/wp-json\/wp\/v2\/types\/post"}],"author":[{"embeddable":true,"href":"https:\/\/www.europesays.com\/fi\/wp-json\/wp\/v2\/users\/2"}],"replies":[{"embeddable":true,"href":"https:\/\/www.europesays.com\/fi\/wp-json\/wp\/v2\/comments?post=33777"}],"version-history":[{"count":0,"href":"https:\/\/www.europesays.com\/fi\/wp-json\/wp\/v2\/posts\/33777\/revisions"}],"wp:featuredmedia":[{"embeddable":true,"href":"https:\/\/www.europesays.com\/fi\/wp-json\/wp\/v2\/media\/33778"}],"wp:attachment":[{"href":"https:\/\/www.europesays.com\/fi\/wp-json\/wp\/v2\/media?parent=33777"}],"wp:term":[{"taxonomy":"category","embeddable":true,"href":"https:\/\/www.europesays.com\/fi\/wp-json\/wp\/v2\/categories?post=33777"},{"taxonomy":"post_tag","embeddable":true,"href":"https:\/\/www.europesays.com\/fi\/wp-json\/wp\/v2\/tags?post=33777"}],"curies":[{"name":"wp","href":"https:\/\/api.w.org\/{rel}","templated":true}]}}